{"id":45029,"date":"2018-03-26T12:34:34","date_gmt":"2018-03-26T15:34:34","guid":{"rendered":"http:\/\/www.simepe.com.br\/novo\/?p=45029"},"modified":"2018-03-26T12:34:34","modified_gmt":"2018-03-26T15:34:34","slug":"quase-4-500-casos-de-conjuntivite-foram-atendidos-em-janeiro-no-altino-ventura","status":"publish","type":"post","link":"https:\/\/www.simepe.com.br\/novo\/quase-4-500-casos-de-conjuntivite-foram-atendidos-em-janeiro-no-altino-ventura\/","title":{"rendered":"Quase 4.500 casos de conjuntivite foram atendidos em janeiro no Altino Ventura"},"content":{"rendered":"<p style=\"text-align: justify;\">&#8221;De acordo com a an\u00e1lise trimestral que a gente fez, tivemos 4.846 casos de conjuntivite. No mesmo per\u00edodo em 2017, o n\u00famero foi de 909 casos&#8221;, afirmou oftalmologista Vasco Bravo Filho<\/p>\n<p style=\"text-align: justify;\">Foi realizada na manh\u00e3 desta segunda-feira (26), na Funda\u00e7\u00e3o Altino Ventura, localizada no bairro da Boa Vista, Regi\u00e3o Central do Recife, uma coletiva de imprensa para falar sobre a repercuss\u00e3o do aumento do n\u00famero de casos de conjuntivite em Pernambuco. Segundo o oftalmologista Vasco Bravo Filho, em 2018, o n\u00famero de casos subiu bastante. &#8220;De acordo com a an\u00e1lise trimestral que a gente fez, tivemos 4.846 casos de conjuntivite. No mesmo per\u00edodo em 2017, o n\u00famero foi de 909 casos&#8221;, afirmou.<\/p>\n<p style=\"text-align: justify;\">Vasco ainda apresenta o esquema de atendimento, em meio ao aumento de n\u00fameros de casos, na \u00fanica emerg\u00eancia oftalmol\u00f3gica p\u00fablica do Nordeste. &#8220;A gente tem tentado ajudar ao m\u00e1ximo atender o maior parte da popula\u00e7\u00e3o, mas estamos em um situa\u00e7\u00e3o bem complicada, porque realmente h\u00e1 uma sobrecarga n\u00e3o s\u00f3 de conjuntivite, mas de casos gerais&#8221;, afirma. &#8220;H\u00e1 um aumento todo ano ap\u00f3s o Carnaval, ap\u00f3s voltas \u00e0s aulas, que \u00e9 quando a gente tem mais aglomera\u00e7\u00e3o de pessoas, de alunos&#8221;, acrescentou.<\/p>\n<p style=\"text-align: justify;\">Segundo a Secretaria Estadual de Sa\u00fade (SES), uma das unidades de refer\u00eancia em atendimento oftalmol\u00f3gico registrou um aumento de 351% no n\u00famero de ocorr\u00eancias dos tr\u00eas primeiros meses do ano, em compara\u00e7\u00e3o com o mesmo per\u00edodo de 2017. O \u00f3rg\u00e3o n\u00e3o informou os poss\u00edveis motivos do aumento, porque a notifica\u00e7\u00e3o da doen\u00e7a n\u00e3o \u00e9 compuls\u00f3ria. Agora, o Estado busca saber se outras unidades de sa\u00fade tamb\u00e9m registraram mudan\u00e7a no n\u00famero de atendimentos.<\/p>\n<p style=\"text-align: justify;\">O m\u00e9dico Vasco Bravo Filho ainda conta sobre os cuidados com mensagens relatando um surto no estado. &#8220;A gente tem que ter cuidado com algumas mensagens que circulam mo Whatsapp, mas realmente houve um aumento nos casos de conjuntivite&#8221;, alertou.<\/p>\n<p style=\"text-align: justify;\"><strong>Cuidados<\/strong><\/p>\n<p style=\"text-align: justify;\">\nOs sintomas de conjuntivite incluem, al\u00e9m da coceira e vermelhid\u00e3o, sensa\u00e7\u00e3o de desconforto nos olhos, secre\u00e7\u00e3o purulenta ou esbranqui\u00e7ada, p\u00e1lpebras grudadas ao despertar, fotofobia e sensa\u00e7\u00e3o de areia ou ciscos nos olhos. Em geral, a conjuntivite acomete os dois olhos, podendo durar de uma semana a 15 dias.<\/p>\n<p style=\"text-align: justify;\">&#8220;A maioria dos casos \u00e9 de conjuntivite viral e que normalmente s\u00e3o quadros altos ilimitados, que com col\u00edrios lubrificantes e com cuidados de higiene j\u00e1 se resolvem. Algumas vezes, a doen\u00e7a acaba tendo o que a gente chama de conjuntivite secund\u00e1ria, e a\u00ed tamb\u00e9m come\u00e7a a aparecer conjuntivite bacteriana e precisa de um tratamento com antibi\u00f3tico. Mas esse s\u00e3o casos limitados&#8221;, explica o m\u00e9dico.<\/p>\n<p style=\"text-align: justify;\">A transmiss\u00e3o ocorre pelo contato direto com secre\u00e7\u00f5es de pessoas infectadas e pela forma indireta, na qual o cont\u00e1gio ocorre por meio de objetos, superf\u00edcies e instrumentos contaminados. Por isso, alguns cuidados devem ser tomados. Lavar as m\u00e3os, evitar co\u00e7ar os olhos e n\u00e3o utilizar objetos de uso geral de pessoas infectadas s\u00e3o algumas das recomenda\u00e7\u00f5es dos especialistas.<\/p>\n<p style=\"text-align: justify;\">\n<p style=\"text-align: justify;\">Fonte: Jornal do Commercio<\/p>\n","protected":false},"excerpt":{"rendered":"<p>&#8221;De acordo com a an\u00e1lise trimestral que a gente fez, tivemos 4.846 casos de conjuntivite. No mesmo per\u00edodo em 2017, o n\u00famero foi de 909 casos&#8221;, afirmou oftalmologista Vasco Bravo Filho Foi realizada na manh\u00e3 desta segunda-feira (26), na Funda\u00e7\u00e3o Altino Ventura, localizada no bairro da Boa Vista, Regi\u00e3o Central do Recife, uma coletiva de [&hellip;]<\/p>\n","protected":false},"author":1,"featured_media":0,"comment_status":"open","ping_status":"open","sticky":false,"template":"","format":"standard","meta":{"ocean_post_layout":"","ocean_both_sidebars_style":"","ocean_both_sidebars_content_width":0,"ocean_both_sidebars_sidebars_width":0,"ocean_sidebar":"","ocean_second_sidebar":"","ocean_disable_margins":"enable","ocean_add_body_class":"","ocean_shortcode_before_top_bar":"","ocean_shortcode_after_top_bar":"","ocean_shortcode_before_header":"","ocean_shortcode_after_header":"","ocean_has_shortcode":"","ocean_shortcode_after_title":"","ocean_shortcode_before_footer_widgets":"","ocean_shortcode_after_footer_widgets":"","ocean_shortcode_before_footer_bottom":"","ocean_shortcode_after_footer_bottom":"","ocean_display_top_bar":"default","ocean_display_header":"default","ocean_header_style":"","ocean_center_header_left_menu":"","ocean_custom_header_template":"","ocean_custom_logo":0,"ocean_custom_retina_logo":0,"ocean_custom_logo_max_width":0,"ocean_custom_logo_tablet_max_width":0,"ocean_custom_logo_mobile_max_width":0,"ocean_custom_logo_max_height":0,"ocean_custom_logo_tablet_max_height":0,"ocean_custom_logo_mobile_max_height":0,"ocean_header_custom_menu":"","ocean_menu_typo_font_family":"","ocean_menu_typo_font_subset":"","ocean_menu_typo_font_size":0,"ocean_menu_typo_font_size_tablet":0,"ocean_menu_typo_font_size_mobile":0,"ocean_menu_typo_font_size_unit":"px","ocean_menu_typo_font_weight":"","ocean_menu_typo_font_weight_tablet":"","ocean_menu_typo_font_weight_mobile":"","ocean_menu_typo_transform":"","ocean_menu_typo_transform_tablet":"","ocean_menu_typo_transform_mobile":"","ocean_menu_typo_line_height":0,"ocean_menu_typo_line_height_tablet":0,"ocean_menu_typo_line_height_mobile":0,"ocean_menu_typo_line_height_unit":"","ocean_menu_typo_spacing":0,"ocean_menu_typo_spacing_tablet":0,"ocean_menu_typo_spacing_mobile":0,"ocean_menu_typo_spacing_unit":"","ocean_menu_link_color":"","ocean_menu_link_color_hover":"","ocean_menu_link_color_active":"","ocean_menu_link_background":"","ocean_menu_link_hover_background":"","ocean_menu_link_active_background":"","ocean_menu_social_links_bg":"","ocean_menu_social_hover_links_bg":"","ocean_menu_social_links_color":"","ocean_menu_social_hover_links_color":"","ocean_disable_title":"default","ocean_disable_heading":"default","ocean_post_title":"","ocean_post_subheading":"","ocean_post_title_style":"","ocean_post_title_background_color":"","ocean_post_title_background":0,"ocean_post_title_bg_image_position":"","ocean_post_title_bg_image_attachment":"","ocean_post_title_bg_image_repeat":"","ocean_post_title_bg_image_size":"","ocean_post_title_height":0,"ocean_post_title_bg_overlay":0.5,"ocean_post_title_bg_overlay_color":"","ocean_disable_breadcrumbs":"default","ocean_breadcrumbs_color":"","ocean_breadcrumbs_separator_color":"","ocean_breadcrumbs_links_color":"","ocean_breadcrumbs_links_hover_color":"","ocean_display_footer_widgets":"default","ocean_display_footer_bottom":"default","ocean_custom_footer_template":"","ocean_post_oembed":"","ocean_post_self_hosted_media":"","ocean_post_video_embed":"","ocean_link_format":"","ocean_link_format_target":"self","ocean_quote_format":"","ocean_quote_format_link":"post","ocean_gallery_link_images":"on","ocean_gallery_id":[]},"categories":[9],"tags":[],"acf":[],"_links":{"self":[{"href":"https:\/\/www.simepe.com.br\/novo\/wp-json\/wp\/v2\/posts\/45029"}],"collection":[{"href":"https:\/\/www.simepe.com.br\/novo\/wp-json\/wp\/v2\/posts"}],"about":[{"href":"https:\/\/www.simepe.com.br\/novo\/wp-json\/wp\/v2\/types\/post"}],"author":[{"embeddable":true,"href":"https:\/\/www.simepe.com.br\/novo\/wp-json\/wp\/v2\/users\/1"}],"replies":[{"embeddable":true,"href":"https:\/\/www.simepe.com.br\/novo\/wp-json\/wp\/v2\/comments?post=45029"}],"version-history":[{"count":1,"href":"https:\/\/www.simepe.com.br\/novo\/wp-json\/wp\/v2\/posts\/45029\/revisions"}],"predecessor-version":[{"id":45030,"href":"https:\/\/www.simepe.com.br\/novo\/wp-json\/wp\/v2\/posts\/45029\/revisions\/45030"}],"wp:attachment":[{"href":"https:\/\/www.simepe.com.br\/novo\/wp-json\/wp\/v2\/media?parent=45029"}],"wp:term":[{"taxonomy":"category","embeddable":true,"href":"https:\/\/www.simepe.com.br\/novo\/wp-json\/wp\/v2\/categories?post=45029"},{"taxonomy":"post_tag","embeddable":true,"href":"https:\/\/www.simepe.com.br\/novo\/wp-json\/wp\/v2\/tags?post=45029"}],"curies":[{"name":"wp","href":"https:\/\/api.w.org\/{rel}","templated":true}]}}