{"id":45035,"date":"2018-03-27T07:51:28","date_gmt":"2018-03-27T10:51:28","guid":{"rendered":"http:\/\/www.simepe.com.br\/novo\/?p=45035"},"modified":"2018-03-27T07:52:48","modified_gmt":"2018-03-27T10:52:48","slug":"pacientes-denunciam-falta-de-medicamentos-para-tratamento-de-hiv-no-imip","status":"publish","type":"post","link":"https:\/\/www.simepe.com.br\/novo\/pacientes-denunciam-falta-de-medicamentos-para-tratamento-de-hiv-no-imip\/","title":{"rendered":"Pacientes denunciam falta de medicamentos para tratamento de HIV no IMIP"},"content":{"rendered":"<p style=\"text-align: justify;\">A suspens\u00e3o do medicamento pode desencadear uma s\u00e9rie de problemas aos soropositivos<\/p>\n<p style=\"text-align: justify;\">Pacientes soropositivos denunciaram nesta segunda-feira (26), a falta de medicamentos na farm\u00e1cia do Instituto de Medicina Integral Professor Fernando Figueira (IMIP). Segundo den\u00fancias, pelo menos 5 medica\u00e7\u00f5es est\u00e3o em falta na rede p\u00fablica. Entre elas, o antirretroviral que cont\u00e9m a combina\u00e7\u00e3o do tenofovir (300mg), lamivudina (300mg) e efavirenz (600mg) &#8211; popularmente chamado de &#8220;3 em 1&#8221; oferecido gratuitamente pelo Sistema \u00danico de Sa\u00fade (SUS).<\/p>\n<p style=\"text-align: justify;\">A suspens\u00e3o do medicamento pode desencadear uma s\u00e9rie de problemas aos pacientes soropositivos, entre eles, a resist\u00eancia do v\u00edrus no organismo e desenvolvimento de doen\u00e7as oportunistas ocasionadas pela baixa na imunidade. Segundo a ONG Soropositividade, Comunica\u00e7\u00e3o e G\u00eanero (GESTOS), desde 2013, o problema vem ocorrendo periodicamente, mas nos \u00faltimos meses a frequ\u00eancia tem aumentado.<\/p>\n<p style=\"text-align: justify;\">A dona de casa F.B, ficou desesperada ao receber a not\u00edcia da falta do rem\u00e9dio na farm\u00e1cia. \u201cEles me pediram para procurar o m\u00e9dico e mudar a minha medica\u00e7\u00e3o, mas geralmente a consulta demora meses. Meu corpo j\u00e1 rejeitou v\u00e1rios rem\u00e9dios, tenho medo de rejeitar novamente. Suspendendo o nosso tratamento, est\u00e3o nos matando. N\u00f3s precisamos deles&#8221;.<\/p>\n<p style=\"text-align: justify;\">O servidor p\u00fablico A.F contou que estava apenas com um medicamento para o dia. &#8220;Levei um susto quando cheguei como fa\u00e7o todos os meses para pegar o medicamento e informaram que estava faltando. Dependemos dele para sobreviver. O HIV n\u00e3o tem preconceito, \u00e9 uma luta de todos. Amanh\u00e3 vou novamente, caso o problema persista, vou encaminhar a den\u00fancia ao minist\u00e9rio p\u00fablico&#8221;.<\/p>\n<p style=\"text-align: justify;\">Em nota a Secretaria Estadual de Sa\u00fade (SES) informou que a medica\u00e7\u00e3o sofreu um atraso para chegar ao Brasil e a entrega de lotes nas unidades pernambucanas j\u00e1 est\u00e1 sendo realizada. Segundo os pacientes, a farm\u00e1cia deu o prazo de at\u00e9 esta ter\u00e7a-feira.<\/p>\n<p style=\"text-align: justify;\"><strong>N\u00fameros <\/strong><\/p>\n<p style=\"text-align: justify;\">Em 2017, Pernambuco notificou 396 casos de Aids, sendo 259 no p\u00fablico masculino e 137 no feminino. No caso da s\u00edfilis adquirida (p\u00fablico em geral), foram 2.684 casos em 2017, al\u00e9m de 1.341 de s\u00edfilis em gestante e 1.612 de s\u00edfilis cong\u00eanita (passada da m\u00e3e para o beb\u00ea durante a gesta\u00e7\u00e3o).<\/p>\n<p style=\"text-align: justify;\"><strong>A import\u00e2ncia do teste <\/strong><\/p>\n<p style=\"text-align: justify;\">O diagn\u00f3stico precoce do HIV\/Aids possibilita um aumento da qualidade de vida da pessoa com o v\u00edrus. Assim que detecta o resultado positivo, ela inicia o tratamento anti-retroviral que faz com que o v\u00edrus seja isolado e n\u00e3o se manifeste.<\/p>\n<p style=\"text-align: justify;\"><strong>Onde fazer? <\/strong><\/p>\n<p style=\"text-align: justify;\">A partir das 17h desta ter\u00e7a feira (27), o projeto Quero fazer estar\u00e1 na Rua do Lazer, nas proximidades da Unicap, no centro do Recife para realizar testagem r\u00e1pida. No local, al\u00e9m de teste de HIV, ser\u00e1 oferecida testagem de s\u00edfilis e ser\u00e3o distribu\u00eddas camisinhas e sach\u00eas de gel lubrificante. Os casos positivos j\u00e1 saem com encaminhamento para a rede de refer\u00eancia para o tratamento.<\/p>\n<p style=\"text-align: justify;\">Fonte: Diario de Pernambuco<\/p>\n","protected":false},"excerpt":{"rendered":"<p>A suspens\u00e3o do medicamento pode desencadear uma s\u00e9rie de problemas aos soropositivos Pacientes soropositivos denunciaram nesta segunda-feira (26), a falta de medicamentos na farm\u00e1cia do Instituto de Medicina Integral Professor Fernando Figueira (IMIP). Segundo den\u00fancias, pelo menos 5 medica\u00e7\u00f5es est\u00e3o em falta na rede p\u00fablica. Entre elas, o antirretroviral que cont\u00e9m a combina\u00e7\u00e3o do tenofovir [&hellip;]<\/p>\n","protected":false},"author":1,"featured_media":0,"comment_status":"open","ping_status":"open","sticky":false,"template":"","format":"standard","meta":{"ocean_post_layout":"","ocean_both_sidebars_style":"","ocean_both_sidebars_content_width":0,"ocean_both_sidebars_sidebars_width":0,"ocean_sidebar":"","ocean_second_sidebar":"","ocean_disable_margins":"enable","ocean_add_body_class":"","ocean_shortcode_before_top_bar":"","ocean_shortcode_after_top_bar":"","ocean_shortcode_before_header":"","ocean_shortcode_after_header":"","ocean_has_shortcode":"","ocean_shortcode_after_title":"","ocean_shortcode_before_footer_widgets":"","ocean_shortcode_after_footer_widgets":"","ocean_shortcode_before_footer_bottom":"","ocean_shortcode_after_footer_bottom":"","ocean_display_top_bar":"default","ocean_display_header":"default","ocean_header_style":"","ocean_center_header_left_menu":"","ocean_custom_header_template":"","ocean_custom_logo":0,"ocean_custom_retina_logo":0,"ocean_custom_logo_max_width":0,"ocean_custom_logo_tablet_max_width":0,"ocean_custom_logo_mobile_max_width":0,"ocean_custom_logo_max_height":0,"ocean_custom_logo_tablet_max_height":0,"ocean_custom_logo_mobile_max_height":0,"ocean_header_custom_menu":"","ocean_menu_typo_font_family":"","ocean_menu_typo_font_subset":"","ocean_menu_typo_font_size":0,"ocean_menu_typo_font_size_tablet":0,"ocean_menu_typo_font_size_mobile":0,"ocean_menu_typo_font_size_unit":"px","ocean_menu_typo_font_weight":"","ocean_menu_typo_font_weight_tablet":"","ocean_menu_typo_font_weight_mobile":"","ocean_menu_typo_transform":"","ocean_menu_typo_transform_tablet":"","ocean_menu_typo_transform_mobile":"","ocean_menu_typo_line_height":0,"ocean_menu_typo_line_height_tablet":0,"ocean_menu_typo_line_height_mobile":0,"ocean_menu_typo_line_height_unit":"","ocean_menu_typo_spacing":0,"ocean_menu_typo_spacing_tablet":0,"ocean_menu_typo_spacing_mobile":0,"ocean_menu_typo_spacing_unit":"","ocean_menu_link_color":"","ocean_menu_link_color_hover":"","ocean_menu_link_color_active":"","ocean_menu_link_background":"","ocean_menu_link_hover_background":"","ocean_menu_link_active_background":"","ocean_menu_social_links_bg":"","ocean_menu_social_hover_links_bg":"","ocean_menu_social_links_color":"","ocean_menu_social_hover_links_color":"","ocean_disable_title":"default","ocean_disable_heading":"default","ocean_post_title":"","ocean_post_subheading":"","ocean_post_title_style":"","ocean_post_title_background_color":"","ocean_post_title_background":0,"ocean_post_title_bg_image_position":"","ocean_post_title_bg_image_attachment":"","ocean_post_title_bg_image_repeat":"","ocean_post_title_bg_image_size":"","ocean_post_title_height":0,"ocean_post_title_bg_overlay":0.5,"ocean_post_title_bg_overlay_color":"","ocean_disable_breadcrumbs":"default","ocean_breadcrumbs_color":"","ocean_breadcrumbs_separator_color":"","ocean_breadcrumbs_links_color":"","ocean_breadcrumbs_links_hover_color":"","ocean_display_footer_widgets":"default","ocean_display_footer_bottom":"default","ocean_custom_footer_template":"","ocean_post_oembed":"","ocean_post_self_hosted_media":"","ocean_post_video_embed":"","ocean_link_format":"","ocean_link_format_target":"self","ocean_quote_format":"","ocean_quote_format_link":"post","ocean_gallery_link_images":"on","ocean_gallery_id":[]},"categories":[9],"tags":[274,278,484],"acf":[],"_links":{"self":[{"href":"https:\/\/www.simepe.com.br\/novo\/wp-json\/wp\/v2\/posts\/45035"}],"collection":[{"href":"https:\/\/www.simepe.com.br\/novo\/wp-json\/wp\/v2\/posts"}],"about":[{"href":"https:\/\/www.simepe.com.br\/novo\/wp-json\/wp\/v2\/types\/post"}],"author":[{"embeddable":true,"href":"https:\/\/www.simepe.com.br\/novo\/wp-json\/wp\/v2\/users\/1"}],"replies":[{"embeddable":true,"href":"https:\/\/www.simepe.com.br\/novo\/wp-json\/wp\/v2\/comments?post=45035"}],"version-history":[{"count":3,"href":"https:\/\/www.simepe.com.br\/novo\/wp-json\/wp\/v2\/posts\/45035\/revisions"}],"predecessor-version":[{"id":45039,"href":"https:\/\/www.simepe.com.br\/novo\/wp-json\/wp\/v2\/posts\/45035\/revisions\/45039"}],"wp:attachment":[{"href":"https:\/\/www.simepe.com.br\/novo\/wp-json\/wp\/v2\/media?parent=45035"}],"wp:term":[{"taxonomy":"category","embeddable":true,"href":"https:\/\/www.simepe.com.br\/novo\/wp-json\/wp\/v2\/categories?post=45035"},{"taxonomy":"post_tag","embeddable":true,"href":"https:\/\/www.simepe.com.br\/novo\/wp-json\/wp\/v2\/tags?post=45035"}],"curies":[{"name":"wp","href":"https:\/\/api.w.org\/{rel}","templated":true}]}}