{"id":45051,"date":"2018-03-27T08:15:38","date_gmt":"2018-03-27T11:15:38","guid":{"rendered":"http:\/\/www.simepe.com.br\/novo\/?p=45051"},"modified":"2018-03-27T08:15:38","modified_gmt":"2018-03-27T11:15:38","slug":"exames-constatam-intoxicacao-por-metais-pesados-em-moradores-de-cidade-atingida-pelo-desastre-de-mariana","status":"publish","type":"post","link":"https:\/\/www.simepe.com.br\/novo\/exames-constatam-intoxicacao-por-metais-pesados-em-moradores-de-cidade-atingida-pelo-desastre-de-mariana\/","title":{"rendered":"Exames constatam intoxica\u00e7\u00e3o por metais pesados em moradores de cidade atingida pelo desastre de Mariana"},"content":{"rendered":"<p style=\"text-align: justify;\">Em 11 pessoas analisadas em Barra Longa, todas apresentam intoxica\u00e7\u00e3o por n\u00edquel, 10 t\u00eam redu\u00e7\u00e3o do zinco e metade, aumento nos n\u00edveis de ars\u00eanio no sangue.<\/p>\n<p style=\"text-align: justify;\">Onze moradores da cidade de Barra Longa (MG) que realizaram exames toxicol\u00f3gicos no ano passado foram diagnosticados com intoxica\u00e7\u00e3o por n\u00edquel, segundo relat\u00f3rio do Instituto Sa\u00fade e Sustentabilidade enviado ao Minist\u00e9rio P\u00fablico, ao qual a BBC Brasil teve acesso. Em metade dos participantes os n\u00edveis de ars\u00eanio no sangue estavam alterados.<\/p>\n<p style=\"text-align: justify;\">Esse \u00e9 o primeiro diagn\u00f3stico nesse sentido entre popula\u00e7\u00f5es afetadas pelo rompimento da barragem de Fund\u00e3o, da mineradora Samarco, em novembro de 2015.<\/p>\n<p style=\"text-align: justify;\">Por causa do documento, a Procuradoria da Rep\u00fablica em Minas Gerais enviou no in\u00edcio deste m\u00eas of\u00edcios \u00e0s secretarias de sa\u00fade de Barra Longa e dos Estados de Minas Gerais e do Esp\u00edrito Santo, ao Minist\u00e9rio da Sa\u00fade e \u00e0 Funda\u00e7\u00e3o Renova, que hoje responde pelas a\u00e7\u00f5es de repara\u00e7\u00e3o da mineradora Samarco, requisitando um estudo aprofundado das regi\u00f5es afetadas pelo desastre para monitorar a presen\u00e7a de metais pesados e suporte para o tratamento daqueles j\u00e1 diagnosticados.<\/p>\n<p style=\"text-align: justify;\">O relat\u00f3rio destaca que, pelo n\u00famero reduzido de participantes, ele n\u00e3o \u00e9 suficiente para estabelecer uma rela\u00e7\u00e3o causal entre a intoxica\u00e7\u00e3o e o desastre de Mariana, mas destaca que os achados tornam prementes estudos mais profundos. A Renova diz estar empenhada em avaliar os riscos \u00e0 sa\u00fade e diz que abriu h\u00e1 15 dias uma chamada t\u00e9cnica, dentro de uma s\u00e9rie de estudos epidemiol\u00f3gicos e toxicol\u00f3gicos em toda a \u00e1rea impactada, &#8220;em um novo esfor\u00e7o para investigar a situa\u00e7\u00e3o&#8221;.<\/p>\n<p style=\"text-align: justify;\">O rompimento da barragem matou 19 pessoas e despejou no meio ambiente 34 milh\u00f5es de metros c\u00fabicos de rejeito de min\u00e9rio, que desceram 55 km pelo rio Gualaxo do Norte at\u00e9 o Rio do Carmo e outros 22 km at\u00e9 o Rio Doce.<\/p>\n<p style=\"text-align: justify;\">O vazamento soterrou os distritos rurais de Bento Rodrigues, Paracatu e Gesteira e invadiu Barra Longa, a 60 km de Mariana. A avalanche de lama percorreu 663 km de cursos d&#8217;\u00e1gua e atingiu 39 munic\u00edpios em Minas Gerais e no Esp\u00edrito Santo \u2013 o maior desastre ambiental do pa\u00eds.<\/p>\n<p style=\"text-align: justify;\"><strong>Primeira pesquisa<\/strong><\/p>\n<p style=\"text-align: justify;\">\nA iniciativa do Instituto Sa\u00fade e Sustentabilidade, uma organiza\u00e7\u00e3o da sociedade civil, de realizar os exames toxicol\u00f3gicos em moradores de Barra Longa \u2013 que soma 5.720 habitantes \u2013 surgiu por causa de uma primeira pesquisa, um question\u00e1rio de autoavalia\u00e7\u00e3o aplicado entre outubro de 2016 e janeiro de 2017 em 507 indiv\u00edduos.<\/p>\n<p style=\"text-align: justify;\">Nela, as queixas de adoecimento ap\u00f3s o desastre eram generalizadas. Dentre os problemas relatados estavam principalmente aqueles de origem respirat\u00f3ria, afec\u00e7\u00f5es de pele e transtornos mentais.<\/p>\n<p style=\"text-align: justify;\">Ao contr\u00e1rio do que aconteceu com os distritos rurais de Bento Rodrigues e Paracatu, cujos moradores foram transferidos para Mariana depois que seus vilarejos foram soterrados pelo rompimento da barragem, em Barra Longa os atingidos, em sua maioria, n\u00e3o foram desalojados.<\/p>\n<p style=\"text-align: justify;\">Eles permaneceram na cidade durante sua reconstru\u00e7\u00e3o. Parte da lama foi removida no decorrer de um ano ap\u00f3s o desastre, parte foi aterrada no campo de futebol e no parque de exposi\u00e7\u00f5es, parte foi transformada em bloquete de cal\u00e7amento e parte secou, virou p\u00f3 e se espalhou pela cidade com o fluxo de caminh\u00f5es e ve\u00edculos pesados.<\/p>\n<p style=\"text-align: justify;\">A exposi\u00e7\u00e3o \u00e0 poeira, ainda conforme o relat\u00f3rio, pode estar ligada a alguns dos sintomas descritos pela popula\u00e7\u00e3o. Metais como o n\u00edquel s\u00e3o absorvidos tamb\u00e9m pela pele e por inala\u00e7\u00e3o.<\/p>\n<p style=\"text-align: justify;\">Procurada pela reportagem, Evangelina Vormittag, presidente do instituto, disse preferir n\u00e3o se manifestar por uma quest\u00e3o de sigilo m\u00e9dico.<\/p>\n<p style=\"text-align: justify;\"><strong>Resultados dos exames<\/strong><\/p>\n<p style=\"text-align: justify;\">\nOs exames de sangue foram realizados em apenas 11 moradores por falta de recursos da organiza\u00e7\u00e3o, selecionada em um edital da ONG ambiental Greenpeace que buscava projetos para dimensionar o impacto do desastre na sa\u00fade de popula\u00e7\u00f5es atingidas.<\/p>\n<p style=\"text-align: justify;\">As amostras de sangue dos 11 participantes, que tinham entre 2 e 92 anos na \u00e9poca da coleta, em mar\u00e7o de 2017, foram enviadas ao Laborat\u00f3rio de Toxicologia e Essencialidade de Metais da Faculdade de Ci\u00eancias Farmac\u00eauticas de Ribeir\u00e3o Preto, da USP, e analisadas apenas em janeiro deste ano. O atraso decorreu de um problema t\u00e9cnico no equipamento do laborat\u00f3rio, que precisou de reparos.<\/p>\n<p style=\"text-align: justify;\">Foram pesquisados 13 metais. Dos 11 participantes, todos apresentaram aumento de n\u00edquel no sangue e 10, diminui\u00e7\u00e3o de zinco. Os exames para n\u00edquel foram repetidos em dois laborat\u00f3rios.<\/p>\n<p style=\"text-align: justify;\">O zinco participa de uma s\u00e9rie de processos bioqu\u00edmicos do corpo, da s\u00edntese e degrada\u00e7\u00e3o de carboidratos, lip\u00eddeos e prote\u00ednas ao funcionamento adequado do sistema imunol\u00f3gico. Tanto sua redu\u00e7\u00e3o quanto seu excesso s\u00e3o um problema para a sa\u00fade. Uma das hip\u00f3teses para a diminui\u00e7\u00e3o da absor\u00e7\u00e3o do zinco \u00e9 sua intera\u00e7\u00e3o com o n\u00edquel. O relat\u00f3rio destaca, por\u00e9m, que essa quest\u00e3o deve ser investigada.<\/p>\n<p style=\"text-align: justify;\">Do total de participantes, tr\u00eas apresentaram pequeno aumento de ars\u00eanio no sangue e, em cinco pessoas, o n\u00edvel de ars\u00eanio encontrava-se normal, por\u00e9m no limite superior da normalidade.<\/p>\n<p style=\"text-align: justify;\">O relat\u00f3rio ressalta que, como h\u00e1 presen\u00e7a de ars\u00eanio na regi\u00e3o, tradicionalmente mineradora, demonstrada em estudos de an\u00e1lises da \u00e1gua, sedimento, solo e em peixes, antes e depois do desastre, \u00e9 poss\u00edvel que a popula\u00e7\u00e3o j\u00e1 estivesse exposta ao metal antes do rompimento.<\/p>\n<p style=\"text-align: justify;\">Mas acrescenta que n\u00e3o h\u00e1 relatos, contudo, de ac\u00famulo de n\u00edquel na atividade corriqueira da minera\u00e7\u00e3o de ferro \u2013 e que estudos recentes, feitos ap\u00f3s o desastre, evidenciaram altas concentra\u00e7\u00f5es de v\u00e1rios metais no ambiente, dentre eles o n\u00edquel, e sua bioacumula\u00e7\u00e3o em diferentes esp\u00e9cies de girinos.<\/p>\n<p style=\"text-align: justify;\">Um explica\u00e7\u00e3o poss\u00edvel para esse quadro, levantada pela popula\u00e7\u00e3o local, seria a de que, apesar de a lama que estava acumulada na barragem n\u00e3o ser originalmente formada por n\u00edquel, ela pode ter incorporado o metal no trajeto de 60 km at\u00e9 Barra Longa, j\u00e1 que destruiu as cidades de Bento Rodrigues e Paracatu e veio arrastando uma grande quantidade materiais.<\/p>\n<p style=\"text-align: justify;\">&#8220;O diagn\u00f3stico de intoxica\u00e7\u00e3o por n\u00edquel \u00e9 preocupante por ocorrer ap\u00f3s um grave epis\u00f3dio de contamina\u00e7\u00e3o do meio ambiente por lama t\u00f3xica de rejeitos de minera\u00e7\u00e3o de ferro&#8221;, diz o texto, que ressalta, entretanto, que n\u00e3o \u00e9 poss\u00edvel relacionar os resultados dos exames de sangue com o desastre de Mariana.<\/p>\n<p style=\"text-align: justify;\">Ele recomenda estudos mais aprofundados para esclarecer essa quest\u00e3o e verificar se h\u00e1 um quadro de contamina\u00e7\u00e3o.<\/p>\n<p style=\"text-align: justify;\">&#8220;As caracter\u00edsticas dos dois estudos e tamanho da amostra de 11 indiv\u00edduos n\u00e3o permitem conclus\u00f5es de intoxica\u00e7\u00e3o para a popula\u00e7\u00e3o do munic\u00edpio, mas trazem importantes evid\u00eancias e subs\u00eddios para a continuidade das pesquisas. Estudos de risco toxicol\u00f3gico e epidemiol\u00f3gico, com uma popula\u00e7\u00e3o representativa maior, dever\u00e3o ser conduzidos para levantar hip\u00f3teses e confirm\u00e1-las, de modo a elucidar as diversas d\u00favidas apontadas.&#8221;<\/p>\n<p style=\"text-align: justify;\"><strong>&#8216;A m\u00e9dica falou pra gente sair de Barra Longa&#8217;<\/strong><\/p>\n<p style=\"text-align: justify;\">\nUm dos 11 diagn\u00f3sticos \u00e9 de Sofya Marques, que tinha apenas nove meses quando, na madrugada de 6 de novembro de 2015, uma avalanche de lama invadiu Barra Longa.<\/p>\n<p style=\"text-align: justify;\">Hoje com tr\u00eas anos, ela vive \u00e0 base de antial\u00e9rgicos, corticoides e broncodilatadores, tem erup\u00e7\u00f5es na pele periodicamente e sente uma dor forte na perna que os m\u00e9dicos n\u00e3o conseguem explicar.<\/p>\n<p style=\"text-align: justify;\">Em janeiro, os resultados dos exames toxicol\u00f3gicos mostraram que Sofya tem uma concentra\u00e7\u00e3o de 12,78 microgramas por litro de n\u00edquel no sangue, tr\u00eas vezes mais do que o limite m\u00e1ximo do intervalo de refer\u00eancia, que vai de 0,12 a 3,9 microgramas por litro.<\/p>\n<p style=\"text-align: justify;\">O zinco, por sua vez, est\u00e1 significativamente abaixo do limite m\u00ednimo do intervalo, que vai de 3.518 a 12.294 microgramas por litro \u2013 em 1.302 microgramas por litro.<\/p>\n<p style=\"text-align: justify;\">H\u00e1 duas semanas, ela esteve no Instituto da Crian\u00e7a dos Hospital das Cl\u00ednicas. O acompanhamento faz parte do trabalho conduzido pelo Instituto Sustentabilidade. A viagem de \u00f4nibus e as despesas em S\u00e3o Paulo foram custeadas em parte pelo Movimento dos Atingidos por Barragens (MAB), que presta assessoria para as popula\u00e7\u00f5es atingidas.<\/p>\n<p style=\"text-align: justify;\">Depois de fazer uma s\u00e9rie de exames complementares, Sofya \u2013 acompanhada da m\u00e3e, Simone Silva \u2013 passou por uma consulta de mais de uma hora com uma das especialistas do instituto.<\/p>\n<p style=\"text-align: justify;\">&#8220;A m\u00e9dica falou pra gente sair de Barra Longa&#8221;, diz Simone.<\/p>\n<p style=\"text-align: justify;\">Conforme o relato da m\u00e3e, Sofya precisar\u00e1 fazer acompanhamento cl\u00ednico peri\u00f3dico at\u00e9 o fim da vida e estar atenta a poss\u00edveis problemas nos \u00f3rg\u00e3os devido ao ac\u00famulo de metais. A sugest\u00e3o de deixar a cidade seria para que ela n\u00e3o se expusesse mais a uma potencial contamina\u00e7\u00e3o.<\/p>\n<p style=\"text-align: justify;\">A BBC Brasil entrou em contato com o Hospital das Cl\u00ednicas, que afirmou que seus profissionais n\u00e3o se manifestam sobre casos de pacientes espec\u00edficos.<\/p>\n<p style=\"text-align: justify;\">&#8220;Como a gente vai sair daqui? Eu nasci e cresci em Barra Longa, n\u00e3o tenho pra onde ir&#8221;, ela afirma. &#8220;Meu marido ficou desesperado, falou pra gente ir pra Rio Doce, pra Ouro Preto, nem que fosse pra passar fome l\u00e1, mas n\u00e3o tem a menor condi\u00e7\u00e3o&#8221;, acrescenta.<\/p>\n<p style=\"text-align: justify;\">Hoje, Simone ganha R$ 400 por m\u00eas dando aulas em uma escola em um munic\u00edpio pr\u00f3ximo a Barra Longa. Seu marido trabalha em uma f\u00e1brica de ra\u00e7\u00f5es. Ela diz que a fam\u00edlia tem dificuldade para arcar com os custos do tratamento de Sofya, mesmo depois que a Funda\u00e7\u00e3o Renova passou a pagar parte de suas consultas com um especialistas no munic\u00edpio de Ponte Nova, vizinho de Barra Longa.<\/p>\n<p style=\"text-align: justify;\">A BBC Brasil contou a hist\u00f3ria da fam\u00edlia em reportagem publicada em novembro de 2017, quando o desastre de Mariana completou 2 anos.<\/p>\n<p style=\"text-align: justify;\">Simone se queixa de descaso na atua\u00e7\u00e3o da Prefeitura e da Secretaria de Sa\u00fade do munic\u00edpio em rela\u00e7\u00e3o aos casos de adoecimento da popula\u00e7\u00e3o e tamb\u00e9m na da Funda\u00e7\u00e3o Renova, com a qual, segunda ela, os moradores de Barra Longa t\u00eam um di\u00e1logo dif\u00edcil.<\/p>\n<p style=\"text-align: justify;\">Ela afirma que a fam\u00edlia tem contato direto com a poeira de rejeito h\u00e1 mais de um ano, j\u00e1 que mora em Volta da Capela, bairro que fica pr\u00f3ximo ao campo de futebol do munic\u00edpio, que deveria ser aterrado com lama de rejeito e que continua em obras.<\/p>\n<p style=\"text-align: justify;\"><strong>Qualidade do ar<\/strong><\/p>\n<p style=\"text-align: justify;\">\nAtrav\u00e9s de sua assessoria de imprensa, a Funda\u00e7\u00e3o Renova afirma que &#8220;segue monitorando a qualidade do ar no munic\u00edpio&#8221; e que &#8220;os resultados atuais est\u00e3o dentro dos par\u00e2metros exigidos pela legisla\u00e7\u00e3o brasileira&#8221;.<\/p>\n<p style=\"text-align: justify;\">&#8220;Desde fevereiro de 2016, duas esta\u00e7\u00f5es de monitoramento autom\u00e1tico est\u00e3o instaladas em Barra Longa. O monitoramento autom\u00e1tico fornece 24 resultados por dia por par\u00e2metro, totalizando 5.760 medi\u00e7\u00f5es por m\u00eas. Em nenhum deles h\u00e1 dados que comprometam a sa\u00fade das pessoas das \u00e1reas de abrang\u00eancia dos monitoramentos&#8221;.<\/p>\n<p style=\"text-align: justify;\">Em rela\u00e7\u00e3o \u00e0s demandas feitas pelo Minist\u00e9rio P\u00fablico Federal \u2013 confirmadas \u00e0 reportagem pelo procurador Edmundo Ant\u00f4nio Dias Netto Junior \u2013, a Funda\u00e7\u00e3o diz que &#8220;est\u00e1 empenhada em avaliar os eventuais riscos \u00e0 sa\u00fade humana decorrentes do rompimento da barragem de Fund\u00e3o&#8221; e que &#8220;em um novo esfor\u00e7o para investigar a situa\u00e7\u00e3o, dentro de uma s\u00e9rie de estudos epidemiol\u00f3gicos e toxicol\u00f3gicos em toda a \u00e1rea impactada, abriu h\u00e1 15 dias uma chamada t\u00e9cnica&#8221;.<\/p>\n<p style=\"text-align: justify;\">A secret\u00e1ria de Sa\u00fade do munic\u00edpio de Barra Longa, Raquel Aparecida, informou que o relat\u00f3rio foi debatido nos dias 19 e 20 de mar\u00e7o em reuni\u00e3o da C\u00e2mara T\u00e9cnica de Sa\u00fade do Comit\u00ea Interfederativo (CIF) &#8211; criado em 2015, logo ap\u00f3s o desastre, o colegiado tem representantes do Ibama, da Uni\u00e3o, dos Estados de Minas Gerais e Esp\u00edrito Santo e dos munic\u00edpios afetados.<\/p>\n<p style=\"text-align: justify;\">Em nota, ela afirma que o munic\u00edpio requereu da Funda\u00e7\u00e3o Renova apoio no fortalecimento da pol\u00edtica do SUS, disponibilizando tr\u00eas m\u00e9dicos cl\u00ednicos para o acolhimento dos mun\u00edcipes que procurarem os servi\u00e7os da aten\u00e7\u00e3o prim\u00e1ria. &#8220;Entendemos que, como se trata de um estudo n\u00e3o conclusivo, seria temer\u00e1rio alarmar a popula\u00e7\u00e3o em rela\u00e7\u00e3o ao estudo, devendo aguardar a conclus\u00e3o da pesquisa para a delibera\u00e7\u00e3o de quais procedimentos ser\u00e3o adotados caso seja necess\u00e1rio.&#8221;<\/p>\n<p style=\"text-align: justify;\">A Secretaria de Sa\u00fade de Minas declarou que s\u00f3 ir\u00e1 se manifestar em rela\u00e7\u00e3o aos questionamentos do MPF depois que responder ao \u00f3rg\u00e3o e afirmou que &#8220;disponibilizar\u00e1 ao munic\u00edpio de Barra Longa todo o apoio necess\u00e1rio para a realiza\u00e7\u00e3o do acompanhamento dos cidad\u00e3os que apresentaram altera\u00e7\u00e3o nos exames realizados&#8221;, bem como a realiza\u00e7\u00e3o de tratamento adequado.<\/p>\n<p style=\"text-align: justify;\">A Secretaria de Estado da Sa\u00fade do Esp\u00edrito Santo informou que ainda n\u00e3o recebeu o of\u00edcio, mas que participa do Comit\u00ea Interfederativo (CIF), que j\u00e1 prop\u00f4s a amplia\u00e7\u00e3o do Programa de Monitoramento da Qualidade da \u00c1gua para Consumo Humano e o estabelecimento bases m\u00ednimas para os estudos epidemiol\u00f3gicos e toxicol\u00f3gicos da popula\u00e7\u00e3o atingida diretamente e indiretamente.<\/p>\n<p style=\"text-align: justify;\">O Minist\u00e9rio da Sa\u00fade n\u00e3o respondeu \u00e0 reportagem.<\/p>\n<p style=\"text-align: justify;\">\n<p style=\"text-align: justify;\">Fonte: G1<\/p>\n","protected":false},"excerpt":{"rendered":"<p>Em 11 pessoas analisadas em Barra Longa, todas apresentam intoxica\u00e7\u00e3o por n\u00edquel, 10 t\u00eam redu\u00e7\u00e3o do zinco e metade, aumento nos n\u00edveis de ars\u00eanio no sangue. Onze moradores da cidade de Barra Longa (MG) que realizaram exames toxicol\u00f3gicos no ano passado foram diagnosticados com intoxica\u00e7\u00e3o por n\u00edquel, segundo relat\u00f3rio do Instituto Sa\u00fade e Sustentabilidade enviado [&hellip;]<\/p>\n","protected":false},"author":1,"featured_media":45052,"comment_status":"open","ping_status":"open","sticky":false,"template":"","format":"standard","meta":{"ocean_post_layout":"","ocean_both_sidebars_style":"","ocean_both_sidebars_content_width":0,"ocean_both_sidebars_sidebars_width":0,"ocean_sidebar":"","ocean_second_sidebar":"","ocean_disable_margins":"enable","ocean_add_body_class":"","ocean_shortcode_before_top_bar":"","ocean_shortcode_after_top_bar":"","ocean_shortcode_before_header":"","ocean_shortcode_after_header":"","ocean_has_shortcode":"","ocean_shortcode_after_title":"","ocean_shortcode_before_footer_widgets":"","ocean_shortcode_after_footer_widgets":"","ocean_shortcode_before_footer_bottom":"","ocean_shortcode_after_footer_bottom":"","ocean_display_top_bar":"default","ocean_display_header":"default","ocean_header_style":"","ocean_center_header_left_menu":"","ocean_custom_header_template":"","ocean_custom_logo":0,"ocean_custom_retina_logo":0,"ocean_custom_logo_max_width":0,"ocean_custom_logo_tablet_max_width":0,"ocean_custom_logo_mobile_max_width":0,"ocean_custom_logo_max_height":0,"ocean_custom_logo_tablet_max_height":0,"ocean_custom_logo_mobile_max_height":0,"ocean_header_custom_menu":"","ocean_menu_typo_font_family":"","ocean_menu_typo_font_subset":"","ocean_menu_typo_font_size":0,"ocean_menu_typo_font_size_tablet":0,"ocean_menu_typo_font_size_mobile":0,"ocean_menu_typo_font_size_unit":"px","ocean_menu_typo_font_weight":"","ocean_menu_typo_font_weight_tablet":"","ocean_menu_typo_font_weight_mobile":"","ocean_menu_typo_transform":"","ocean_menu_typo_transform_tablet":"","ocean_menu_typo_transform_mobile":"","ocean_menu_typo_line_height":0,"ocean_menu_typo_line_height_tablet":0,"ocean_menu_typo_line_height_mobile":0,"ocean_menu_typo_line_height_unit":"","ocean_menu_typo_spacing":0,"ocean_menu_typo_spacing_tablet":0,"ocean_menu_typo_spacing_mobile":0,"ocean_menu_typo_spacing_unit":"","ocean_menu_link_color":"","ocean_menu_link_color_hover":"","ocean_menu_link_color_active":"","ocean_menu_link_background":"","ocean_menu_link_hover_background":"","ocean_menu_link_active_background":"","ocean_menu_social_links_bg":"","ocean_menu_social_hover_links_bg":"","ocean_menu_social_links_color":"","ocean_menu_social_hover_links_color":"","ocean_disable_title":"default","ocean_disable_heading":"default","ocean_post_title":"","ocean_post_subheading":"","ocean_post_title_style":"","ocean_post_title_background_color":"","ocean_post_title_background":0,"ocean_post_title_bg_image_position":"","ocean_post_title_bg_image_attachment":"","ocean_post_title_bg_image_repeat":"","ocean_post_title_bg_image_size":"","ocean_post_title_height":0,"ocean_post_title_bg_overlay":0.5,"ocean_post_title_bg_overlay_color":"","ocean_disable_breadcrumbs":"default","ocean_breadcrumbs_color":"","ocean_breadcrumbs_separator_color":"","ocean_breadcrumbs_links_color":"","ocean_breadcrumbs_links_hover_color":"","ocean_display_footer_widgets":"default","ocean_display_footer_bottom":"default","ocean_custom_footer_template":"","ocean_post_oembed":"","ocean_post_self_hosted_media":"","ocean_post_video_embed":"","ocean_link_format":"","ocean_link_format_target":"self","ocean_quote_format":"","ocean_quote_format_link":"post","ocean_gallery_link_images":"on","ocean_gallery_id":[]},"categories":[1],"tags":[838,2447,2629],"acf":[],"_links":{"self":[{"href":"https:\/\/www.simepe.com.br\/novo\/wp-json\/wp\/v2\/posts\/45051"}],"collection":[{"href":"https:\/\/www.simepe.com.br\/novo\/wp-json\/wp\/v2\/posts"}],"about":[{"href":"https:\/\/www.simepe.com.br\/novo\/wp-json\/wp\/v2\/types\/post"}],"author":[{"embeddable":true,"href":"https:\/\/www.simepe.com.br\/novo\/wp-json\/wp\/v2\/users\/1"}],"replies":[{"embeddable":true,"href":"https:\/\/www.simepe.com.br\/novo\/wp-json\/wp\/v2\/comments?post=45051"}],"version-history":[{"count":1,"href":"https:\/\/www.simepe.com.br\/novo\/wp-json\/wp\/v2\/posts\/45051\/revisions"}],"predecessor-version":[{"id":45053,"href":"https:\/\/www.simepe.com.br\/novo\/wp-json\/wp\/v2\/posts\/45051\/revisions\/45053"}],"wp:featuredmedia":[{"embeddable":true,"href":"https:\/\/www.simepe.com.br\/novo\/wp-json\/wp\/v2\/media\/45052"}],"wp:attachment":[{"href":"https:\/\/www.simepe.com.br\/novo\/wp-json\/wp\/v2\/media?parent=45051"}],"wp:term":[{"taxonomy":"category","embeddable":true,"href":"https:\/\/www.simepe.com.br\/novo\/wp-json\/wp\/v2\/categories?post=45051"},{"taxonomy":"post_tag","embeddable":true,"href":"https:\/\/www.simepe.com.br\/novo\/wp-json\/wp\/v2\/tags?post=45051"}],"curies":[{"name":"wp","href":"https:\/\/api.w.org\/{rel}","templated":true}]}}