{"id":45118,"date":"2018-03-28T13:12:08","date_gmt":"2018-03-28T16:12:08","guid":{"rendered":"http:\/\/www.simepe.com.br\/novo\/?p=45118"},"modified":"2018-04-03T09:53:00","modified_gmt":"2018-04-03T12:53:00","slug":"governador-de-pe-assina-liberacao-para-contratacao-de-medicos","status":"publish","type":"post","link":"https:\/\/www.simepe.com.br\/novo\/governador-de-pe-assina-liberacao-para-contratacao-de-medicos\/","title":{"rendered":"Governador de PE assina libera\u00e7\u00e3o para contrata\u00e7\u00e3o de m\u00e9dicos"},"content":{"rendered":"<p style=\"text-align: justify;\">O Sindicato dos M\u00e9dicos de Pernambuco informa que o Governo do Estado assinou, na noite desta quarta-feira (28\/03), a libera\u00e7\u00e3o para realiza\u00e7\u00e3o de uma sele\u00e7\u00e3o simplificada visando a contrata\u00e7\u00e3o de um grande coeficiente de m\u00e9dicos e demais profissionais de sa\u00fade para a rede estadual. A medida foi adotada ap\u00f3s um trabalho de reivindica\u00e7\u00e3o integrado, envolvendo entes importantes, como o Minist\u00e9rio P\u00fablico de Pernambuco (MPPE) e Conselho Regional de Medicina (Cremepe), al\u00e9m do Simepe e toda sua categoria.<\/p>\n<p style=\"text-align: justify;\">A confirma\u00e7\u00e3o das contrata\u00e7\u00f5es \u00e9 um retorno importante para o cen\u00e1rio cr\u00edtico relatado \u00e0 gest\u00e3o estadual. Isso vai ajudar bastante a recompor as diversas escalas que est\u00e3o defasadas em grandes unidades, como os hospitais Bar\u00e3o de Lucena, na Iputinga; e Agamenon Magalh\u00e3es, em Casa Amarela.<\/p>\n<p style=\"text-align: justify;\">\u201cEvidenciamos problemas s\u00e9rios denunciados pela categoria e levamos o caso adiante, pois a sa\u00fade n\u00e3o pode esperar. Essa conquista vai auxiliar bastante na recomposi\u00e7\u00e3o das escalas deficit\u00e1rias, fluxo e resolutividade do servi\u00e7o. N\u00e3o podemos deixar de agradecer ao trabalho do Minist\u00e9rio P\u00fablico, por meio dos promotores \u00c9dipo Soares, Ivana Botelho e Helena Capela; e do Cremepe e seu presidente, Andr\u00e9 Dubeux; bem como a abertura para o di\u00e1logo de melhorias por parte da Secretaria Estadual de Sa\u00fade (SES)\u201d, destaca Tadeu Calheiros, presidente do Simepe.<\/p>\n<figure id=\"attachment_45119\" aria-describedby=\"caption-attachment-45119\" style=\"width: 4032px\" class=\"wp-caption alignnone\"><img fetchpriority=\"high\" class=\"size-full wp-image-45119\" src=\"http:\/\/www.simepe.com.br\/novo\/wp-content\/uploads\/2018\/03\/29693095_1810046542373665_395043058_o.jpg\" alt=\"Foto: Thiago Graf \/ Simepe\" width=\"4032\" height=\"3024\" srcset=\"https:\/\/www.simepe.com.br\/novo\/wp-content\/uploads\/2018\/03\/29693095_1810046542373665_395043058_o.jpg 4032w, https:\/\/www.simepe.com.br\/novo\/wp-content\/uploads\/2018\/03\/29693095_1810046542373665_395043058_o-300x225.jpg 300w, https:\/\/www.simepe.com.br\/novo\/wp-content\/uploads\/2018\/03\/29693095_1810046542373665_395043058_o-768x576.jpg 768w, https:\/\/www.simepe.com.br\/novo\/wp-content\/uploads\/2018\/03\/29693095_1810046542373665_395043058_o-1024x768.jpg 1024w\" sizes=\"(max-width: 4032px) 100vw, 4032px\" \/><figcaption id=\"caption-attachment-45119\" class=\"wp-caption-text\"><strong>Foto: Thiago Graf \/ Simepe<\/strong><\/figcaption><\/figure>\n<p style=\"text-align: justify;\">Em tempo, o Simepe, representando sua base e a defendendo a oferta adequada dos servi\u00e7os, ressalta que essa medida \u00e9 para resolver o cen\u00e1rio ca\u00f3tico e urgente deste momento, mas que isso n\u00e3o impacta na necessidade da realiza\u00e7\u00e3o do concurso p\u00fablico que se faz necess\u00e1rio para profissionais de sa\u00fade. O Sindicato continuar\u00e1 acompanhando de perto o andamento dos processos para a efetiva\u00e7\u00e3o da sele\u00e7\u00e3o definitiva e cobrando dos gestores essas resolu\u00e7\u00e3o.<\/p>\n","protected":false},"excerpt":{"rendered":"<p>O Sindicato dos M\u00e9dicos de Pernambuco informa que o Governo do Estado assinou, na noite desta quarta-feira (28\/03), a libera\u00e7\u00e3o para realiza\u00e7\u00e3o de uma sele\u00e7\u00e3o simplificada visando a contrata\u00e7\u00e3o de um grande coeficiente de m\u00e9dicos e demais profissionais de sa\u00fade para a rede estadual. A medida foi adotada ap\u00f3s um trabalho de reivindica\u00e7\u00e3o integrado, envolvendo [&hellip;]<\/p>\n","protected":false},"author":1,"featured_media":45120,"comment_status":"open","ping_status":"open","sticky":false,"template":"","format":"standard","meta":{"ocean_post_layout":"","ocean_both_sidebars_style":"","ocean_both_sidebars_content_width":0,"ocean_both_sidebars_sidebars_width":0,"ocean_sidebar":"","ocean_second_sidebar":"","ocean_disable_margins":"enable","ocean_add_body_class":"","ocean_shortcode_before_top_bar":"","ocean_shortcode_after_top_bar":"","ocean_shortcode_before_header":"","ocean_shortcode_after_header":"","ocean_has_shortcode":"","ocean_shortcode_after_title":"","ocean_shortcode_before_footer_widgets":"","ocean_shortcode_after_footer_widgets":"","ocean_shortcode_before_footer_bottom":"","ocean_shortcode_after_footer_bottom":"","ocean_display_top_bar":"default","ocean_display_header":"default","ocean_header_style":"","ocean_center_header_left_menu":"","ocean_custom_header_template":"","ocean_custom_logo":0,"ocean_custom_retina_logo":0,"ocean_custom_logo_max_width":0,"ocean_custom_logo_tablet_max_width":0,"ocean_custom_logo_mobile_max_width":0,"ocean_custom_logo_max_height":0,"ocean_custom_logo_tablet_max_height":0,"ocean_custom_logo_mobile_max_height":0,"ocean_header_custom_menu":"","ocean_menu_typo_font_family":"","ocean_menu_typo_font_subset":"","ocean_menu_typo_font_size":0,"ocean_menu_typo_font_size_tablet":0,"ocean_menu_typo_font_size_mobile":0,"ocean_menu_typo_font_size_unit":"px","ocean_menu_typo_font_weight":"","ocean_menu_typo_font_weight_tablet":"","ocean_menu_typo_font_weight_mobile":"","ocean_menu_typo_transform":"","ocean_menu_typo_transform_tablet":"","ocean_menu_typo_transform_mobile":"","ocean_menu_typo_line_height":0,"ocean_menu_typo_line_height_tablet":0,"ocean_menu_typo_line_height_mobile":0,"ocean_menu_typo_line_height_unit":"","ocean_menu_typo_spacing":0,"ocean_menu_typo_spacing_tablet":0,"ocean_menu_typo_spacing_mobile":0,"ocean_menu_typo_spacing_unit":"","ocean_menu_link_color":"","ocean_menu_link_color_hover":"","ocean_menu_link_color_active":"","ocean_menu_link_background":"","ocean_menu_link_hover_background":"","ocean_menu_link_active_background":"","ocean_menu_social_links_bg":"","ocean_menu_social_hover_links_bg":"","ocean_menu_social_links_color":"","ocean_menu_social_hover_links_color":"","ocean_disable_title":"default","ocean_disable_heading":"default","ocean_post_title":"","ocean_post_subheading":"","ocean_post_title_style":"","ocean_post_title_background_color":"","ocean_post_title_background":0,"ocean_post_title_bg_image_position":"","ocean_post_title_bg_image_attachment":"","ocean_post_title_bg_image_repeat":"","ocean_post_title_bg_image_size":"","ocean_post_title_height":0,"ocean_post_title_bg_overlay":0.5,"ocean_post_title_bg_overlay_color":"","ocean_disable_breadcrumbs":"default","ocean_breadcrumbs_color":"","ocean_breadcrumbs_separator_color":"","ocean_breadcrumbs_links_color":"","ocean_breadcrumbs_links_hover_color":"","ocean_display_footer_widgets":"default","ocean_display_footer_bottom":"default","ocean_custom_footer_template":"","ocean_post_oembed":"","ocean_post_self_hosted_media":"","ocean_post_video_embed":"","ocean_link_format":"","ocean_link_format_target":"self","ocean_quote_format":"","ocean_quote_format_link":"post","ocean_gallery_link_images":"on","ocean_gallery_id":[]},"categories":[1],"tags":[1889,55,75,105,2639,140,4],"acf":[],"_links":{"self":[{"href":"https:\/\/www.simepe.com.br\/novo\/wp-json\/wp\/v2\/posts\/45118"}],"collection":[{"href":"https:\/\/www.simepe.com.br\/novo\/wp-json\/wp\/v2\/posts"}],"about":[{"href":"https:\/\/www.simepe.com.br\/novo\/wp-json\/wp\/v2\/types\/post"}],"author":[{"embeddable":true,"href":"https:\/\/www.simepe.com.br\/novo\/wp-json\/wp\/v2\/users\/1"}],"replies":[{"embeddable":true,"href":"https:\/\/www.simepe.com.br\/novo\/wp-json\/wp\/v2\/comments?post=45118"}],"version-history":[{"count":1,"href":"https:\/\/www.simepe.com.br\/novo\/wp-json\/wp\/v2\/posts\/45118\/revisions"}],"predecessor-version":[{"id":45121,"href":"https:\/\/www.simepe.com.br\/novo\/wp-json\/wp\/v2\/posts\/45118\/revisions\/45121"}],"wp:featuredmedia":[{"embeddable":true,"href":"https:\/\/www.simepe.com.br\/novo\/wp-json\/wp\/v2\/media\/45120"}],"wp:attachment":[{"href":"https:\/\/www.simepe.com.br\/novo\/wp-json\/wp\/v2\/media?parent=45118"}],"wp:term":[{"taxonomy":"category","embeddable":true,"href":"https:\/\/www.simepe.com.br\/novo\/wp-json\/wp\/v2\/categories?post=45118"},{"taxonomy":"post_tag","embeddable":true,"href":"https:\/\/www.simepe.com.br\/novo\/wp-json\/wp\/v2\/tags?post=45118"}],"curies":[{"name":"wp","href":"https:\/\/api.w.org\/{rel}","templated":true}]}}