{"id":45226,"date":"2018-04-04T08:38:44","date_gmt":"2018-04-04T11:38:44","guid":{"rendered":"http:\/\/www.simepe.com.br\/novo\/?p=45226"},"modified":"2018-04-04T08:38:44","modified_gmt":"2018-04-04T11:38:44","slug":"numero-de-casos-de-sindrome-respiratoria-aguda-grave-diminui-34-em-pernambuco","status":"publish","type":"post","link":"https:\/\/www.simepe.com.br\/novo\/numero-de-casos-de-sindrome-respiratoria-aguda-grave-diminui-34-em-pernambuco\/","title":{"rendered":"N\u00famero de casos de S\u00edndrome Respirat\u00f3ria Aguda Grave diminui 34% em Pernambuco"},"content":{"rendered":"<p style=\"text-align: justify;\">Segundo Secretaria de Sa\u00fade, at\u00e9 o dia 17 de mar\u00e7o, foram registrados 174 casos da doen\u00e7a. Em 2017, estado contabilizou 264 ocorr\u00eancias.<\/p>\n<p style=\"text-align: justify;\">Os casos de S\u00edndrome Respirat\u00f3ria Aguda Grave (SRAG) tiveram uma diminui\u00e7\u00e3o de 34%, nos primeiros meses de 2018, quando comparados com os do ano passado. Segundo a Secretaria Estadual de Sa\u00fade (SES), at\u00e9 o dia 17 de mar\u00e7o, foram 174 registros da doen\u00e7a. Em 2017, houve 264 ocorr\u00eancias.<\/p>\n<p style=\"text-align: justify;\">No boletim divulgado nesta ter\u00e7a-feira (3), foi identificada a circula\u00e7\u00e3o de tr\u00eas v\u00edrus da influenza em Pernambuco, dos tipos A (H1N1), A (H3N2) e B.<\/p>\n<p style=\"text-align: justify;\">Dos casos de s\u00edndrome grave registrados pela SES, foi constatado um caso positivo para influenza A (H1N1). Em 2017, n\u00e3o houve confirma\u00e7\u00e3o para este tipo de v\u00edrus, mas foram registrados 31 casos de influenza A (H3N2), cinco de influenza B e 2 de V\u00edrus Sincicial Respirat\u00f3rio.<\/p>\n<p style=\"text-align: justify;\">Com rela\u00e7\u00e3o \u00e0 s\u00edndrome gripal mais leve, foi confirmado um caso de influenza B, 1 de influenza A(H1N1) e 1 de influenza A(H3N2).<\/p>\n<p style=\"text-align: justify;\">O Brasil notifica obrigatoriamente os casos de Srag, que \u00e9 quando h\u00e1 necessidade de interna\u00e7\u00e3o de pacientes com febre, tosse ou dor de garganta associado \u00e0 dispneia ou desconforto respirat\u00f3rio. De acordo com a SES, Pernambuco faz o acompanhamento da s\u00edndrome gripal, que engloba os casos leves, em quatro unidades sentinelas, tr\u00eas localizadas no Recife e uma em Jaboat\u00e3o dos Guararapes, na Regi\u00e3o Metropolitana.<\/p>\n<p style=\"text-align: justify;\"><strong>Vacina\u00e7\u00e3o<\/strong><\/p>\n<p style=\"text-align: justify;\">\nEntre os dias 23 de abril e 1\u00ba de junho, \u00e9 realizada a Campanha Nacional de Vacina\u00e7\u00e3o Contra a Influenza, que protege contra os tr\u00eas v\u00edrus em circula\u00e7\u00e3o em Pernambuco, a influenza A (H1N1), influenza A (H3N2) e influenza B.<\/p>\n<p style=\"text-align: justify;\">A vacina\u00e7\u00e3o contra a influenza \u00e9 feita em uma dose. A exce\u00e7\u00e3o se aplica aos menores de 9 anos, que devem tomar a segunda 30 dias ap\u00f3s a primeira. A campanha segue at\u00e9 o dia 26 deste m\u00eas. A vacina \u00e9 contraindicada para pessoas com hist\u00f3ria de rea\u00e7\u00e3o anafil\u00e1tica em doses anteriores, como tamb\u00e9m a qualquer componente da vacina ou alergia a ovo de galinha e seus derivados.<\/p>\n<p style=\"text-align: justify;\">\nPodem se vacinar contra a influenza: idosos, crian\u00e7as de 6 meses a menores de 5 anos, gestantes, crian\u00e7a com 45 dias de nascimento, ind\u00edgenas, portadores de doen\u00e7as cr\u00f4nicas n\u00e3o transmiss\u00edveis e outras condi\u00e7\u00f5es cl\u00ednicas especiais, adolescentes e jovens de 12 a 21 anos de idade sob medidas socioeducativas, popula\u00e7\u00e3o privada de liberdade e funcion\u00e1rios do sistema prisional e professores dos ensinos b\u00e1sico e superior de escolas p\u00fablicas e privadas, al\u00e9m de profissionais de sa\u00fade.<\/p>\n<p style=\"text-align: justify;\"><strong>Influenza<\/strong><\/p>\n<p style=\"text-align: justify;\">\n\u00c9 uma infec\u00e7\u00e3o viral aguda que afeta o sistema respirat\u00f3rio. A transmiss\u00e3o ocorre por meio de secre\u00e7\u00f5es das vias respirat\u00f3rias da pessoa contaminada ao falar, tossir, espirrar ou pelas m\u00e3os, que ap\u00f3s contato com superf\u00edcies rec\u00e9m-condicionadas por secre\u00e7\u00f5es respirat\u00f3rias pode levar o agente infeccioso direto a boca, olhos e nariz.<\/p>\n<p style=\"text-align: justify;\"><strong>Veja medidas para evitar a doen\u00e7a<\/strong><\/p>\n<p style=\"text-align: justify;\">\n&#8211; Lavar as m\u00e3os com \u00e1gua e sab\u00e3o frequentemente (principalmente antes de consumir algum alimento, tocar os olhos, nariz ou boca e ap\u00f3s tossir, espirrar e\/ou usar o banheiro).<br \/>\n&#8211; Ao tossir ou espirrar, cobrir o nariz e a boca com um len\u00e7o descart\u00e1vel e ap\u00f3s o uso descart\u00e1-los em lixeiras.<br \/>\n&#8211; Na aus\u00eancia do len\u00e7o, usar o ombro ou antebra\u00e7o interno como barreira ao tossir ou espirrar.<br \/>\n&#8211; N\u00e3o compartilhar alimentos, copos, garrafas, toalhas e objetos de uso pessoal.<br \/>\n&#8211; Manter os ambientes ventilados, com portas e janelas abertas, para favorecer a circula\u00e7\u00e3o de ar.<br \/>\n&#8211; Pessoas com gripe\/resfriado devem evitar ambientes fechados e aglomerados, assim como contato direto com outras pessoas (abra\u00e7o, beijo, apertos de m\u00e3o etc.).<br \/>\n&#8211; Evitar sair de casa durante o per\u00edodo de transmiss\u00e3o da doen\u00e7a. Em adultos, este per\u00edodo dura, em m\u00e9dia, at\u00e9 cinco dias ap\u00f3s o in\u00edcio dos sintomas, e em crian\u00e7as pode durar, em m\u00e9dia, 10 dias.<br \/>\n&#8211; N\u00e3o usar medicamentos sem orienta\u00e7\u00e3o m\u00e9dica. A automedica\u00e7\u00e3o pode ser prejudicial \u00e0 sa\u00fade.<br \/>\n&#8211; Adotar h\u00e1bitos saud\u00e1veis, como alimenta\u00e7\u00e3o balanceada e ingest\u00e3o de l\u00edquidos.<\/p>\n<p style=\"text-align: justify;\">\n<p style=\"text-align: justify;\">Fonte: G1<\/p>\n","protected":false},"excerpt":{"rendered":"<p>Segundo Secretaria de Sa\u00fade, at\u00e9 o dia 17 de mar\u00e7o, foram registrados 174 casos da doen\u00e7a. Em 2017, estado contabilizou 264 ocorr\u00eancias. Os casos de S\u00edndrome Respirat\u00f3ria Aguda Grave (SRAG) tiveram uma diminui\u00e7\u00e3o de 34%, nos primeiros meses de 2018, quando comparados com os do ano passado. Segundo a Secretaria Estadual de Sa\u00fade (SES), at\u00e9 [&hellip;]<\/p>\n","protected":false},"author":1,"featured_media":0,"comment_status":"open","ping_status":"open","sticky":false,"template":"","format":"standard","meta":{"ocean_post_layout":"","ocean_both_sidebars_style":"","ocean_both_sidebars_content_width":0,"ocean_both_sidebars_sidebars_width":0,"ocean_sidebar":"","ocean_second_sidebar":"","ocean_disable_margins":"enable","ocean_add_body_class":"","ocean_shortcode_before_top_bar":"","ocean_shortcode_after_top_bar":"","ocean_shortcode_before_header":"","ocean_shortcode_after_header":"","ocean_has_shortcode":"","ocean_shortcode_after_title":"","ocean_shortcode_before_footer_widgets":"","ocean_shortcode_after_footer_widgets":"","ocean_shortcode_before_footer_bottom":"","ocean_shortcode_after_footer_bottom":"","ocean_display_top_bar":"default","ocean_display_header":"default","ocean_header_style":"","ocean_center_header_left_menu":"","ocean_custom_header_template":"","ocean_custom_logo":0,"ocean_custom_retina_logo":0,"ocean_custom_logo_max_width":0,"ocean_custom_logo_tablet_max_width":0,"ocean_custom_logo_mobile_max_width":0,"ocean_custom_logo_max_height":0,"ocean_custom_logo_tablet_max_height":0,"ocean_custom_logo_mobile_max_height":0,"ocean_header_custom_menu":"","ocean_menu_typo_font_family":"","ocean_menu_typo_font_subset":"","ocean_menu_typo_font_size":0,"ocean_menu_typo_font_size_tablet":0,"ocean_menu_typo_font_size_mobile":0,"ocean_menu_typo_font_size_unit":"px","ocean_menu_typo_font_weight":"","ocean_menu_typo_font_weight_tablet":"","ocean_menu_typo_font_weight_mobile":"","ocean_menu_typo_transform":"","ocean_menu_typo_transform_tablet":"","ocean_menu_typo_transform_mobile":"","ocean_menu_typo_line_height":0,"ocean_menu_typo_line_height_tablet":0,"ocean_menu_typo_line_height_mobile":0,"ocean_menu_typo_line_height_unit":"","ocean_menu_typo_spacing":0,"ocean_menu_typo_spacing_tablet":0,"ocean_menu_typo_spacing_mobile":0,"ocean_menu_typo_spacing_unit":"","ocean_menu_link_color":"","ocean_menu_link_color_hover":"","ocean_menu_link_color_active":"","ocean_menu_link_background":"","ocean_menu_link_hover_background":"","ocean_menu_link_active_background":"","ocean_menu_social_links_bg":"","ocean_menu_social_hover_links_bg":"","ocean_menu_social_links_color":"","ocean_menu_social_hover_links_color":"","ocean_disable_title":"default","ocean_disable_heading":"default","ocean_post_title":"","ocean_post_subheading":"","ocean_post_title_style":"","ocean_post_title_background_color":"","ocean_post_title_background":0,"ocean_post_title_bg_image_position":"","ocean_post_title_bg_image_attachment":"","ocean_post_title_bg_image_repeat":"","ocean_post_title_bg_image_size":"","ocean_post_title_height":0,"ocean_post_title_bg_overlay":0.5,"ocean_post_title_bg_overlay_color":"","ocean_disable_breadcrumbs":"default","ocean_breadcrumbs_color":"","ocean_breadcrumbs_separator_color":"","ocean_breadcrumbs_links_color":"","ocean_breadcrumbs_links_hover_color":"","ocean_display_footer_widgets":"default","ocean_display_footer_bottom":"default","ocean_custom_footer_template":"","ocean_post_oembed":"","ocean_post_self_hosted_media":"","ocean_post_video_embed":"","ocean_link_format":"","ocean_link_format_target":"self","ocean_quote_format":"","ocean_quote_format_link":"post","ocean_gallery_link_images":"on","ocean_gallery_id":[]},"categories":[9],"tags":[1723,2666,49],"acf":[],"_links":{"self":[{"href":"https:\/\/www.simepe.com.br\/novo\/wp-json\/wp\/v2\/posts\/45226"}],"collection":[{"href":"https:\/\/www.simepe.com.br\/novo\/wp-json\/wp\/v2\/posts"}],"about":[{"href":"https:\/\/www.simepe.com.br\/novo\/wp-json\/wp\/v2\/types\/post"}],"author":[{"embeddable":true,"href":"https:\/\/www.simepe.com.br\/novo\/wp-json\/wp\/v2\/users\/1"}],"replies":[{"embeddable":true,"href":"https:\/\/www.simepe.com.br\/novo\/wp-json\/wp\/v2\/comments?post=45226"}],"version-history":[{"count":1,"href":"https:\/\/www.simepe.com.br\/novo\/wp-json\/wp\/v2\/posts\/45226\/revisions"}],"predecessor-version":[{"id":45227,"href":"https:\/\/www.simepe.com.br\/novo\/wp-json\/wp\/v2\/posts\/45226\/revisions\/45227"}],"wp:attachment":[{"href":"https:\/\/www.simepe.com.br\/novo\/wp-json\/wp\/v2\/media?parent=45226"}],"wp:term":[{"taxonomy":"category","embeddable":true,"href":"https:\/\/www.simepe.com.br\/novo\/wp-json\/wp\/v2\/categories?post=45226"},{"taxonomy":"post_tag","embeddable":true,"href":"https:\/\/www.simepe.com.br\/novo\/wp-json\/wp\/v2\/tags?post=45226"}],"curies":[{"name":"wp","href":"https:\/\/api.w.org\/{rel}","templated":true}]}}