{"id":45228,"date":"2018-04-04T08:42:40","date_gmt":"2018-04-04T11:42:40","guid":{"rendered":"http:\/\/www.simepe.com.br\/novo\/?p=45228"},"modified":"2018-04-04T08:42:40","modified_gmt":"2018-04-04T11:42:40","slug":"gravida-dorme-em-colchao-no-chao-de-maternidade-publica-na-zona-norte-do-recife","status":"publish","type":"post","link":"https:\/\/www.simepe.com.br\/novo\/gravida-dorme-em-colchao-no-chao-de-maternidade-publica-na-zona-norte-do-recife\/","title":{"rendered":"Gr\u00e1vida dorme em colch\u00e3o no ch\u00e3o de maternidade p\u00fablica na Zona Norte do Recife"},"content":{"rendered":"<p style=\"text-align: justify;\">Imagem de superlota\u00e7\u00e3o no Centro de Sa\u00fade Amaury de Medeiros (Cisam) foi enviada ao WhatsApp da TV Globo nesta quarta-feira (4).<\/p>\n<p style=\"text-align: justify;\"><img src=\"https:\/\/s2.glbimg.com\/_lr_ZVWnKVjuso5axJHNv4striw=\/0x0:1280x960\/984x0\/smart\/filters:strip_icc()\/i.s3.glbimg.com\/v1\/AUTH_59edd422c0c84a879bd37670ae4f538a\/internal_photos\/bs\/2018\/l\/c\/bm0BPZRNilYAQdzeVHWg\/whatsapp-image-2018-04-04-at-5.46.58-am.jpeg\" alt=\"Gr\u00c3\u00a1vida dorme em colch\u00c3\u00a3o no ch\u00c3\u00a3o do Cisam, na Zona Norte do Recife (Foto: Reprodu\u00c3\u00a7\u00c3\u00a3o\/WhatsApp)\" \/><\/p>\n<p style=\"text-align: justify;\">Imagens enviadas para o WhatsApp da TV Globo nesta quarta-feira (4) revelam a superlota\u00e7\u00e3o no Centro Integrado de Sa\u00fade Amaury de Medeiros (Cisam), unidade de refer\u00eancia em partos do Sistema \u00danico de Sa\u00fade (SUS) na Zona Norte do Recife. Uma foto feita \u00e0s 2h mostra uma gr\u00e1vida dormido em um colch\u00e3o de pl\u00e1stico no ch\u00e3o da maternidade p\u00fablica, no bairro da Encruzilhada.<\/p>\n<p style=\"text-align: justify;\">Essa gestante era uma das 18 mulheres que estavam na triagem da unidade. O setor \u00e9 destinado a pacientes que d\u00e3o entrada no centro de sa\u00fade e n\u00e3o permite a perman\u00eancia de ningu\u00e9m.<\/p>\n<p style=\"text-align: justify;\">Al\u00e9m disso, durante a madrugada desta quarta, havia mulheres aguardando atendimento em cadeiras que ficam nos corredores. O Cisam, unidade do governo ligada \u00e0 Universidade de Pernambuco (UPE), tem 120 leitos e todos estavam ocupados.<\/p>\n<p style=\"text-align: justify;\"><img src=\"https:\/\/s2.glbimg.com\/fugE2kE5sf51mddW-kIvkfl_ygg=\/0x218:960x678\/984x0\/smart\/filters:strip_icc()\/i.s3.glbimg.com\/v1\/AUTH_59edd422c0c84a879bd37670ae4f538a\/internal_photos\/bs\/2018\/e\/p\/29PcTpTpyrBE8S3QneeA\/whatsapp-image-2018-04-04-at-5.46.58-am-1-.jpeg\" alt=\"Pacientes cochilam encostadas a uma mesa no Cisam, na Encruzilhada, no Recife (Foto: Reprodu\u00c3\u00a7\u00c3\u00a3o\/WhatsApp)\" \/><\/p>\n<p style=\"text-align: justify;\">Outra foto enviada para o WhatsApp da TV Globo mostra duas mulheres cochilando com a cabe\u00e7a sobre uma mesa do Cisam. O n\u00famero de pacientes era tr\u00eas vezes maior do que a capacidade da maternidade, segundo estimativa da dire\u00e7\u00e3o da unidade.<\/p>\n<p style=\"text-align: justify;\">Ainda segundo a dire\u00e7\u00e3o, a unidade de sa\u00fade atende 110 pessoas todos os dias, faz 14 partos e realiza 300 servi\u00e7os ambulatoriais. Cerca de 70% das mulheres que passam pelo Cisam s\u00e3o de fora do Recife, de acordo com a dire\u00e7\u00e3o.<\/p>\n<p style=\"text-align: justify;\">\nPara o diretor do Cisam, Ol\u00edmpio de Moraes Filho, a situa\u00e7\u00e3o do Cisam da madrugada desta quarta-feira \u00e9 um reflexo do problema da rede p\u00fablica de sa\u00fade na \u00e1rea de obstetr\u00edcia. \u201c\u00c9 um drama cr\u00f4nico\u201d, declarou.<\/p>\n<p style=\"text-align: justify;\">Segundo ele, o problema j\u00e1 foi comunicado \u00e0 central que regula os partos em Pernambuco. A dire\u00e7\u00e3o do Cisam pediu aux\u00edlio, mas as outras unidades, de acordo com Ol\u00edmp\u00edo de Moraes Filho, tamb\u00e9m est\u00e3o sem vagas.<\/p>\n<p style=\"text-align: justify;\">O m\u00e9dico destaca que, al\u00e9m das dificuldades estruturais, h\u00e1 um problema da falta de recursos humanos. \u201cPrecisamos de, no m\u00ednimo, sete obstetras. Temos tr\u00eas nutricionistas, mas necessitamos de 10 profissionais\u201d, declarou.<\/p>\n<p style=\"text-align: justify;\">O diretor da unidade afirmou que vai se reunir ao longo desta quarta-feira (4) com representantes da Secretaria Estadual de Sa\u00fade (SES) para tentar encontrar uma solu\u00e7\u00e3o para o problema. \u201cPrecisamos contratar os profissionais que j\u00e1 foram aprovados em concurso, mas n\u00e3o h\u00e1 dinheiro\u201d, observou.<\/p>\n<p style=\"text-align: justify;\"><strong>Problemas<\/strong><\/p>\n<p style=\"text-align: justify;\">\nEm janeiro deste ano, um levantamento feito pela TV Globo mostrou que, dos 15 munic\u00edpios da Regi\u00e3o Metropolitana, sete fecharam maternidades nos \u00faltimos cinco anos. Nenhum beb\u00ea nasceu em hospitais das redes p\u00fablicas municipais de Paulista, Igarassu, Itamarac\u00e1, Itapissuma, Ara\u00e7oiaba e Moreno, em 2017.<\/p>\n<p style=\"text-align: justify;\">O n\u00famero do Departamento de Inform\u00e1tica do Sistema \u00danico de Sa\u00fade (Datasus) revela um problema no setor de obstetr\u00edcia no Grande Recife. O resultado disso \u00e9 que as maternidades do Recife sofrem com a superlota\u00e7\u00e3o e as unidades de sa\u00fade que deveriam atender apenas casos de alto risco acabam recebendo a demanda de outras cidades.<\/p>\n<p style=\"text-align: justify;\">\nUma pesquisa feita pelo Conselho Federal de Medicina (CFM) tamb\u00e9m mostra que, em cinco anos, Pernambuco perdeu 136 leitos de obstetr\u00edcia.<\/p>\n<p style=\"text-align: justify;\">\n<p style=\"text-align: justify;\">Link para assistir a mat\u00e9ria:\u00a0<a href=\"https:\/\/g1.globo.com\/pe\/pernambuco\/noticia\/gravida-dorme-em-colchao-no-chao-de-maternidade-publica-na-zona-norte-do-recife.ghtml\">https:\/\/g1.globo.com\/pe\/pernambuco\/noticia\/gravida-dorme-em-colchao-no-chao-de-maternidade-publica-na-zona-norte-do-recife.ghtml<\/a>.<\/p>\n<p style=\"text-align: justify;\">\n<p style=\"text-align: justify;\">Fonte: G1<\/p>\n","protected":false},"excerpt":{"rendered":"<p>Imagem de superlota\u00e7\u00e3o no Centro de Sa\u00fade Amaury de Medeiros (Cisam) foi enviada ao WhatsApp da TV Globo nesta quarta-feira (4). Imagens enviadas para o WhatsApp da TV Globo nesta quarta-feira (4) revelam a superlota\u00e7\u00e3o no Centro Integrado de Sa\u00fade Amaury de Medeiros (Cisam), unidade de refer\u00eancia em partos do Sistema \u00danico de Sa\u00fade (SUS) [&hellip;]<\/p>\n","protected":false},"author":1,"featured_media":0,"comment_status":"open","ping_status":"open","sticky":false,"template":"","format":"standard","meta":{"ocean_post_layout":"","ocean_both_sidebars_style":"","ocean_both_sidebars_content_width":0,"ocean_both_sidebars_sidebars_width":0,"ocean_sidebar":"","ocean_second_sidebar":"","ocean_disable_margins":"enable","ocean_add_body_class":"","ocean_shortcode_before_top_bar":"","ocean_shortcode_after_top_bar":"","ocean_shortcode_before_header":"","ocean_shortcode_after_header":"","ocean_has_shortcode":"","ocean_shortcode_after_title":"","ocean_shortcode_before_footer_widgets":"","ocean_shortcode_after_footer_widgets":"","ocean_shortcode_before_footer_bottom":"","ocean_shortcode_after_footer_bottom":"","ocean_display_top_bar":"default","ocean_display_header":"default","ocean_header_style":"","ocean_center_header_left_menu":"","ocean_custom_header_template":"","ocean_custom_logo":0,"ocean_custom_retina_logo":0,"ocean_custom_logo_max_width":0,"ocean_custom_logo_tablet_max_width":0,"ocean_custom_logo_mobile_max_width":0,"ocean_custom_logo_max_height":0,"ocean_custom_logo_tablet_max_height":0,"ocean_custom_logo_mobile_max_height":0,"ocean_header_custom_menu":"","ocean_menu_typo_font_family":"","ocean_menu_typo_font_subset":"","ocean_menu_typo_font_size":0,"ocean_menu_typo_font_size_tablet":0,"ocean_menu_typo_font_size_mobile":0,"ocean_menu_typo_font_size_unit":"px","ocean_menu_typo_font_weight":"","ocean_menu_typo_font_weight_tablet":"","ocean_menu_typo_font_weight_mobile":"","ocean_menu_typo_transform":"","ocean_menu_typo_transform_tablet":"","ocean_menu_typo_transform_mobile":"","ocean_menu_typo_line_height":0,"ocean_menu_typo_line_height_tablet":0,"ocean_menu_typo_line_height_mobile":0,"ocean_menu_typo_line_height_unit":"","ocean_menu_typo_spacing":0,"ocean_menu_typo_spacing_tablet":0,"ocean_menu_typo_spacing_mobile":0,"ocean_menu_typo_spacing_unit":"","ocean_menu_link_color":"","ocean_menu_link_color_hover":"","ocean_menu_link_color_active":"","ocean_menu_link_background":"","ocean_menu_link_hover_background":"","ocean_menu_link_active_background":"","ocean_menu_social_links_bg":"","ocean_menu_social_hover_links_bg":"","ocean_menu_social_links_color":"","ocean_menu_social_hover_links_color":"","ocean_disable_title":"default","ocean_disable_heading":"default","ocean_post_title":"","ocean_post_subheading":"","ocean_post_title_style":"","ocean_post_title_background_color":"","ocean_post_title_background":0,"ocean_post_title_bg_image_position":"","ocean_post_title_bg_image_attachment":"","ocean_post_title_bg_image_repeat":"","ocean_post_title_bg_image_size":"","ocean_post_title_height":0,"ocean_post_title_bg_overlay":0.5,"ocean_post_title_bg_overlay_color":"","ocean_disable_breadcrumbs":"default","ocean_breadcrumbs_color":"","ocean_breadcrumbs_separator_color":"","ocean_breadcrumbs_links_color":"","ocean_breadcrumbs_links_hover_color":"","ocean_display_footer_widgets":"default","ocean_display_footer_bottom":"default","ocean_custom_footer_template":"","ocean_post_oembed":"","ocean_post_self_hosted_media":"","ocean_post_video_embed":"","ocean_link_format":"","ocean_link_format_target":"self","ocean_quote_format":"","ocean_quote_format_link":"post","ocean_gallery_link_images":"on","ocean_gallery_id":[]},"categories":[9],"tags":[309,2667,82],"acf":[],"_links":{"self":[{"href":"https:\/\/www.simepe.com.br\/novo\/wp-json\/wp\/v2\/posts\/45228"}],"collection":[{"href":"https:\/\/www.simepe.com.br\/novo\/wp-json\/wp\/v2\/posts"}],"about":[{"href":"https:\/\/www.simepe.com.br\/novo\/wp-json\/wp\/v2\/types\/post"}],"author":[{"embeddable":true,"href":"https:\/\/www.simepe.com.br\/novo\/wp-json\/wp\/v2\/users\/1"}],"replies":[{"embeddable":true,"href":"https:\/\/www.simepe.com.br\/novo\/wp-json\/wp\/v2\/comments?post=45228"}],"version-history":[{"count":1,"href":"https:\/\/www.simepe.com.br\/novo\/wp-json\/wp\/v2\/posts\/45228\/revisions"}],"predecessor-version":[{"id":45229,"href":"https:\/\/www.simepe.com.br\/novo\/wp-json\/wp\/v2\/posts\/45228\/revisions\/45229"}],"wp:attachment":[{"href":"https:\/\/www.simepe.com.br\/novo\/wp-json\/wp\/v2\/media?parent=45228"}],"wp:term":[{"taxonomy":"category","embeddable":true,"href":"https:\/\/www.simepe.com.br\/novo\/wp-json\/wp\/v2\/categories?post=45228"},{"taxonomy":"post_tag","embeddable":true,"href":"https:\/\/www.simepe.com.br\/novo\/wp-json\/wp\/v2\/tags?post=45228"}],"curies":[{"name":"wp","href":"https:\/\/api.w.org\/{rel}","templated":true}]}}