{"id":45232,"date":"2018-04-04T08:52:07","date_gmt":"2018-04-04T11:52:07","guid":{"rendered":"http:\/\/www.simepe.com.br\/novo\/?p=45232"},"modified":"2018-04-04T08:52:07","modified_gmt":"2018-04-04T11:52:07","slug":"pernambuco-registra-os-dois-primeiros-casos-de-gripe-h1n1-de-2018","status":"publish","type":"post","link":"https:\/\/www.simepe.com.br\/novo\/pernambuco-registra-os-dois-primeiros-casos-de-gripe-h1n1-de-2018\/","title":{"rendered":"Pernambuco registra os dois primeiros casos de gripe H1N1 de 2018"},"content":{"rendered":"<p style=\"text-align: justify;\">Desde o ano passado n\u00e3o havia relato dessa infec\u00e7\u00e3o no Estado. Um dos pacientes evoluiu para um quadro de S\u00edndrome Respirat\u00f3ria Aguda Grave<\/p>\n<p style=\"text-align: justify;\">Pernambuco registrou os primeiros dois casos da gripe H1N1 em 2018. Desde o ano passado n\u00e3o havia relato dessa infec\u00e7\u00e3o no Estado. Apenas um dos pacientes evoluiu para o quadro conhecido como S\u00edndrome Respirat\u00f3ria Aguda Grave (SRAG) e precisou de interna\u00e7\u00e3o. Trata-se de uma mulher de 56 anos, residente em Petrolina, no Sert\u00e3o, que teve os primeiros sintomas da infec\u00e7\u00e3o viral em 11 de fevereiro. O outro paciente n\u00e3o necessitou de internamento. Al\u00e9m da identifica\u00e7\u00e3o da circula\u00e7\u00e3o do H1N1, tamb\u00e9m j\u00e1 foram confirmados este ano os v\u00edrus das influenzas B e H3N2. N\u00e3o foram notificadas mortes at\u00e9 o momento. O resultado do boletim estadual de gripes com a circula\u00e7\u00e3o dos tr\u00eas pat\u00f3genos foi divulgado a 20 dias do in\u00edcio da campanha nacional de vacina\u00e7\u00e3o, que ser\u00e1 iniciada no pr\u00f3ximo dia 23.<\/p>\n<p style=\"text-align: justify;\">\u201cIsso (confirma\u00e7\u00e3o do H1N1) n\u00e3o representa uma situa\u00e7\u00e3o de alerta m\u00e1ximo. Estamos atentos e monitorando as unidades. Os dados n\u00e3o significam preocupa\u00e7\u00e3o aumentada, mas o tom tamb\u00e9m n\u00e3o deve ser de tranquilidade\u201d, disse a gerente de Preven\u00e7\u00e3o de Doen\u00e7as Imunopreven\u00edveis da Secretaria Estadual de Sa\u00fade (SES), Ana Antunes. Ainda segundo a gestora, a aus\u00eancia de notifica\u00e7\u00f5es de casos de H1N1 em 2017 n\u00e3o significa a inexist\u00eancia da circula\u00e7\u00e3o viral e o retorno na doen\u00e7a este ano. \u201cN\u00e3o podemos afirmar que n\u00e3o circulou, s\u00f3 que no que a gente pesquisou n\u00e3o encontrou. \u00c9 prov\u00e1vel que tenha circulado, s\u00f3 que deve ter acontecido em menor propor\u00e7\u00e3o e n\u00e3o conseguimos captar\u201d, justificou.<\/p>\n<p style=\"text-align: justify;\">Em 2017, houve maior preval\u00eancia do H3N2, gripe que tamb\u00e9m pode levar a agravamento dos casos. A gestora ainda destacou que as influenzas podem ocorrer em qualquer \u00e9poca do ano, mas h\u00e1 per\u00edodos de maior incid\u00eancia, como os de frio e chuva. \u201cEste ano encontramos os tr\u00eas v\u00edrus nos casos de s\u00edndrome gripal, mas n\u00e3o podemos afirmar nada ainda (sobre qual ter\u00e1 maior preval\u00eancia)\u201d, explicou.<\/p>\n<p style=\"text-align: justify;\">O cen\u00e1rio, at\u00e9 a 11\u00aa semana do ano, mostra que, entre os 174 casos de S\u00edndrome Respirat\u00f3ria Aguda Grave (SRAG) notificados, apenas um teve a conclus\u00e3o laboratorial para o H1N1. Em compara\u00e7\u00e3o ao mesmo per\u00edodo de 2017 &#8211; quando os quadros de SRAG acumulavam 264 notifica\u00e7\u00f5es -, houve uma diminui\u00e7\u00e3o de 34% entre os dois anos. Naquela \u00e9poca foram confirmadas 31 complica\u00e7\u00f5es por influenza A (H3N2), cinco por influenza B e dois poir VSR. Em compara\u00e7\u00e3o com os mesmos per\u00edodos, em 2017 foram registrados 5.187 atendimentos de pessoas com s\u00edndrome gripal nas quatro unidades sentinelas para influenzas no Estado, contra 4.062 este ano, ou seja, redu\u00e7\u00e3o de 21,6%. Entre esses pacientes leves j\u00e1 foram identificados, em 2018, al\u00e9m do caso de H1N1, mais um caso de influenza B, e um de H3N2.<\/p>\n<p style=\"text-align: justify;\">Sobre a vacina\u00e7\u00e3o, a SES informa que est\u00e1 nos preparativos da campanha da influenza, que inicia em 23 de abril e segue at\u00e9 1\u00ba de junho. A pasta n\u00e3o confirmou se as doses, que s\u00e3o enviadas pelo Minist\u00e9rio da Sa\u00fade (MS), j\u00e1 chegaram. O MS adiou o in\u00edcio da vacina\u00e7\u00e3o que estava previsto para 16 de abril, mesmo diante da recorr\u00eancia de casos em v\u00e1rios estados brasileiros. A meta \u00e9 imunizar 2.399.361 pernambucanos do grupo considerado priorit\u00e1rio.<\/p>\n<p style=\"text-align: justify;\">No p\u00fablico alvo da campanha do SUS est\u00e3o idosos, crian\u00e7as de 6 meses a menores de 5 anos, gestantes, pu\u00e9rperas (at\u00e9 45 dias ap\u00f3s o parto), ind\u00edgenas, doentes cr\u00f4nicos, adolescentes e jovens de 12 a 21 anos de idade sob medidas socioeducativas, popula\u00e7\u00e3o privada de liberdade e funcion\u00e1rios do sistema prisional, professores e profissionais de sa\u00fade.<\/p>\n<p style=\"text-align: justify;\">\n<p style=\"text-align: justify;\">Fonte: Folha de Pernambuco<\/p>\n","protected":false},"excerpt":{"rendered":"<p>Desde o ano passado n\u00e3o havia relato dessa infec\u00e7\u00e3o no Estado. Um dos pacientes evoluiu para um quadro de S\u00edndrome Respirat\u00f3ria Aguda Grave Pernambuco registrou os primeiros dois casos da gripe H1N1 em 2018. Desde o ano passado n\u00e3o havia relato dessa infec\u00e7\u00e3o no Estado. Apenas um dos pacientes evoluiu para o quadro conhecido como [&hellip;]<\/p>\n","protected":false},"author":1,"featured_media":0,"comment_status":"open","ping_status":"open","sticky":false,"template":"","format":"standard","meta":{"ocean_post_layout":"","ocean_both_sidebars_style":"","ocean_both_sidebars_content_width":0,"ocean_both_sidebars_sidebars_width":0,"ocean_sidebar":"","ocean_second_sidebar":"","ocean_disable_margins":"enable","ocean_add_body_class":"","ocean_shortcode_before_top_bar":"","ocean_shortcode_after_top_bar":"","ocean_shortcode_before_header":"","ocean_shortcode_after_header":"","ocean_has_shortcode":"","ocean_shortcode_after_title":"","ocean_shortcode_before_footer_widgets":"","ocean_shortcode_after_footer_widgets":"","ocean_shortcode_before_footer_bottom":"","ocean_shortcode_after_footer_bottom":"","ocean_display_top_bar":"default","ocean_display_header":"default","ocean_header_style":"","ocean_center_header_left_menu":"","ocean_custom_header_template":"","ocean_custom_logo":0,"ocean_custom_retina_logo":0,"ocean_custom_logo_max_width":0,"ocean_custom_logo_tablet_max_width":0,"ocean_custom_logo_mobile_max_width":0,"ocean_custom_logo_max_height":0,"ocean_custom_logo_tablet_max_height":0,"ocean_custom_logo_mobile_max_height":0,"ocean_header_custom_menu":"","ocean_menu_typo_font_family":"","ocean_menu_typo_font_subset":"","ocean_menu_typo_font_size":0,"ocean_menu_typo_font_size_tablet":0,"ocean_menu_typo_font_size_mobile":0,"ocean_menu_typo_font_size_unit":"px","ocean_menu_typo_font_weight":"","ocean_menu_typo_font_weight_tablet":"","ocean_menu_typo_font_weight_mobile":"","ocean_menu_typo_transform":"","ocean_menu_typo_transform_tablet":"","ocean_menu_typo_transform_mobile":"","ocean_menu_typo_line_height":0,"ocean_menu_typo_line_height_tablet":0,"ocean_menu_typo_line_height_mobile":0,"ocean_menu_typo_line_height_unit":"","ocean_menu_typo_spacing":0,"ocean_menu_typo_spacing_tablet":0,"ocean_menu_typo_spacing_mobile":0,"ocean_menu_typo_spacing_unit":"","ocean_menu_link_color":"","ocean_menu_link_color_hover":"","ocean_menu_link_color_active":"","ocean_menu_link_background":"","ocean_menu_link_hover_background":"","ocean_menu_link_active_background":"","ocean_menu_social_links_bg":"","ocean_menu_social_hover_links_bg":"","ocean_menu_social_links_color":"","ocean_menu_social_hover_links_color":"","ocean_disable_title":"default","ocean_disable_heading":"default","ocean_post_title":"","ocean_post_subheading":"","ocean_post_title_style":"","ocean_post_title_background_color":"","ocean_post_title_background":0,"ocean_post_title_bg_image_position":"","ocean_post_title_bg_image_attachment":"","ocean_post_title_bg_image_repeat":"","ocean_post_title_bg_image_size":"","ocean_post_title_height":0,"ocean_post_title_bg_overlay":0.5,"ocean_post_title_bg_overlay_color":"","ocean_disable_breadcrumbs":"default","ocean_breadcrumbs_color":"","ocean_breadcrumbs_separator_color":"","ocean_breadcrumbs_links_color":"","ocean_breadcrumbs_links_hover_color":"","ocean_display_footer_widgets":"default","ocean_display_footer_bottom":"default","ocean_custom_footer_template":"","ocean_post_oembed":"","ocean_post_self_hosted_media":"","ocean_post_video_embed":"","ocean_link_format":"","ocean_link_format_target":"self","ocean_quote_format":"","ocean_quote_format_link":"post","ocean_gallery_link_images":"on","ocean_gallery_id":[]},"categories":[9],"tags":[1723,339,82],"acf":[],"_links":{"self":[{"href":"https:\/\/www.simepe.com.br\/novo\/wp-json\/wp\/v2\/posts\/45232"}],"collection":[{"href":"https:\/\/www.simepe.com.br\/novo\/wp-json\/wp\/v2\/posts"}],"about":[{"href":"https:\/\/www.simepe.com.br\/novo\/wp-json\/wp\/v2\/types\/post"}],"author":[{"embeddable":true,"href":"https:\/\/www.simepe.com.br\/novo\/wp-json\/wp\/v2\/users\/1"}],"replies":[{"embeddable":true,"href":"https:\/\/www.simepe.com.br\/novo\/wp-json\/wp\/v2\/comments?post=45232"}],"version-history":[{"count":1,"href":"https:\/\/www.simepe.com.br\/novo\/wp-json\/wp\/v2\/posts\/45232\/revisions"}],"predecessor-version":[{"id":45233,"href":"https:\/\/www.simepe.com.br\/novo\/wp-json\/wp\/v2\/posts\/45232\/revisions\/45233"}],"wp:attachment":[{"href":"https:\/\/www.simepe.com.br\/novo\/wp-json\/wp\/v2\/media?parent=45232"}],"wp:term":[{"taxonomy":"category","embeddable":true,"href":"https:\/\/www.simepe.com.br\/novo\/wp-json\/wp\/v2\/categories?post=45232"},{"taxonomy":"post_tag","embeddable":true,"href":"https:\/\/www.simepe.com.br\/novo\/wp-json\/wp\/v2\/tags?post=45232"}],"curies":[{"name":"wp","href":"https:\/\/api.w.org\/{rel}","templated":true}]}}