{"id":45239,"date":"2018-04-04T09:12:52","date_gmt":"2018-04-04T12:12:52","guid":{"rendered":"http:\/\/www.simepe.com.br\/novo\/?p=45239"},"modified":"2018-04-04T09:12:52","modified_gmt":"2018-04-04T12:12:52","slug":"cremepe-participa-de-audiencia-sobre-estagios-em-medicina-e-direito","status":"publish","type":"post","link":"https:\/\/www.simepe.com.br\/novo\/cremepe-participa-de-audiencia-sobre-estagios-em-medicina-e-direito\/","title":{"rendered":"Cremepe participa de audi\u00eancia sobre est\u00e1gios em medicina e direito"},"content":{"rendered":"<p style=\"text-align: justify;\">A qualidade e a garantia dos est\u00e1gios para estudantes dos cursos de Direito e de Medicina foram debatidas, nesta segunda (2), em reuni\u00e3o da Comiss\u00e3o Especial da Assembleia que avalia a situa\u00e7\u00e3o dessas atividades curriculares e extracurriculares em Pernambuco. O colegiado funciona desde agosto passado.<\/p>\n<p style=\"text-align: justify;\">Presidente da Comiss\u00e3o de Est\u00e1gio e Exame da Ordem dos Advogados do Brasil (OAB-PE), Cl\u00e1udio Alexandre Correia narrou o trabalho do setor no acompanhamento das atividades ocupacionais dos estudantes e as regras que devem ser respeitadas, e que s\u00e3o regidas pela Lei Federal n\u00ba 8.906\/1994. \u201cExiste uma grande preocupa\u00e7\u00e3o da OAB de entregar, para a sociedade, profissionais habilitados e preparados. Vamos pessoalmente aos escrit\u00f3rios de advocacia, inclusive para constatar se o local est\u00e1 adequado para receber esses estudantes, e tamb\u00e9m para certificar que o estagi\u00e1rio realizar\u00e1 atividades t\u00edpicas do direito\u201d, comentou.<\/p>\n<p style=\"text-align: justify;\">De acordo com Cl\u00e1udio Correia, em Pernambuco h\u00e1 42 cursos de Direito em funcionamento, al\u00e9m de tr\u00eas aguardando autoriza\u00e7\u00e3o do Minist\u00e9rio da Educa\u00e7\u00e3o (MEC). \u201cO Brasil \u00e9 campe\u00e3o mundial em n\u00famero de advogados. Temos um total de 1.250 faculdades e a quantidade segue aumentando.\u201d Ele tamb\u00e9m comparou o crescimento no n\u00famero de formados com a redu\u00e7\u00e3o no percentual de aprova\u00e7\u00e3o no Exame da Ordem, que tem ca\u00eddo nas \u00faltimas edi\u00e7\u00f5es. Outra preocupa\u00e7\u00e3o da OAB \u00e9 com a autoriza\u00e7\u00e3o pelo MEC, em 2017, do curso superior de Tecnologia em Servi\u00e7os Jur\u00eddicos.<\/p>\n<p style=\"text-align: justify;\">O presidente do Conselho Regional de Medicina de Pernambuco (Cremepe), Andr\u00e9 Dubeux, observou que a entidade n\u00e3o tem a atribui\u00e7\u00e3o de acompanhar a atividade de est\u00e1gio e se posicionou contra a ado\u00e7\u00e3o de um exame semelhante ao realizado pela OAB para avaliar os formandos de Medicina. O m\u00e9dico defendeu uma avalia\u00e7\u00e3o seriada, aplicada no quarto, no oitavo e no d\u00e9cimo-segundo per\u00edodos do curso.<\/p>\n<p style=\"text-align: justify;\">Acerca das resid\u00eancias m\u00e9dicas, Dubeux pontuou que, \u201cem 2017, cerca de quatro mil estudantes fizeram prova para concorrer a 553 vagas\u201d. A qualidade dos cursos tamb\u00e9m merece ser avaliada, na opini\u00e3o do m\u00e9dico. \u201cNuma das sele\u00e7\u00f5es, o primeiro lugar na resid\u00eancia m\u00e9dica de Tocoginecologia nunca tinha presenciado um parto normal\u201d, criticou. O problema na forma\u00e7\u00e3o, de acordo com o presidente, gera diagn\u00f3sticos menos precisos e profissionais mais dependentes de exames. Para o m\u00e9dico, tamb\u00e9m \u00e9 necess\u00e1rio haver um debate amplo sobre as especialidades mais \u00fateis para a sociedade e apontou para a necessidade de foco maior na aten\u00e7\u00e3o b\u00e1sica: \u201cPrecisamos de especialistas em todas as \u00e1reas, mas n\u00e3o na propor\u00e7\u00e3o que temos hoje. \u00c9 importante que haja mais m\u00e9dicos generalistas\u201d.<\/p>\n<p style=\"text-align: justify;\">Do Diret\u00f3rio Acad\u00eamico de Direito na Universidade Federal de Pernambuco (UFPE), Vitor Gurgel elencou pontos enfrentados por alguns alunos em est\u00e1gio que considera problem\u00e1ticos, como a rigidez hier\u00e1rquica, o n\u00e3o oferecimento das f\u00e9rias e a sobrecarga de hor\u00e1rio. \u201cO est\u00e1gio \u00e9 para aprender e n\u00e3o para trabalhar, mas, muitas vezes, delegam a estagi\u00e1rios tempo e fun\u00e7\u00e3o que n\u00e3o competem a um estudante\u201d, declarou. Gurgel entregou documento \u00e0 OAB apontando sugest\u00f5es que podem ser adotadas para coibir descumprimentos \u00e0 Lei do Est\u00e1gio (Lei Federal n\u00ba 11.788\/2008). Representantes do Instituto Euvaldo Lodi (IEL) e do Centro de Integra\u00e7\u00e3o Empresa Escola de Pernambuco (CIEE) tamb\u00e9m participaram da reuni\u00e3o.<\/p>\n<p style=\"text-align: justify;\">A relatora do colegiado, deputada Terezinha Nunes (PSDB), frisou a necessidade de um novo encontro com integrantes do Minist\u00e9rio P\u00fablico do Trabalho (MPT) para tratar do entendimento do \u00f3rg\u00e3o sobre o gerenciamento dos programas de est\u00e1gio. O assunto foi abordado pela parlamentar no ano passado, em Plen\u00e1rio. \u201cAcredito que antes da conclus\u00e3o do relat\u00f3rio da Comiss\u00e3o, \u00e9 importante ouvir de novo o MPT, no sentido de chegarmos a um acordo. \u00c9 preciso cumprir a lei sim, mas tamb\u00e9m \u00e9 importante n\u00e3o esquecer a realidade\u201d, defendeu.<\/p>\n<p style=\"text-align: justify;\">Presidente da Comiss\u00e3o Especial, Teresa Leit\u00e3o (PT) acatou a proposta, salientando que encaminhar\u00e1 convite ao MPT ainda nesta segunda. \u201cEm todos os debates realizados desde o ano passado, constatamos a necessidade de maior aten\u00e7\u00e3o com o est\u00e1gio, que \u00e9 um componente curricular obrigat\u00f3rio e precisa ser tratado com seriedade\u201d, avaliou.<\/p>\n<p style=\"text-align: justify;\">\n<p style=\"text-align: justify;\">Fonte: Assessoria de Comunica\u00e7\u00e3o do Cremepe<\/p>\n","protected":false},"excerpt":{"rendered":"<p>A qualidade e a garantia dos est\u00e1gios para estudantes dos cursos de Direito e de Medicina foram debatidas, nesta segunda (2), em reuni\u00e3o da Comiss\u00e3o Especial da Assembleia que avalia a situa\u00e7\u00e3o dessas atividades curriculares e extracurriculares em Pernambuco. O colegiado funciona desde agosto passado. Presidente da Comiss\u00e3o de Est\u00e1gio e Exame da Ordem dos [&hellip;]<\/p>\n","protected":false},"author":1,"featured_media":0,"comment_status":"open","ping_status":"open","sticky":false,"template":"","format":"standard","meta":{"ocean_post_layout":"","ocean_both_sidebars_style":"","ocean_both_sidebars_content_width":0,"ocean_both_sidebars_sidebars_width":0,"ocean_sidebar":"","ocean_second_sidebar":"","ocean_disable_margins":"enable","ocean_add_body_class":"","ocean_shortcode_before_top_bar":"","ocean_shortcode_after_top_bar":"","ocean_shortcode_before_header":"","ocean_shortcode_after_header":"","ocean_has_shortcode":"","ocean_shortcode_after_title":"","ocean_shortcode_before_footer_widgets":"","ocean_shortcode_after_footer_widgets":"","ocean_shortcode_before_footer_bottom":"","ocean_shortcode_after_footer_bottom":"","ocean_display_top_bar":"default","ocean_display_header":"default","ocean_header_style":"","ocean_center_header_left_menu":"","ocean_custom_header_template":"","ocean_custom_logo":0,"ocean_custom_retina_logo":0,"ocean_custom_logo_max_width":0,"ocean_custom_logo_tablet_max_width":0,"ocean_custom_logo_mobile_max_width":0,"ocean_custom_logo_max_height":0,"ocean_custom_logo_tablet_max_height":0,"ocean_custom_logo_mobile_max_height":0,"ocean_header_custom_menu":"","ocean_menu_typo_font_family":"","ocean_menu_typo_font_subset":"","ocean_menu_typo_font_size":0,"ocean_menu_typo_font_size_tablet":0,"ocean_menu_typo_font_size_mobile":0,"ocean_menu_typo_font_size_unit":"px","ocean_menu_typo_font_weight":"","ocean_menu_typo_font_weight_tablet":"","ocean_menu_typo_font_weight_mobile":"","ocean_menu_typo_transform":"","ocean_menu_typo_transform_tablet":"","ocean_menu_typo_transform_mobile":"","ocean_menu_typo_line_height":0,"ocean_menu_typo_line_height_tablet":0,"ocean_menu_typo_line_height_mobile":0,"ocean_menu_typo_line_height_unit":"","ocean_menu_typo_spacing":0,"ocean_menu_typo_spacing_tablet":0,"ocean_menu_typo_spacing_mobile":0,"ocean_menu_typo_spacing_unit":"","ocean_menu_link_color":"","ocean_menu_link_color_hover":"","ocean_menu_link_color_active":"","ocean_menu_link_background":"","ocean_menu_link_hover_background":"","ocean_menu_link_active_background":"","ocean_menu_social_links_bg":"","ocean_menu_social_hover_links_bg":"","ocean_menu_social_links_color":"","ocean_menu_social_hover_links_color":"","ocean_disable_title":"default","ocean_disable_heading":"default","ocean_post_title":"","ocean_post_subheading":"","ocean_post_title_style":"","ocean_post_title_background_color":"","ocean_post_title_background":0,"ocean_post_title_bg_image_position":"","ocean_post_title_bg_image_attachment":"","ocean_post_title_bg_image_repeat":"","ocean_post_title_bg_image_size":"","ocean_post_title_height":0,"ocean_post_title_bg_overlay":0.5,"ocean_post_title_bg_overlay_color":"","ocean_disable_breadcrumbs":"default","ocean_breadcrumbs_color":"","ocean_breadcrumbs_separator_color":"","ocean_breadcrumbs_links_color":"","ocean_breadcrumbs_links_hover_color":"","ocean_display_footer_widgets":"default","ocean_display_footer_bottom":"default","ocean_custom_footer_template":"","ocean_post_oembed":"","ocean_post_self_hosted_media":"","ocean_post_video_embed":"","ocean_link_format":"","ocean_link_format_target":"self","ocean_quote_format":"","ocean_quote_format_link":"post","ocean_gallery_link_images":"on","ocean_gallery_id":[]},"categories":[9],"tags":[55,2670,229],"acf":[],"_links":{"self":[{"href":"https:\/\/www.simepe.com.br\/novo\/wp-json\/wp\/v2\/posts\/45239"}],"collection":[{"href":"https:\/\/www.simepe.com.br\/novo\/wp-json\/wp\/v2\/posts"}],"about":[{"href":"https:\/\/www.simepe.com.br\/novo\/wp-json\/wp\/v2\/types\/post"}],"author":[{"embeddable":true,"href":"https:\/\/www.simepe.com.br\/novo\/wp-json\/wp\/v2\/users\/1"}],"replies":[{"embeddable":true,"href":"https:\/\/www.simepe.com.br\/novo\/wp-json\/wp\/v2\/comments?post=45239"}],"version-history":[{"count":1,"href":"https:\/\/www.simepe.com.br\/novo\/wp-json\/wp\/v2\/posts\/45239\/revisions"}],"predecessor-version":[{"id":45240,"href":"https:\/\/www.simepe.com.br\/novo\/wp-json\/wp\/v2\/posts\/45239\/revisions\/45240"}],"wp:attachment":[{"href":"https:\/\/www.simepe.com.br\/novo\/wp-json\/wp\/v2\/media?parent=45239"}],"wp:term":[{"taxonomy":"category","embeddable":true,"href":"https:\/\/www.simepe.com.br\/novo\/wp-json\/wp\/v2\/categories?post=45239"},{"taxonomy":"post_tag","embeddable":true,"href":"https:\/\/www.simepe.com.br\/novo\/wp-json\/wp\/v2\/tags?post=45239"}],"curies":[{"name":"wp","href":"https:\/\/api.w.org\/{rel}","templated":true}]}}