{"id":45271,"date":"2018-04-05T08:43:12","date_gmt":"2018-04-05T11:43:12","guid":{"rendered":"http:\/\/www.simepe.com.br\/novo\/?p=45271"},"modified":"2018-04-05T08:43:12","modified_gmt":"2018-04-05T11:43:12","slug":"brasil-tem-328-mortos-por-febre-amarela-diz-ministerio","status":"publish","type":"post","link":"https:\/\/www.simepe.com.br\/novo\/brasil-tem-328-mortos-por-febre-amarela-diz-ministerio\/","title":{"rendered":"Brasil tem 328 mortos por febre amarela, diz minist\u00e9rio"},"content":{"rendered":"<p style=\"text-align: justify;\">Per\u00edodo anterior (entre 2016 e 2017) teve 220 mortes. N\u00famero de casos aumentou 63%.<\/p>\n<p style=\"text-align: justify;\">Entre julho de 2017 e 3 de abril de 2018, o Brasil teve 328 mortes por febre amarela. No mesmo per\u00edodo entre 2016 e 2017, eram 220 \u00f3bitos. Os dados s\u00e3o de boletim do Minist\u00e9rio da Sa\u00fade divulgado na quarta-feira (4).<\/p>\n<p style=\"text-align: justify;\">O n\u00famero de casos confirmados tamb\u00e9m aumentou 63% se comparados os dois per\u00edodos. Foram 691 contra 1127.<\/p>\n<p style=\"text-align: justify;\">O minist\u00e9rio recebeu 4.548 casos suspeitos da doen\u00e7a. Deles, 2.441 foram descartados e 980 est\u00e3o em investiga\u00e7\u00e3o.<\/p>\n<p style=\"text-align: justify;\">O n\u00famero de mortos por febre amarela diminuiu em rela\u00e7\u00e3o ao per\u00edodo anteior. Segundo o Minist\u00e9rio da Sa\u00fade, isso deve \u00e0 constante revis\u00e3o e investiga\u00e7\u00e3o de \u00f3bitos e casos.<\/p>\n<p style=\"text-align: justify;\"><strong>Vacina\u00e7\u00e3o<\/strong><\/p>\n<p style=\"text-align: justify;\">\nEst\u00e1 em andamento uma campanha de vacina\u00e7\u00e3o em 77 munic\u00edpios nos estados de Bahia, S\u00e3o Paulo e Rio de Janeiro.<\/p>\n<p style=\"text-align: justify;\">S\u00e3o 8 munic\u00edpios na Bahia, 54 em S\u00e3o Paulo e 15 no Rio de Janeiro.<\/p>\n<p style=\"text-align: justify;\">Segundo o minist\u00e9rio, a meta \u00e9 alcan\u00e7ar cobertura vacinal de pelo menos 95% da popula\u00e7\u00e3o-alvo, cerca de 22,7 milh\u00f5es de pessoas.<\/p>\n<p style=\"text-align: justify;\">O Minist\u00e9rio da Sa\u00fade planeja aumentar a vacina\u00e7\u00e3o para todo o pa\u00eds, mas ainda n\u00e3o h\u00e1 um prazo definido.<\/p>\n<p style=\"text-align: justify;\">\n<p style=\"text-align: justify;\">Fonte: G1<\/p>\n","protected":false},"excerpt":{"rendered":"<p>Per\u00edodo anterior (entre 2016 e 2017) teve 220 mortes. N\u00famero de casos aumentou 63%. Entre julho de 2017 e 3 de abril de 2018, o Brasil teve 328 mortes por febre amarela. No mesmo per\u00edodo entre 2016 e 2017, eram 220 \u00f3bitos. Os dados s\u00e3o de boletim do Minist\u00e9rio da Sa\u00fade divulgado na quarta-feira (4). [&hellip;]<\/p>\n","protected":false},"author":1,"featured_media":45272,"comment_status":"open","ping_status":"open","sticky":false,"template":"","format":"standard","meta":{"ocean_post_layout":"","ocean_both_sidebars_style":"","ocean_both_sidebars_content_width":0,"ocean_both_sidebars_sidebars_width":0,"ocean_sidebar":"","ocean_second_sidebar":"","ocean_disable_margins":"enable","ocean_add_body_class":"","ocean_shortcode_before_top_bar":"","ocean_shortcode_after_top_bar":"","ocean_shortcode_before_header":"","ocean_shortcode_after_header":"","ocean_has_shortcode":"","ocean_shortcode_after_title":"","ocean_shortcode_before_footer_widgets":"","ocean_shortcode_after_footer_widgets":"","ocean_shortcode_before_footer_bottom":"","ocean_shortcode_after_footer_bottom":"","ocean_display_top_bar":"default","ocean_display_header":"default","ocean_header_style":"","ocean_center_header_left_menu":"","ocean_custom_header_template":"","ocean_custom_logo":0,"ocean_custom_retina_logo":0,"ocean_custom_logo_max_width":0,"ocean_custom_logo_tablet_max_width":0,"ocean_custom_logo_mobile_max_width":0,"ocean_custom_logo_max_height":0,"ocean_custom_logo_tablet_max_height":0,"ocean_custom_logo_mobile_max_height":0,"ocean_header_custom_menu":"","ocean_menu_typo_font_family":"","ocean_menu_typo_font_subset":"","ocean_menu_typo_font_size":0,"ocean_menu_typo_font_size_tablet":0,"ocean_menu_typo_font_size_mobile":0,"ocean_menu_typo_font_size_unit":"px","ocean_menu_typo_font_weight":"","ocean_menu_typo_font_weight_tablet":"","ocean_menu_typo_font_weight_mobile":"","ocean_menu_typo_transform":"","ocean_menu_typo_transform_tablet":"","ocean_menu_typo_transform_mobile":"","ocean_menu_typo_line_height":0,"ocean_menu_typo_line_height_tablet":0,"ocean_menu_typo_line_height_mobile":0,"ocean_menu_typo_line_height_unit":"","ocean_menu_typo_spacing":0,"ocean_menu_typo_spacing_tablet":0,"ocean_menu_typo_spacing_mobile":0,"ocean_menu_typo_spacing_unit":"","ocean_menu_link_color":"","ocean_menu_link_color_hover":"","ocean_menu_link_color_active":"","ocean_menu_link_background":"","ocean_menu_link_hover_background":"","ocean_menu_link_active_background":"","ocean_menu_social_links_bg":"","ocean_menu_social_hover_links_bg":"","ocean_menu_social_links_color":"","ocean_menu_social_hover_links_color":"","ocean_disable_title":"default","ocean_disable_heading":"default","ocean_post_title":"","ocean_post_subheading":"","ocean_post_title_style":"","ocean_post_title_background_color":"","ocean_post_title_background":0,"ocean_post_title_bg_image_position":"","ocean_post_title_bg_image_attachment":"","ocean_post_title_bg_image_repeat":"","ocean_post_title_bg_image_size":"","ocean_post_title_height":0,"ocean_post_title_bg_overlay":0.5,"ocean_post_title_bg_overlay_color":"","ocean_disable_breadcrumbs":"default","ocean_breadcrumbs_color":"","ocean_breadcrumbs_separator_color":"","ocean_breadcrumbs_links_color":"","ocean_breadcrumbs_links_hover_color":"","ocean_display_footer_widgets":"default","ocean_display_footer_bottom":"default","ocean_custom_footer_template":"","ocean_post_oembed":"","ocean_post_self_hosted_media":"","ocean_post_video_embed":"","ocean_link_format":"","ocean_link_format_target":"self","ocean_quote_format":"","ocean_quote_format_link":"post","ocean_gallery_link_images":"on","ocean_gallery_id":[]},"categories":[1],"tags":[1723,1859,97],"acf":[],"_links":{"self":[{"href":"https:\/\/www.simepe.com.br\/novo\/wp-json\/wp\/v2\/posts\/45271"}],"collection":[{"href":"https:\/\/www.simepe.com.br\/novo\/wp-json\/wp\/v2\/posts"}],"about":[{"href":"https:\/\/www.simepe.com.br\/novo\/wp-json\/wp\/v2\/types\/post"}],"author":[{"embeddable":true,"href":"https:\/\/www.simepe.com.br\/novo\/wp-json\/wp\/v2\/users\/1"}],"replies":[{"embeddable":true,"href":"https:\/\/www.simepe.com.br\/novo\/wp-json\/wp\/v2\/comments?post=45271"}],"version-history":[{"count":1,"href":"https:\/\/www.simepe.com.br\/novo\/wp-json\/wp\/v2\/posts\/45271\/revisions"}],"predecessor-version":[{"id":45273,"href":"https:\/\/www.simepe.com.br\/novo\/wp-json\/wp\/v2\/posts\/45271\/revisions\/45273"}],"wp:featuredmedia":[{"embeddable":true,"href":"https:\/\/www.simepe.com.br\/novo\/wp-json\/wp\/v2\/media\/45272"}],"wp:attachment":[{"href":"https:\/\/www.simepe.com.br\/novo\/wp-json\/wp\/v2\/media?parent=45271"}],"wp:term":[{"taxonomy":"category","embeddable":true,"href":"https:\/\/www.simepe.com.br\/novo\/wp-json\/wp\/v2\/categories?post=45271"},{"taxonomy":"post_tag","embeddable":true,"href":"https:\/\/www.simepe.com.br\/novo\/wp-json\/wp\/v2\/tags?post=45271"}],"curies":[{"name":"wp","href":"https:\/\/api.w.org\/{rel}","templated":true}]}}