{"id":45453,"date":"2018-04-13T09:52:04","date_gmt":"2018-04-13T12:52:04","guid":{"rendered":"http:\/\/www.simepe.com.br\/novo\/?p=45453"},"modified":"2018-04-13T09:52:04","modified_gmt":"2018-04-13T12:52:04","slug":"ii-conem-se-encerra-com-perspectiva-de-aprovacao-da-atualizacao-do-cem-em-agosto","status":"publish","type":"post","link":"https:\/\/www.simepe.com.br\/novo\/ii-conem-se-encerra-com-perspectiva-de-aprovacao-da-atualizacao-do-cem-em-agosto\/","title":{"rendered":"II Conem se encerra com perspectiva de aprova\u00e7\u00e3o da atualiza\u00e7\u00e3o do CEM em agosto"},"content":{"rendered":"<p style=\"text-align: justify;\">Foi encerrada nesta quinta-feira (12) a II Confer\u00eancia Nacional de \u00c9tica M\u00e9dica (II Conem). O evento \u2013 realizado em Bras\u00edlia (DF) nesta quarta e quinta-feira (11 e 12 de abril), pelo Conselho Federal de Medicina (CFM) \u2013 constituiu uma das etapas finais da atualiza\u00e7\u00e3o do C\u00f3digo de \u00c9tica M\u00e9dica (CEM), em vigor desde 13 de abril de 2010.<\/p>\n<p style=\"text-align: justify;\">Esta \u00e9 a segunda confer\u00eancia nacional desde o in\u00edcio dos trabalhos. A primeira aconteceu em mar\u00e7o do ano passado, em Bras\u00edlia. Na pr\u00f3xima, prevista para agosto, haver\u00e1 a aprova\u00e7\u00e3o final das mudan\u00e7as discutidas at\u00e9 agora.<\/p>\n<p style=\"text-align: justify;\">&#8220;O trabalho foi extremamente v\u00e1lido, com a presen\u00e7a de pessoas realmente representativas que somaram suas experi\u00eancias \u00e0 discuss\u00e3o das propostas&#8221;, avalia o conselheiro federal e corregedor do CFM, Jos\u00e9 Maia Vinagre.<\/p>\n<p style=\"text-align: justify;\">Al\u00e9m de conselheiros, estiveram presentes representantes de entidades m\u00e9dicas, institui\u00e7\u00f5es cient\u00edficas e universit\u00e1rias, e consultores especialistas das \u00e1reas de Bio\u00e9tica, Filosofia, \u00c9tica M\u00e9dica e Direito, entre outras.<\/p>\n<p style=\"text-align: justify;\"><strong>Conem<\/strong> \u2013 O evento foi realizado durante dois dias para que as propostas pr\u00e9-aprovadas pela Comiss\u00e3o Nacional de Revis\u00e3o do CEM fossem rediscutidas pelas lideran\u00e7as m\u00e9dicas presentes.<\/p>\n<p style=\"text-align: justify;\">Com esse objetivo, os participantes dividiram-se em quatro grupos, cada um com aproximadamente 30 pessoas. Uma plen\u00e1ria no primeiro dia do evento, coordenada pelo conselheiro Jos\u00e9 Maia Vinagre, analisou a delibera\u00e7\u00e3o de todos os grupos, que puderam aprovar, rejeitar ou alterar as propostas de atualiza\u00e7\u00e3o.<\/p>\n<p style=\"text-align: justify;\">A apresenta\u00e7\u00e3o do consolidado dos trabalhos de grupo e do relat\u00f3rio final aconteceu no segundo dia de atividades.<\/p>\n<p style=\"text-align: justify;\"><strong>Hist\u00f3rico<\/strong> \u2013 Desde o in\u00edcio dos trabalhos de revis\u00e3o, no primeiro semestre de 2016, o CFM recebeu 1.431 propostas de atualiza\u00e7\u00e3o de m\u00e9dicos regularmente inscritos nos CRMs e entidades organizadas da sociedade civil de todo o Brasil.<\/p>\n<p style=\"text-align: justify;\">Os temas analisados perpassam t\u00f3picos relativos \u00e0 \u00c9tica M\u00e9dica, como distan\u00e1sia, manipula\u00e7\u00e3o de c\u00e9lulas germinativas, terapia g\u00eanica, autonomia e di\u00e1logo livre e esclarecido, responsabilidade civil do m\u00e9dico, rela\u00e7\u00e3o m\u00e9dico-paciente, situa\u00e7\u00f5es cl\u00ednicas irrevers\u00edveis e terminais, e uma s\u00e9rie de outros.<\/p>\n<p style=\"text-align: justify;\">O \u00faltimo trabalho de revis\u00e3o do C\u00f3digo foi realizado em 2007, sobre um documento que vigorava h\u00e1 quase 20 anos. No trabalho, que durou 22 meses, conselheiros e especialistas fizeram estudos, participaram de eventos e analisaram 2.757 sugest\u00f5es. Como resultado, apresentaram \u00e0 sociedade a vers\u00e3o atual do documento, que vigora desde 13 de abril de 2010 e \u00e9 a sexta reconhecida na hist\u00f3ria do pa\u00eds.<\/p>\n<p style=\"text-align: justify;\">&#8220;Tanto na revis\u00e3o do C\u00f3digo realizada em 2007, como desta vez, mantemo-nos fi\u00e9is \u00e0s diretrizes norteadoras estabelecidas em 1988, baseadas na dignidade humana e na medicina como a arte do cuidar&#8221;, ressaltou o presidente do CFM, ao destacar a forma de condu\u00e7\u00e3o do trabalho.<\/p>\n<p style=\"text-align: justify;\">\n<p style=\"text-align: justify;\">Fonte: Assessoria de Comunica\u00e7\u00e3o do Conselho Federal de Medicina (CFM)<\/p>\n","protected":false},"excerpt":{"rendered":"<p>Foi encerrada nesta quinta-feira (12) a II Confer\u00eancia Nacional de \u00c9tica M\u00e9dica (II Conem). O evento \u2013 realizado em Bras\u00edlia (DF) nesta quarta e quinta-feira (11 e 12 de abril), pelo Conselho Federal de Medicina (CFM) \u2013 constituiu uma das etapas finais da atualiza\u00e7\u00e3o do C\u00f3digo de \u00c9tica M\u00e9dica (CEM), em vigor desde 13 de [&hellip;]<\/p>\n","protected":false},"author":1,"featured_media":0,"comment_status":"open","ping_status":"open","sticky":false,"template":"","format":"standard","meta":{"ocean_post_layout":"","ocean_both_sidebars_style":"","ocean_both_sidebars_content_width":0,"ocean_both_sidebars_sidebars_width":0,"ocean_sidebar":"","ocean_second_sidebar":"","ocean_disable_margins":"enable","ocean_add_body_class":"","ocean_shortcode_before_top_bar":"","ocean_shortcode_after_top_bar":"","ocean_shortcode_before_header":"","ocean_shortcode_after_header":"","ocean_has_shortcode":"","ocean_shortcode_after_title":"","ocean_shortcode_before_footer_widgets":"","ocean_shortcode_after_footer_widgets":"","ocean_shortcode_before_footer_bottom":"","ocean_shortcode_after_footer_bottom":"","ocean_display_top_bar":"default","ocean_display_header":"default","ocean_header_style":"","ocean_center_header_left_menu":"","ocean_custom_header_template":"","ocean_custom_logo":0,"ocean_custom_retina_logo":0,"ocean_custom_logo_max_width":0,"ocean_custom_logo_tablet_max_width":0,"ocean_custom_logo_mobile_max_width":0,"ocean_custom_logo_max_height":0,"ocean_custom_logo_tablet_max_height":0,"ocean_custom_logo_mobile_max_height":0,"ocean_header_custom_menu":"","ocean_menu_typo_font_family":"","ocean_menu_typo_font_subset":"","ocean_menu_typo_font_size":0,"ocean_menu_typo_font_size_tablet":0,"ocean_menu_typo_font_size_mobile":0,"ocean_menu_typo_font_size_unit":"px","ocean_menu_typo_font_weight":"","ocean_menu_typo_font_weight_tablet":"","ocean_menu_typo_font_weight_mobile":"","ocean_menu_typo_transform":"","ocean_menu_typo_transform_tablet":"","ocean_menu_typo_transform_mobile":"","ocean_menu_typo_line_height":0,"ocean_menu_typo_line_height_tablet":0,"ocean_menu_typo_line_height_mobile":0,"ocean_menu_typo_line_height_unit":"","ocean_menu_typo_spacing":0,"ocean_menu_typo_spacing_tablet":0,"ocean_menu_typo_spacing_mobile":0,"ocean_menu_typo_spacing_unit":"","ocean_menu_link_color":"","ocean_menu_link_color_hover":"","ocean_menu_link_color_active":"","ocean_menu_link_background":"","ocean_menu_link_hover_background":"","ocean_menu_link_active_background":"","ocean_menu_social_links_bg":"","ocean_menu_social_hover_links_bg":"","ocean_menu_social_links_color":"","ocean_menu_social_hover_links_color":"","ocean_disable_title":"default","ocean_disable_heading":"default","ocean_post_title":"","ocean_post_subheading":"","ocean_post_title_style":"","ocean_post_title_background_color":"","ocean_post_title_background":0,"ocean_post_title_bg_image_position":"","ocean_post_title_bg_image_attachment":"","ocean_post_title_bg_image_repeat":"","ocean_post_title_bg_image_size":"","ocean_post_title_height":0,"ocean_post_title_bg_overlay":0.5,"ocean_post_title_bg_overlay_color":"","ocean_disable_breadcrumbs":"default","ocean_breadcrumbs_color":"","ocean_breadcrumbs_separator_color":"","ocean_breadcrumbs_links_color":"","ocean_breadcrumbs_links_hover_color":"","ocean_display_footer_widgets":"default","ocean_display_footer_bottom":"default","ocean_custom_footer_template":"","ocean_post_oembed":"","ocean_post_self_hosted_media":"","ocean_post_video_embed":"","ocean_link_format":"","ocean_link_format_target":"self","ocean_quote_format":"","ocean_quote_format_link":"post","ocean_gallery_link_images":"on","ocean_gallery_id":[]},"categories":[9],"tags":[67,2699,229,75],"acf":[],"_links":{"self":[{"href":"https:\/\/www.simepe.com.br\/novo\/wp-json\/wp\/v2\/posts\/45453"}],"collection":[{"href":"https:\/\/www.simepe.com.br\/novo\/wp-json\/wp\/v2\/posts"}],"about":[{"href":"https:\/\/www.simepe.com.br\/novo\/wp-json\/wp\/v2\/types\/post"}],"author":[{"embeddable":true,"href":"https:\/\/www.simepe.com.br\/novo\/wp-json\/wp\/v2\/users\/1"}],"replies":[{"embeddable":true,"href":"https:\/\/www.simepe.com.br\/novo\/wp-json\/wp\/v2\/comments?post=45453"}],"version-history":[{"count":1,"href":"https:\/\/www.simepe.com.br\/novo\/wp-json\/wp\/v2\/posts\/45453\/revisions"}],"predecessor-version":[{"id":45454,"href":"https:\/\/www.simepe.com.br\/novo\/wp-json\/wp\/v2\/posts\/45453\/revisions\/45454"}],"wp:attachment":[{"href":"https:\/\/www.simepe.com.br\/novo\/wp-json\/wp\/v2\/media?parent=45453"}],"wp:term":[{"taxonomy":"category","embeddable":true,"href":"https:\/\/www.simepe.com.br\/novo\/wp-json\/wp\/v2\/categories?post=45453"},{"taxonomy":"post_tag","embeddable":true,"href":"https:\/\/www.simepe.com.br\/novo\/wp-json\/wp\/v2\/tags?post=45453"}],"curies":[{"name":"wp","href":"https:\/\/api.w.org\/{rel}","templated":true}]}}