{"id":45455,"date":"2018-04-13T09:54:36","date_gmt":"2018-04-13T12:54:36","guid":{"rendered":"http:\/\/www.simepe.com.br\/novo\/?p=45455"},"modified":"2018-04-13T09:54:36","modified_gmt":"2018-04-13T12:54:36","slug":"pacientes-de-parkinson-estao-sem-medicamentos","status":"publish","type":"post","link":"https:\/\/www.simepe.com.br\/novo\/pacientes-de-parkinson-estao-sem-medicamentos\/","title":{"rendered":"Pacientes de Parkinson est\u00e3o sem medicamentos"},"content":{"rendered":"<p style=\"text-align: justify;\">Na semana de conscientiza\u00e7\u00e3o sobre a enfermidade, pacientes aguardam medica\u00e7\u00e3o. Secretaria Estadual de Sa\u00fade licitou novo lote<\/p>\n<p style=\"text-align: justify;\">A Associa\u00e7\u00e3o de Parkinson de Pernambuco programou para a \u00faltima quarta-feira, Dia Mundial de Conscientiza\u00e7\u00e3o da doen\u00e7a, a distribui\u00e7\u00e3o de medicamentos a 300 associados. A agenda foi frustrada porque a Secretaria Estadual de Sa\u00fade descumpriu o prazo de entrega dos produtos, firmado com a institui\u00e7\u00e3o. Restou aos pacientes uma aula de pilates e mais queixas quanto ao atraso de rem\u00e9dios.<\/p>\n<p style=\"text-align: justify;\">Segundo a presidente da entidade, Maria Jos\u00e9 Melo Santos, o rem\u00e9dio Prolopa, com dosagem 200\/50mg, \u00e9 o carro-chefe do tratamento, mas est\u00e1 faltando desde janeiro na Farm\u00e1cia de Pernambuco. Segundo ela, um frasco custa R$ 80 e h\u00e1 pacientes que chegam a usar o conte\u00fado de tr\u00eas frascos por m\u00eas. Hoje, a programa\u00e7\u00e3o em lembran\u00e7a \u00e0 data continua na sede da institui\u00e7\u00e3o, na Rua Ubaldo Gomes de Matos, 53, Santo Ant\u00f4nio.<\/p>\n<p style=\"text-align: justify;\">A Secretaria Estadual de Sa\u00fade reconheceu a falta do medicamento. Segundo o \u00f3rg\u00e3o, a licita\u00e7\u00e3o para aquisi\u00e7\u00e3o est\u00e1 conclu\u00edda. \u201cH\u00e1 tr\u00eas apresenta\u00e7\u00f5es do levedopa + cloridrato de benserazida (nome comercial do Prolopa). O f\u00e1rmaco levodopa 100 mg benserazida 25 mg (c\u00e1psula de libera\u00e7\u00e3o prolongada) est\u00e1 com estoque para seis meses e o levodopa 100 mg benserazida 25 mg (comprimido dispers\u00edvel) com estoque suficiente para abastecer os pacientes por dois meses. J\u00e1 o levodopa 200 mg benserazida 50 mg (comprimido convencional simples) teve sua licita\u00e7\u00e3o conclu\u00edda e est\u00e1 em fase final de aquisi\u00e7\u00e3o, aguardando conclus\u00e3o dos tr\u00e2mites para entrega pelo fornecedor\u201d, diz a nota oficial.<\/p>\n<p style=\"text-align: justify;\"><strong>Acordo<\/strong><\/p>\n<p style=\"text-align: justify;\">\nMaria Jos\u00e9 explicou que h\u00e1 nove anos a associa\u00e7\u00e3o firmou acordo com o governo, na Justi\u00e7a, para receber dez tipos de medicamentos e fazer a distribui\u00e7\u00e3o duas vezes ao m\u00eas. O repasse de abril estava previsto para ontem e hoje. Na falta do Prolopa 200\/50mg, h\u00e1 pessoas usando o rem\u00e9dio de forma fracionada para n\u00e3o zerar o tratamento ou substituindo, com prescri\u00e7\u00e3o m\u00e9dica, pelo Prolopa bd 100\/25mg. \u201cN\u00e3o \u00e9 um rem\u00e9dio para dor. \u00c9 para o tratamento. Por isso as pessoas n\u00e3o podem deixar de usar\u201d, explicou a presidente da associa\u00e7\u00e3o.<\/p>\n<p style=\"text-align: justify;\">Marco Ant\u00f4nio Passos, 60 anos, costuma pegar sua medica\u00e7\u00e3o na associa\u00e7\u00e3o. Quando n\u00e3o h\u00e1, ele precisa desembolsar at\u00e9 R$ 300. O aposentado Jos\u00e9 Bezerra, 69, substituiu o rem\u00e9dio por outro ap\u00f3s prescri\u00e7\u00e3o m\u00e9dica. Diagnosticado desde 2002, ele conta ter encontrado uma f\u00f3rmula para conviver bem com a doen\u00e7a.<\/p>\n<p style=\"text-align: justify;\">\u201cN\u00e3o tenho tempo para a doen\u00e7a. Ela est\u00e1 esquecida. O segredo para viver bem \u00e9 tirar o foco dela. Quando as pessoas andam de bra\u00e7os dados com o Parkinson, ele maltrata e voc\u00ea perde a vis\u00e3o de futuro. \u00c9 como olhar e negar, achar que n\u00e3o tem chances. Se voc\u00ea esquecer, recupera a auto-estima\u201d, acredita.<\/p>\n<p style=\"text-align: justify;\"><em>A doen\u00e7a:<\/em><\/p>\n<p style=\"text-align: justify;\">\n<strong>N\u00fameros<\/strong><\/p>\n<p style=\"text-align: justify;\">\n* 200 mil pessoas, aproximadamente, sofrem com o Parkinson no Brasil hoje<br \/>\n* 55 a 60 anos anos \u00e9 a faixa et\u00e1ria comum para o aparecimento da doen\u00e7a, mas a preval\u00eancia aumenta dos 70 aos 75 anos<br \/>\n* 1 em cada cerca de mil pessoas tem a enfermidade<br \/>\n* 10% dos casos costumam aparecer antes dos 45 anos<\/p>\n<p style=\"text-align: justify;\"><strong>O que \u00e9<\/strong><\/p>\n<p style=\"text-align: justify;\">\n* Descrita pela primeira vez em 1817, pelo m\u00e9dico ingl\u00eas James Parkinson, a doen\u00e7a neurol\u00f3gica afeta os movimentos<br \/>\n* Causa tremores, lentid\u00e3o de movimentos, rigidez muscular, desequil\u00edbrio, altera\u00e7\u00f5es na fala e na escrita<br \/>\n* O Parkinson ocorre por causa da degenera\u00e7\u00e3o das c\u00e9lulas situadas numa regi\u00e3o do c\u00e9rebro chamada subst\u00e2ncia negra<\/p>\n<p style=\"text-align: justify;\">\n<strong>Diagn\u00f3stico<\/strong><\/p>\n<p style=\"text-align: justify;\">\n\u00c9 feito com base na hist\u00f3ria cl\u00ednica do paciente e no exame neurol\u00f3gico. N\u00e3o h\u00e1 nenhum teste espec\u00edfico para o seu diagn\u00f3stico ou para a preven\u00e7\u00e3o<\/p>\n<p style=\"text-align: justify;\"><strong>Sintomas<\/strong><\/p>\n<p style=\"text-align: justify;\">\nAumento gradual dos tremores, maior lentid\u00e3o de movimentos, caminhar arrastando os p\u00e9s, postura inclinada para frente<\/p>\n<p style=\"text-align: justify;\">O tremor afeta os dedos ou as m\u00e3os, mas pode tamb\u00e9m afetar o queixo, a cabe\u00e7a ou os p\u00e9s. Ocorre quando nenhum movimento est\u00e1 sendo executado<\/p>\n<p style=\"text-align: justify;\"><strong>Tratamento<\/strong><\/p>\n<p style=\"text-align: justify;\">\nN\u00e3o existe cura para a doen\u00e7a, por\u00e9m ela pode e deve ser tratada, n\u00e3o apenas combatendo os sintomas, como tamb\u00e9m retardando o seu progresso<\/p>\n<p style=\"text-align: justify;\">\n<p style=\"text-align: justify;\">Fonte: Diario de Pernambuco<\/p>\n","protected":false},"excerpt":{"rendered":"<p>Na semana de conscientiza\u00e7\u00e3o sobre a enfermidade, pacientes aguardam medica\u00e7\u00e3o. Secretaria Estadual de Sa\u00fade licitou novo lote A Associa\u00e7\u00e3o de Parkinson de Pernambuco programou para a \u00faltima quarta-feira, Dia Mundial de Conscientiza\u00e7\u00e3o da doen\u00e7a, a distribui\u00e7\u00e3o de medicamentos a 300 associados. A agenda foi frustrada porque a Secretaria Estadual de Sa\u00fade descumpriu o prazo de [&hellip;]<\/p>\n","protected":false},"author":1,"featured_media":0,"comment_status":"open","ping_status":"open","sticky":false,"template":"","format":"standard","meta":{"ocean_post_layout":"","ocean_both_sidebars_style":"","ocean_both_sidebars_content_width":0,"ocean_both_sidebars_sidebars_width":0,"ocean_sidebar":"","ocean_second_sidebar":"","ocean_disable_margins":"enable","ocean_add_body_class":"","ocean_shortcode_before_top_bar":"","ocean_shortcode_after_top_bar":"","ocean_shortcode_before_header":"","ocean_shortcode_after_header":"","ocean_has_shortcode":"","ocean_shortcode_after_title":"","ocean_shortcode_before_footer_widgets":"","ocean_shortcode_after_footer_widgets":"","ocean_shortcode_before_footer_bottom":"","ocean_shortcode_after_footer_bottom":"","ocean_display_top_bar":"default","ocean_display_header":"default","ocean_header_style":"","ocean_center_header_left_menu":"","ocean_custom_header_template":"","ocean_custom_logo":0,"ocean_custom_retina_logo":0,"ocean_custom_logo_max_width":0,"ocean_custom_logo_tablet_max_width":0,"ocean_custom_logo_mobile_max_width":0,"ocean_custom_logo_max_height":0,"ocean_custom_logo_tablet_max_height":0,"ocean_custom_logo_mobile_max_height":0,"ocean_header_custom_menu":"","ocean_menu_typo_font_family":"","ocean_menu_typo_font_subset":"","ocean_menu_typo_font_size":0,"ocean_menu_typo_font_size_tablet":0,"ocean_menu_typo_font_size_mobile":0,"ocean_menu_typo_font_size_unit":"px","ocean_menu_typo_font_weight":"","ocean_menu_typo_font_weight_tablet":"","ocean_menu_typo_font_weight_mobile":"","ocean_menu_typo_transform":"","ocean_menu_typo_transform_tablet":"","ocean_menu_typo_transform_mobile":"","ocean_menu_typo_line_height":0,"ocean_menu_typo_line_height_tablet":0,"ocean_menu_typo_line_height_mobile":0,"ocean_menu_typo_line_height_unit":"","ocean_menu_typo_spacing":0,"ocean_menu_typo_spacing_tablet":0,"ocean_menu_typo_spacing_mobile":0,"ocean_menu_typo_spacing_unit":"","ocean_menu_link_color":"","ocean_menu_link_color_hover":"","ocean_menu_link_color_active":"","ocean_menu_link_background":"","ocean_menu_link_hover_background":"","ocean_menu_link_active_background":"","ocean_menu_social_links_bg":"","ocean_menu_social_hover_links_bg":"","ocean_menu_social_links_color":"","ocean_menu_social_hover_links_color":"","ocean_disable_title":"default","ocean_disable_heading":"default","ocean_post_title":"","ocean_post_subheading":"","ocean_post_title_style":"","ocean_post_title_background_color":"","ocean_post_title_background":0,"ocean_post_title_bg_image_position":"","ocean_post_title_bg_image_attachment":"","ocean_post_title_bg_image_repeat":"","ocean_post_title_bg_image_size":"","ocean_post_title_height":0,"ocean_post_title_bg_overlay":0.5,"ocean_post_title_bg_overlay_color":"","ocean_disable_breadcrumbs":"default","ocean_breadcrumbs_color":"","ocean_breadcrumbs_separator_color":"","ocean_breadcrumbs_links_color":"","ocean_breadcrumbs_links_hover_color":"","ocean_display_footer_widgets":"default","ocean_display_footer_bottom":"default","ocean_custom_footer_template":"","ocean_post_oembed":"","ocean_post_self_hosted_media":"","ocean_post_video_embed":"","ocean_link_format":"","ocean_link_format_target":"self","ocean_quote_format":"","ocean_quote_format_link":"post","ocean_gallery_link_images":"on","ocean_gallery_id":[]},"categories":[9],"tags":[1545,278,1378,411,82,34],"acf":[],"_links":{"self":[{"href":"https:\/\/www.simepe.com.br\/novo\/wp-json\/wp\/v2\/posts\/45455"}],"collection":[{"href":"https:\/\/www.simepe.com.br\/novo\/wp-json\/wp\/v2\/posts"}],"about":[{"href":"https:\/\/www.simepe.com.br\/novo\/wp-json\/wp\/v2\/types\/post"}],"author":[{"embeddable":true,"href":"https:\/\/www.simepe.com.br\/novo\/wp-json\/wp\/v2\/users\/1"}],"replies":[{"embeddable":true,"href":"https:\/\/www.simepe.com.br\/novo\/wp-json\/wp\/v2\/comments?post=45455"}],"version-history":[{"count":1,"href":"https:\/\/www.simepe.com.br\/novo\/wp-json\/wp\/v2\/posts\/45455\/revisions"}],"predecessor-version":[{"id":45456,"href":"https:\/\/www.simepe.com.br\/novo\/wp-json\/wp\/v2\/posts\/45455\/revisions\/45456"}],"wp:attachment":[{"href":"https:\/\/www.simepe.com.br\/novo\/wp-json\/wp\/v2\/media?parent=45455"}],"wp:term":[{"taxonomy":"category","embeddable":true,"href":"https:\/\/www.simepe.com.br\/novo\/wp-json\/wp\/v2\/categories?post=45455"},{"taxonomy":"post_tag","embeddable":true,"href":"https:\/\/www.simepe.com.br\/novo\/wp-json\/wp\/v2\/tags?post=45455"}],"curies":[{"name":"wp","href":"https:\/\/api.w.org\/{rel}","templated":true}]}}