{"id":45772,"date":"2018-04-26T10:07:16","date_gmt":"2018-04-26T13:07:16","guid":{"rendered":"http:\/\/www.simepe.com.br\/novo\/?p=45772"},"modified":"2018-04-26T10:07:16","modified_gmt":"2018-04-26T13:07:16","slug":"ameaca-nem-sempre-visivel-cancer-da-superficie-ocular-pode-se-revelar-em-consultas-de-rotina","status":"publish","type":"post","link":"https:\/\/www.simepe.com.br\/novo\/ameaca-nem-sempre-visivel-cancer-da-superficie-ocular-pode-se-revelar-em-consultas-de-rotina\/","title":{"rendered":"Amea\u00e7a nem sempre vis\u00edvel, c\u00e2ncer da superf\u00edcie ocular pode se revelar em consultas de rotina"},"content":{"rendered":"<p style=\"text-align: justify;\">Doen\u00e7a pode acometer sobretudo fumantes e pessoas com exposi\u00e7\u00e3o excessiva \u00e0 radia\u00e7\u00e3o solar, por\u00e9m, tratameto atrav\u00e9s de procedimento cir\u00fargico garante recupera\u00e7\u00e3o r\u00e1pida<\/p>\n<p style=\"text-align: justify;\">Cores, festas e decora\u00e7\u00f5es fazem parte da vida cotidiana da aut\u00f4noma Ellen Paz, 43 anos. Recentemente, contudo, o horizonte se tornou nebuloso: uma \u201ccarne\u201d crescida nos olhos fez com que ela temesse perder a vis\u00e3o. A princ\u00edpio, por n\u00e3o doer, nem incomodar, Ellen decidiu esperar o dia da visita de rotina ao oftalmologista. Foi quando, para sua surpresa, descobriu a suspeita de um tumor maligno e foi encaminhada para tratamento cir\u00fargico.<\/p>\n<p style=\"text-align: justify;\">\u201cA gente sempre acha que s\u00f3 acontece com os outros. Tive medo de n\u00e3o conseguir mais enxergar. Meus olhos s\u00e3o muito importantes, eles s\u00e3o tudo. Com eles eu vejo a natureza, a minha filha&#8230; e consigo fazer meu trabalho\u201d, exalta a aut\u00f4noma, que trabalha com produ\u00e7\u00e3o de festas. Hoje, passados quase dois meses de cirurgia, Ellen define o caso como um sucesso. A paciente afirma que teve que usar um tamp\u00e3o no olho direito por apenas 24 horas. \u201cUsei uma lente de contato por duas semanas, colocada durante a cirurgia para ajudar na cicatriza\u00e7\u00e3o. Meu olho n\u00e3o inflamou, em pouco tempo eu conseguia olhar a luz sem queixas. Por ter olhos verdes, sempre fui muito sens\u00edvel \u00e0 luz do sol\u201d, explica.<\/p>\n<p style=\"text-align: justify;\">Assim como a aut\u00f4noma, v\u00e1rios pacientes j\u00e1 foram consultados e diagnosticadas no consult\u00f3rio da m\u00e9dica oftalmologista Cec\u00edlia Cavalcanti, respons\u00e1vel pelo tratamento de Ellen. A m\u00e9dica, formada em oftalmologia pela Funda\u00e7\u00e3o Altino Ventura &#8211; FAV e especialista em oncologia ocular pela Universidade Federal de S\u00e3o Paulo UNIFESP-EPM, trabalha atualmente na FAV e no Hospital de Olhos de Pernambuco (HOPE), lugar onde foi realizada a cirurgia de Ellen Paz. Ela afirma que, por vezes, o c\u00e2ncer da superf\u00edcie ocular pode ser assintom\u00e1tico e, por isso, se faz t\u00e3o importante que as pessoas compare\u00e7am a consultas oftalmol\u00f3gicas regularmente.<\/p>\n<p style=\"text-align: justify;\">\u201cA doen\u00e7a pode ser vis\u00edvel ou silenciosa. Alguns pacientes s\u00e3o assintom\u00e1ticos, de modo que o problema s\u00f3 \u00e9 percebido nos exames de rotina. Outros conseguem ver les\u00f5es, manchas escuras e at\u00e9 tumora\u00e7\u00f5es\u201d, conta a especialista. Irrita\u00e7\u00e3o ocular, sangramento, ac\u00famulo de secre\u00e7\u00e3o e lacrimejamento s\u00e3o alguns dos sintomas que podem acometer um paciente com c\u00e2ncer na superf\u00edcie ocular.<\/p>\n<p style=\"text-align: justify;\">A m\u00e9dica explica que o tratamento, na maioria das vezes, \u00e9 feito por interven\u00e7\u00e3o cir\u00fargica. Normalmente, as les\u00f5es que s\u00e3o de tamanho pequeno a m\u00e9dio passam por uma bi\u00f3psia excisional, a fim de remover a les\u00e3o por completo e com seguran\u00e7a. Em caso de tumores de maiores propor\u00e7\u00f5es, pode ser utilizada a quimioredu\u00e7\u00e3o \u2013 quando col\u00edrios de quimioterapia s\u00e3o aplicados para reduzir o tamanho da les\u00e3o e assegurar o sucesso da cirurgia.<\/p>\n<p style=\"text-align: justify;\">Entre os fatores de risco para desenvolvimento desse tipo de c\u00e2ncer, destaca-se o tabagismo: pacientes fumantes ou que fumaram h\u00e1 muito tempo t\u00eam uma predisposi\u00e7\u00e3o maior a desenvolver a doen\u00e7a. Al\u00e9m deles, pacientes que sofrem exposi\u00e7\u00e3o excessiva aos raios ultravioletas, bem como idosos e pacientes imunodeprimidos ou que fa\u00e7am uso de medica\u00e7\u00e3o que enfraque\u00e7a o sistema imunol\u00f3gico.<\/p>\n<p style=\"text-align: justify;\">\u201cQuando falo que trabalho com oncologia ocular, muita gente me pergunta se n\u00e3o fico deprimida, chorando em casa&#8230; Claro que eu sofro junto com meus pacientes, mas o que eu entendo \u00e9 que um \u00fanico caso bem sucedido j\u00e1 vale tudo. \u00c9 impag\u00e1vel&#8221;, afirma Cec\u00edlia.<\/p>\n<p style=\"text-align: justify;\">\n<p style=\"text-align: justify;\">Fonte: Diario de Pernambuco<\/p>\n","protected":false},"excerpt":{"rendered":"<p>Doen\u00e7a pode acometer sobretudo fumantes e pessoas com exposi\u00e7\u00e3o excessiva \u00e0 radia\u00e7\u00e3o solar, por\u00e9m, tratameto atrav\u00e9s de procedimento cir\u00fargico garante recupera\u00e7\u00e3o r\u00e1pida Cores, festas e decora\u00e7\u00f5es fazem parte da vida cotidiana da aut\u00f4noma Ellen Paz, 43 anos. Recentemente, contudo, o horizonte se tornou nebuloso: uma \u201ccarne\u201d crescida nos olhos fez com que ela temesse perder [&hellip;]<\/p>\n","protected":false},"author":1,"featured_media":0,"comment_status":"open","ping_status":"open","sticky":false,"template":"","format":"standard","meta":{"ocean_post_layout":"","ocean_both_sidebars_style":"","ocean_both_sidebars_content_width":0,"ocean_both_sidebars_sidebars_width":0,"ocean_sidebar":"","ocean_second_sidebar":"","ocean_disable_margins":"enable","ocean_add_body_class":"","ocean_shortcode_before_top_bar":"","ocean_shortcode_after_top_bar":"","ocean_shortcode_before_header":"","ocean_shortcode_after_header":"","ocean_has_shortcode":"","ocean_shortcode_after_title":"","ocean_shortcode_before_footer_widgets":"","ocean_shortcode_after_footer_widgets":"","ocean_shortcode_before_footer_bottom":"","ocean_shortcode_after_footer_bottom":"","ocean_display_top_bar":"default","ocean_display_header":"default","ocean_header_style":"","ocean_center_header_left_menu":"","ocean_custom_header_template":"","ocean_custom_logo":0,"ocean_custom_retina_logo":0,"ocean_custom_logo_max_width":0,"ocean_custom_logo_tablet_max_width":0,"ocean_custom_logo_mobile_max_width":0,"ocean_custom_logo_max_height":0,"ocean_custom_logo_tablet_max_height":0,"ocean_custom_logo_mobile_max_height":0,"ocean_header_custom_menu":"","ocean_menu_typo_font_family":"","ocean_menu_typo_font_subset":"","ocean_menu_typo_font_size":0,"ocean_menu_typo_font_size_tablet":0,"ocean_menu_typo_font_size_mobile":0,"ocean_menu_typo_font_size_unit":"px","ocean_menu_typo_font_weight":"","ocean_menu_typo_font_weight_tablet":"","ocean_menu_typo_font_weight_mobile":"","ocean_menu_typo_transform":"","ocean_menu_typo_transform_tablet":"","ocean_menu_typo_transform_mobile":"","ocean_menu_typo_line_height":0,"ocean_menu_typo_line_height_tablet":0,"ocean_menu_typo_line_height_mobile":0,"ocean_menu_typo_line_height_unit":"","ocean_menu_typo_spacing":0,"ocean_menu_typo_spacing_tablet":0,"ocean_menu_typo_spacing_mobile":0,"ocean_menu_typo_spacing_unit":"","ocean_menu_link_color":"","ocean_menu_link_color_hover":"","ocean_menu_link_color_active":"","ocean_menu_link_background":"","ocean_menu_link_hover_background":"","ocean_menu_link_active_background":"","ocean_menu_social_links_bg":"","ocean_menu_social_hover_links_bg":"","ocean_menu_social_links_color":"","ocean_menu_social_hover_links_color":"","ocean_disable_title":"default","ocean_disable_heading":"default","ocean_post_title":"","ocean_post_subheading":"","ocean_post_title_style":"","ocean_post_title_background_color":"","ocean_post_title_background":0,"ocean_post_title_bg_image_position":"","ocean_post_title_bg_image_attachment":"","ocean_post_title_bg_image_repeat":"","ocean_post_title_bg_image_size":"","ocean_post_title_height":0,"ocean_post_title_bg_overlay":0.5,"ocean_post_title_bg_overlay_color":"","ocean_disable_breadcrumbs":"default","ocean_breadcrumbs_color":"","ocean_breadcrumbs_separator_color":"","ocean_breadcrumbs_links_color":"","ocean_breadcrumbs_links_hover_color":"","ocean_display_footer_widgets":"default","ocean_display_footer_bottom":"default","ocean_custom_footer_template":"","ocean_post_oembed":"","ocean_post_self_hosted_media":"","ocean_post_video_embed":"","ocean_link_format":"","ocean_link_format_target":"self","ocean_quote_format":"","ocean_quote_format_link":"post","ocean_gallery_link_images":"on","ocean_gallery_id":[]},"categories":[9],"tags":[47,651,82],"acf":[],"_links":{"self":[{"href":"https:\/\/www.simepe.com.br\/novo\/wp-json\/wp\/v2\/posts\/45772"}],"collection":[{"href":"https:\/\/www.simepe.com.br\/novo\/wp-json\/wp\/v2\/posts"}],"about":[{"href":"https:\/\/www.simepe.com.br\/novo\/wp-json\/wp\/v2\/types\/post"}],"author":[{"embeddable":true,"href":"https:\/\/www.simepe.com.br\/novo\/wp-json\/wp\/v2\/users\/1"}],"replies":[{"embeddable":true,"href":"https:\/\/www.simepe.com.br\/novo\/wp-json\/wp\/v2\/comments?post=45772"}],"version-history":[{"count":1,"href":"https:\/\/www.simepe.com.br\/novo\/wp-json\/wp\/v2\/posts\/45772\/revisions"}],"predecessor-version":[{"id":45773,"href":"https:\/\/www.simepe.com.br\/novo\/wp-json\/wp\/v2\/posts\/45772\/revisions\/45773"}],"wp:attachment":[{"href":"https:\/\/www.simepe.com.br\/novo\/wp-json\/wp\/v2\/media?parent=45772"}],"wp:term":[{"taxonomy":"category","embeddable":true,"href":"https:\/\/www.simepe.com.br\/novo\/wp-json\/wp\/v2\/categories?post=45772"},{"taxonomy":"post_tag","embeddable":true,"href":"https:\/\/www.simepe.com.br\/novo\/wp-json\/wp\/v2\/tags?post=45772"}],"curies":[{"name":"wp","href":"https:\/\/api.w.org\/{rel}","templated":true}]}}