{"id":45793,"date":"2018-04-27T10:35:47","date_gmt":"2018-04-27T13:35:47","guid":{"rendered":"http:\/\/www.simepe.com.br\/novo\/?p=45793"},"modified":"2018-04-27T10:35:47","modified_gmt":"2018-04-27T13:35:47","slug":"263-da-populacao-de-recife-pe-diz-ter-diagnostico-medico-de-hipertensao","status":"publish","type":"post","link":"https:\/\/www.simepe.com.br\/novo\/263-da-populacao-de-recife-pe-diz-ter-diagnostico-medico-de-hipertensao\/","title":{"rendered":"26,3% da popula\u00e7\u00e3o de Recife (PE) diz ter diagn\u00f3stico m\u00e9dico de hipertens\u00e3o"},"content":{"rendered":"<p style=\"text-align: justify;\">Segundo a pesquisa, 21,6% de homens da capital de Pernambuco s\u00e3o atingidos pela doen\u00e7a. J\u00e1 o percentual de mulheres \u00e9 de 30%<\/p>\n<p style=\"text-align: justify;\">Dados in\u00e9ditos da Pesquisa de Vigil\u00e2ncia de Fatores de Risco e Prote\u00e7\u00e3o para Doen\u00e7as Cr\u00f4nicas de 2017 (VIGITEL), do Minist\u00e9rio da Sa\u00fade, apontaram que 26,3% da popula\u00e7\u00e3o de Recife (PE) tem diagn\u00f3stico m\u00e9dico de hipertens\u00e3o arterial. Os dados foram divulgados nesta quinta-feira (26\/04), em alus\u00e3o ao Dia Nacional de Preven\u00e7\u00e3o e Combate \u00e0 Hipertens\u00e3o Arterial. Entre as pessoas da capital a doen\u00e7a atinge 30% de mulheres, enquanto 21,6% s\u00e3o homens.<\/p>\n<p style=\"text-align: justify;\">O percentual da popula\u00e7\u00e3o geral permaneceu est\u00e1vel. De acordo com o estudo, 24,3% da popula\u00e7\u00e3o das capitais do pa\u00eds se referiram com a conhecida \u201cpress\u00e3o alta\u201d. As mulheres, ainda, continuam com maior \u00edndice em rela\u00e7\u00e3o aos homens, tendo registrado 26,4% contra 21,7% deles. O Rio de Janeiro (RJ) se destaca nesse crescimento, e se mant\u00e9m pelo segundo ano consecutivo como a capital brasileira com o maior percentual de hipertensos.<\/p>\n<p style=\"text-align: justify;\">A hipertens\u00e3o arterial \u00e9 uma doen\u00e7a cr\u00f4nica determinada pelos n\u00edveis elevados da press\u00e3o sangu\u00ednea nas art\u00e9rias. Ela faz com que o cora\u00e7\u00e3o tenha que exercer um esfor\u00e7o maior do que o normal para que o sangue seja distribu\u00eddo corretamente no corpo. A doen\u00e7a \u00e9 um dos principais fatores de risco para a ocorr\u00eancia do acidente vascular cerebral, enfarte, aneurisma arterial e insufici\u00eancia renal e card\u00edaca.<\/p>\n<p style=\"text-align: justify;\">Para a preven\u00e7\u00e3o da doen\u00e7a, o Minist\u00e9rio da Sa\u00fade recomenda que a popula\u00e7\u00e3o adote alguns h\u00e1bitos saud\u00e1veis, como a pr\u00e1tica de atividade f\u00edsica regular e uma alimenta\u00e7\u00e3o com baixo teor de sal. Para o tratamento, o Sistema \u00danico de Sa\u00fade (SUS) oferece gratuitamente medicamentos nas Unidades B\u00e1sicas de Sa\u00fade e pelo programa Farm\u00e1cia Popular. Para retirar os rem\u00e9dios, \u00e9 preciso apresentar um documento de identidade com foto, CPF e receita m\u00e9dica dentro do prazo de validade, que s\u00e3o 120 dias.<\/p>\n<p style=\"text-align: justify;\"><strong>ALIMENTA\u00c7\u00c3O SAUD\u00c1VEL<\/strong> \u2013 Uma alimenta\u00e7\u00e3o equilibrada \u00e9 uma das formas de controle da hipertens\u00e3o arterial. Para ajudar no dia a dia da alimenta\u00e7\u00e3o do brasileiro foi lan\u00e7ado em 2014, o Guia Alimentar para a Popula\u00e7\u00e3o Brasileira. A publica\u00e7\u00e3o relata os cuidados e caminhos para alcan\u00e7ar uma alimenta\u00e7\u00e3o saud\u00e1vel, saborosa e balanceada. Para complementar o Guia, em 2015, foi lan\u00e7ada a publica\u00e7\u00e3o Alimentos Regionais Brasileiros que divulga a variedade de alimentos no pa\u00eds e orienta as pr\u00e1ticas culin\u00e1rias, estimulando a valoriza\u00e7\u00e3o da cultura alimentar brasileira. A pasta tamb\u00e9m lan\u00e7ou o Plano Nacional de Redu\u00e7\u00e3o de S\u00f3dio em Alimentos Processados que tem a meta de tirar 28.562 toneladas de s\u00f3dio dos alimentos processados at\u00e9 2020. At\u00e9 agora, mais de 14 mil toneladas de alimentos j\u00e1 foram retiradas.<\/p>\n<p style=\"text-align: justify;\"><strong>PLATAFORMA SA\u00daDE BRASIL<\/strong> &#8211; Com o objetivo de aproximar a popula\u00e7\u00e3o de informa\u00e7\u00f5es especializadas sobre promo\u00e7\u00e3o \u00e0 sa\u00fade, o ministro da Sa\u00fade, Ricardo Barros, lan\u00e7ou, em junho deste ano, a plataforma Sa\u00fade Brasil (www.saude.gov.br\/saudebrasil). A ferramenta na internet faz parte de uma campanha que visa conscientizar a popula\u00e7\u00e3o brasileira de que a promo\u00e7\u00e3o da sa\u00fade \u00e9 o melhor rem\u00e9dio para uma vida saud\u00e1vel. Todos os conte\u00fados e servi\u00e7os est\u00e3o baseados em quatro pilares: eu quero parar de fumar; eu quero ter peso saud\u00e1vel; eu quero me alimentar melhor; e eu quero me exercitar.<\/p>\n<p style=\"text-align: justify;\">\n<p style=\"text-align: justify;\">Fonte: Assessoria de Comunica\u00e7\u00e3o do Minist\u00e9rio da Sa\u00fade<\/p>\n","protected":false},"excerpt":{"rendered":"<p>Segundo a pesquisa, 21,6% de homens da capital de Pernambuco s\u00e3o atingidos pela doen\u00e7a. J\u00e1 o percentual de mulheres \u00e9 de 30% Dados in\u00e9ditos da Pesquisa de Vigil\u00e2ncia de Fatores de Risco e Prote\u00e7\u00e3o para Doen\u00e7as Cr\u00f4nicas de 2017 (VIGITEL), do Minist\u00e9rio da Sa\u00fade, apontaram que 26,3% da popula\u00e7\u00e3o de Recife (PE) tem diagn\u00f3stico m\u00e9dico [&hellip;]<\/p>\n","protected":false},"author":1,"featured_media":0,"comment_status":"open","ping_status":"open","sticky":false,"template":"","format":"standard","meta":{"ocean_post_layout":"","ocean_both_sidebars_style":"","ocean_both_sidebars_content_width":0,"ocean_both_sidebars_sidebars_width":0,"ocean_sidebar":"","ocean_second_sidebar":"","ocean_disable_margins":"enable","ocean_add_body_class":"","ocean_shortcode_before_top_bar":"","ocean_shortcode_after_top_bar":"","ocean_shortcode_before_header":"","ocean_shortcode_after_header":"","ocean_has_shortcode":"","ocean_shortcode_after_title":"","ocean_shortcode_before_footer_widgets":"","ocean_shortcode_after_footer_widgets":"","ocean_shortcode_before_footer_bottom":"","ocean_shortcode_after_footer_bottom":"","ocean_display_top_bar":"default","ocean_display_header":"default","ocean_header_style":"","ocean_center_header_left_menu":"","ocean_custom_header_template":"","ocean_custom_logo":0,"ocean_custom_retina_logo":0,"ocean_custom_logo_max_width":0,"ocean_custom_logo_tablet_max_width":0,"ocean_custom_logo_mobile_max_width":0,"ocean_custom_logo_max_height":0,"ocean_custom_logo_tablet_max_height":0,"ocean_custom_logo_mobile_max_height":0,"ocean_header_custom_menu":"","ocean_menu_typo_font_family":"","ocean_menu_typo_font_subset":"","ocean_menu_typo_font_size":0,"ocean_menu_typo_font_size_tablet":0,"ocean_menu_typo_font_size_mobile":0,"ocean_menu_typo_font_size_unit":"px","ocean_menu_typo_font_weight":"","ocean_menu_typo_font_weight_tablet":"","ocean_menu_typo_font_weight_mobile":"","ocean_menu_typo_transform":"","ocean_menu_typo_transform_tablet":"","ocean_menu_typo_transform_mobile":"","ocean_menu_typo_line_height":0,"ocean_menu_typo_line_height_tablet":0,"ocean_menu_typo_line_height_mobile":0,"ocean_menu_typo_line_height_unit":"","ocean_menu_typo_spacing":0,"ocean_menu_typo_spacing_tablet":0,"ocean_menu_typo_spacing_mobile":0,"ocean_menu_typo_spacing_unit":"","ocean_menu_link_color":"","ocean_menu_link_color_hover":"","ocean_menu_link_color_active":"","ocean_menu_link_background":"","ocean_menu_link_hover_background":"","ocean_menu_link_active_background":"","ocean_menu_social_links_bg":"","ocean_menu_social_hover_links_bg":"","ocean_menu_social_links_color":"","ocean_menu_social_hover_links_color":"","ocean_disable_title":"default","ocean_disable_heading":"default","ocean_post_title":"","ocean_post_subheading":"","ocean_post_title_style":"","ocean_post_title_background_color":"","ocean_post_title_background":0,"ocean_post_title_bg_image_position":"","ocean_post_title_bg_image_attachment":"","ocean_post_title_bg_image_repeat":"","ocean_post_title_bg_image_size":"","ocean_post_title_height":0,"ocean_post_title_bg_overlay":0.5,"ocean_post_title_bg_overlay_color":"","ocean_disable_breadcrumbs":"default","ocean_breadcrumbs_color":"","ocean_breadcrumbs_separator_color":"","ocean_breadcrumbs_links_color":"","ocean_breadcrumbs_links_hover_color":"","ocean_display_footer_widgets":"default","ocean_display_footer_bottom":"default","ocean_custom_footer_template":"","ocean_post_oembed":"","ocean_post_self_hosted_media":"","ocean_post_video_embed":"","ocean_link_format":"","ocean_link_format_target":"self","ocean_quote_format":"","ocean_quote_format_link":"post","ocean_gallery_link_images":"on","ocean_gallery_id":[]},"categories":[9],"tags":[2770,513,62],"acf":[],"_links":{"self":[{"href":"https:\/\/www.simepe.com.br\/novo\/wp-json\/wp\/v2\/posts\/45793"}],"collection":[{"href":"https:\/\/www.simepe.com.br\/novo\/wp-json\/wp\/v2\/posts"}],"about":[{"href":"https:\/\/www.simepe.com.br\/novo\/wp-json\/wp\/v2\/types\/post"}],"author":[{"embeddable":true,"href":"https:\/\/www.simepe.com.br\/novo\/wp-json\/wp\/v2\/users\/1"}],"replies":[{"embeddable":true,"href":"https:\/\/www.simepe.com.br\/novo\/wp-json\/wp\/v2\/comments?post=45793"}],"version-history":[{"count":1,"href":"https:\/\/www.simepe.com.br\/novo\/wp-json\/wp\/v2\/posts\/45793\/revisions"}],"predecessor-version":[{"id":45794,"href":"https:\/\/www.simepe.com.br\/novo\/wp-json\/wp\/v2\/posts\/45793\/revisions\/45794"}],"wp:attachment":[{"href":"https:\/\/www.simepe.com.br\/novo\/wp-json\/wp\/v2\/media?parent=45793"}],"wp:term":[{"taxonomy":"category","embeddable":true,"href":"https:\/\/www.simepe.com.br\/novo\/wp-json\/wp\/v2\/categories?post=45793"},{"taxonomy":"post_tag","embeddable":true,"href":"https:\/\/www.simepe.com.br\/novo\/wp-json\/wp\/v2\/tags?post=45793"}],"curies":[{"name":"wp","href":"https:\/\/api.w.org\/{rel}","templated":true}]}}