{"id":45797,"date":"2018-04-27T10:45:16","date_gmt":"2018-04-27T13:45:16","guid":{"rendered":"http:\/\/www.simepe.com.br\/novo\/?p=45797"},"modified":"2018-04-27T10:45:16","modified_gmt":"2018-04-27T13:45:16","slug":"falta-de-remedios-na-farmacia-do-estado-prejudica-pacientes-em-tratamento","status":"publish","type":"post","link":"https:\/\/www.simepe.com.br\/novo\/falta-de-remedios-na-farmacia-do-estado-prejudica-pacientes-em-tratamento\/","title":{"rendered":"Falta de rem\u00e9dios na Farm\u00e1cia do Estado prejudica pacientes em tratamento"},"content":{"rendered":"<p style=\"text-align: justify;\">Semanalmente, pessoas que precisam dos medicamentos v\u00e3o ao local, mas n\u00e3o obt\u00eam os rem\u00e9dios necess\u00e1rios.<\/p>\n<p style=\"text-align: justify;\">Toda semana, a fonoaudi\u00f3loga Ana Lucr\u00e9cia Montarroyos vai \u00e0 Farm\u00e1cia do Estado, na Boa Vista, no Recife, para tentar pegar insulina do tipo Lantus para o pai, que sofre com diabetes. O medicamento deveria ser entregue de gra\u00e7a, mas a \u00faltima vez em que ela teve acesso a ele foi no dia 9 de janeiro, problema que tem prejudicado diversas pessoas que, assim como o pai dela, precisam dos medicamentos para cuidar da sa\u00fade. (<a href=\"https:\/\/g1.globo.com\/pe\/pernambuco\/noticia\/falta-de-remedios-na-farmacia-do-estado-prejudica-pacientes-em-tratamento.ghtml\">Veja v\u00eddeo<\/a>)<\/p>\n<p style=\"text-align: justify;\">Segundo a Secretaria Estadual de Sa\u00fade (SES), o atual status de abastecimento da Farm\u00e1cia do Estado \u00e9 de 68% e todos os insumos em falta est\u00e3o em fase de aquisi\u00e7\u00e3o pela Secretaria Estadual de Sa\u00fade. (Confira abaixo a nota na \u00edntegra). Quando a TV Globo esteve no local, na ter\u00e7a-feira (26), 117 dos 268 medicamentos distribu\u00eddos para a popula\u00e7\u00e3o estavam em falta.<\/p>\n<p style=\"text-align: justify;\"><img src=\"https:\/\/s2.glbimg.com\/FJ8VoaH1TX5iMyK9ezcUNRf52Kg=\/0x0:620x465\/984x0\/smart\/filters:strip_icc()\/s.glbimg.com\/jo\/g1\/f\/original\/2015\/07\/28\/farmacia.jpg\" alt=\"Farm\u00c3\u00a1cia do Estado \u00c3\u00a9 a sa\u00c3\u00adda para pacientes que n\u00c3\u00a3o t\u00c3\u00aam condi\u00c3\u00a7\u00c3\u00b5es de arcar com custo de tratamento de doen\u00c3\u00a7as (Foto: Reprodu\u00c3\u00a7\u00c3\u00a3o  \/ TV Globo)\" \/><\/p>\n<p style=\"text-align: justify;\">Desde a \u00faltima vez que teve acesso ao rem\u00e9dio, Ana Lucr\u00e9cia gastou cerca de R$ 500 mensais para comprar o medicamento por conta pr\u00f3pria. \u201cCom muito sacrif\u00edcio, porque \u00e9 uma insulina que n\u00e3o \u00e9 barata. Ele [o pai] tem que tomar de quatro a cinco ampolas por m\u00eas e a gente t\u00e1 desembolsando porque ele precisa\u201d, comenta.<\/p>\n<p style=\"text-align: justify;\">No dia de fazer mais uma tentativa de pegar a insulina na Farm\u00e1cia do Estado, Ana Lucr\u00e9cia voltou com as m\u00e3os vazias. \u201cA gente fica nesse impasse de estar vindo duas, tr\u00eas vezes por semana. S\u00f3 agora j\u00e1 s\u00e3o tr\u00eas meses. Vamos ver agora quanto tempo vai passar sem essa medica\u00e7\u00e3o\u201d, observa a fonoaudi\u00f3loga.<\/p>\n<p style=\"text-align: justify;\">A rotina de Ana Lucr\u00e9cia e do pai dela, o aposentado Adilson, de 73 anos, j\u00e1 havia sido mostrada pela TV Globo no in\u00edcio de abril. Assim como a realidade deles, a reportagem tamb\u00e9m contou a hist\u00f3ria de um paciente com Mal de Parkinson, doen\u00e7a que causa tremores no corpo, e que n\u00e3o consegue, desde dezembro, os rem\u00e9dios fornecidos gratuitamente pelo estado.<\/p>\n<p style=\"text-align: justify;\">Na ocasi\u00e3o, a Secretaria Estadual de Sa\u00fade informou ter feito a licita\u00e7\u00e3o e estar aguardando o fornecedor entregar o rem\u00e9dio.<\/p>\n<p style=\"text-align: justify;\">\u201cTem vezes que eu nem vou par a fisioterapia por n\u00e3o ter condi\u00e7\u00f5es de sair de casa sem tomar esse rem\u00e9dio. Tomando a medica\u00e7\u00e3o, eu tenho vida ativa. A gente v\u00ea muito governante falando de qualidade de vida para as pessoas, mas que qualidade de vida eu posso ter sem tomar a medica\u00e7\u00e3o?\u201d, questiona o aposentado Jos\u00e9 Paulo Ferreira, dependente do fornecimento de rem\u00e9dios pela Farm\u00e1cia do Estado.<\/p>\n<p style=\"text-align: justify;\"><strong>Caso investigado pelo MPPE<\/strong><\/p>\n<p style=\"text-align: justify;\">\nNa ter\u00e7a (24), quando a reportagem da TV Globo esteve no local, 117 dos 268 medicamentos distribu\u00eddos para a popula\u00e7\u00e3o estavam em falta. O caso, inclusive, foi parar no Minist\u00e9rio P\u00fablico de Pernambuco.<\/p>\n<p style=\"text-align: justify;\">De acordo com a promotora respons\u00e1vel pelo caso, o motivo da falta de medicamentos \u00e9 a d\u00edvida do governo estadual com os fornecedores, que n\u00e3o querem fazer novas vendas. \u201cT\u00e1 faltando mesmo \u00e9 o dinheiro para fazer o pagamento dos fornecedores que j\u00e1 entregaram os rem\u00e9dios h\u00e1 algum tempo e ainda n\u00e3o receberam os valores correspondentes \u00e0s entregas\u201d, afirma Maria Ivana Botelho.<\/p>\n<p style=\"text-align: justify;\">\nAinda segundo a promotora, o governo de Pernambuco investiu 17% da receita em sa\u00fade no ano de 2017, mais do que os 12% exigidos por lei. Para ela, essa \u00e9 a hora de avaliar quais s\u00e3o as prioridades. \u201c\u00c9 preciso uma an\u00e1lise com um olhar pol\u00edtico amplo. N\u00e3o pol\u00edtico-partid\u00e1rio, mas pol\u00edtico do que \u00e9 melhor para a popula\u00e7\u00e3o. O que \u00e9 mais necess\u00e1rio no momento \u00e9 definir a prioridade [do dinheiro]\u201d, alega.<\/p>\n<p style=\"text-align: justify;\"><img src=\"https:\/\/s2.glbimg.com\/lk3zDC6zqFXxNbumXibttANDfjc=\/0x0:1700x1065\/984x0\/smart\/filters:strip_icc()\/i.s3.glbimg.com\/v1\/AUTH_59edd422c0c84a879bd37670ae4f538a\/internal_photos\/bs\/2017\/c\/6\/8PcJ8xTFSLl0JbJKrwAw\/insulina1.jpg\" alt=\"Insumos da insulina est\u00c3\u00a3o em falta na farm\u00c3\u00a1cia do governo (Foto: Reprodu\u00c3\u00a7\u00c3\u00a3o\/TV TEM)\" \/><\/p>\n<p style=\"text-align: justify;\"><strong>Governo responde<\/strong><\/p>\n<p style=\"text-align: justify;\">\nConfira, na \u00edntegra, a nota do governo de Pernambuco sobre a falta de medicamentos na Farm\u00e1cia do Estado:<\/p>\n<p style=\"text-align: justify;\"><strong><em>Estrutura<\/em><\/strong><\/p>\n<p style=\"text-align: justify;\"><em>A Farm\u00e1cia de Pernambuco disponibiliza gratuitamente 268 tipos de medicamentos especializados para a popula\u00e7\u00e3o pernambucana, de uso cont\u00ednuo e de alto custo. S\u00e3o usados no tratamento de doen\u00e7as cr\u00f4nicas e raras, e dispensados em farm\u00e1cias espec\u00edficas para este fim. Por representarem custo elevado, sua dispensa obedece a regras e crit\u00e9rios espec\u00edficos.<\/em><\/p>\n<p style=\"text-align: justify;\"><em>Atualmente, existem 29 unidades distribu\u00eddas em todo o Estado, prestando atendimento a mais de 52 mil pacientes. Vale salientar que em 2007 havia apenas uma Farm\u00e1cia, no bairro da Boa Vista, e um quantitativo de 10 mil usu\u00e1rios; este mesmo quantitativo de 10 mil pessoas foi cadastrado apenas no ano de 2017, a m\u00e9dia \u00e9 que a cada m\u00eas cerca de mil pessoas ingressam no programa.<\/em><\/p>\n<p style=\"text-align: justify;\">\n<em>A Farm\u00e1cia informa que atualmente o status de abastecimento da unidade \u00e9 de 68% e todos os insumos em falta est\u00e3o em fase de aquisi\u00e7\u00e3o pela Secretaria Estadual de Sa\u00fade.<\/em><\/p>\n<p style=\"text-align: justify;\"><strong><em>Investimentos<\/em><\/strong><\/p>\n<p style=\"text-align: justify;\"><em>Ao contr\u00e1rio de outros estados da federa\u00e7\u00e3o, Pernambuco tem se destacado pelo alto grau de investimentos na Sa\u00fade. O Governo tem cumprido com folga a legisla\u00e7\u00e3o que estabelece um investimento de, no m\u00ednimo, 12% da receita no setor pelos Estados.<\/em><\/p>\n<p style=\"text-align: justify;\"><em>O Governo Paulo C\u00e2mara destina, em m\u00e9dia, 15,7% dos recursos, sendo o 1\u00b0 lugar do Nordeste em investimentos pr\u00f3prios na sa\u00fade. Gra\u00e7as a essa prioriza\u00e7\u00e3o, mesmo com a grave crise, o Estado, que tem uma das maiores redes pr\u00f3prias do pa\u00eds, manteve todos os programas j\u00e1 existentes no setor e garantiu o funcionamento de todas as unidades de sa\u00fade, inclusive com incremento nos atendimentos \u00e0 popula\u00e7\u00e3o. Sobre a quest\u00e3o dos medicamentos, a Secretaria Estadual de Sa\u00fade n\u00e3o mede esfor\u00e7os para agilizar a aquisi\u00e7\u00e3o de medicamentos aos usu\u00e1rios da Farm\u00e1cia de Pernambuco.<\/em><\/p>\n<p style=\"text-align: justify;\"><em>Um grupo de trabalho do \u00f3rg\u00e3o atua, permanentemente, avaliando o processo de aquisi\u00e7\u00e3o , distribui\u00e7\u00e3o e monitoramento dos estoques de medicamentos at\u00e9 que os insumos cheguem efetivamente at\u00e9 os usu\u00e1rios para, evitar e minimizar a descontinuidade do tratamento dos usu\u00e1rios. S\u00f3 nesta semana, a SES realizou o pagamento de R$ 5 milh\u00f5es para a compra de insumos da Farm\u00e1cia de Pernambuco.<\/em><\/p>\n<p style=\"text-align: justify;\"><strong><em>Dispensa\u00e7\u00e3o<\/em><\/strong><\/p>\n<p style=\"text-align: justify;\"><em>A Farm\u00e1cia de Pernambuco informa que a grande procura de usu\u00e1rios pelo servi\u00e7o na unidade metropolitana, no bairro da Boa Vista, na manh\u00e3 desta quinta-feira (26\/04), ocorre devido \u00e0 chegada de medicamentos e insumos na assist\u00eancia farmac\u00eautica, entre eles f\u00e1rmacos para a doen\u00e7a de hipertens\u00e3o arterial pulmonar. Usu\u00e1rios foram avisados pelo setor de acolhimento da Farm\u00e1cia de Pernambuco que realiza o trabalho de informa\u00e7\u00e3o junto aos pacientes.<\/em><\/p>\n<p style=\"text-align: justify;\"><em>Esclarece tamb\u00e9m que o sistema nacional de informa\u00e7\u00e3o da assist\u00eancia farmac\u00eautica Horus, ligado ao Minist\u00e9rio da Sa\u00fade e utilizado em todo o pa\u00eds para dispensa\u00e7\u00e3o de medicamentos, apresenta instabilidade e desconectividade nesta quinta-feira (26\/04), tornando lento tamb\u00e9m o atendimento aos usu\u00e1rios pernambucanos.<\/em><\/p>\n<p style=\"text-align: justify;\">\n<em>A Farm\u00e1cia de Pernambuco esclarece tamb\u00e9m que \u00e9 necess\u00e1rio o recadastramento do paciente a cada tr\u00eas meses para recebimento de medicamentos excepcionais, seguindo as normas da Portaria 2981 do Minist\u00e9rio da Sa\u00fade. Por isso, o paciente j\u00e1 precisa ir \u00e0 Farm\u00e1cia de Pernambuco buscar seu rem\u00e9dio com toda a documenta\u00e7\u00e3o necess\u00e1ria para a vig\u00eancia no pr\u00f3ximo trimestre.<\/em><\/p>\n<p style=\"text-align: justify;\"><em>Na pr\u00f3pria Farm\u00e1cia, os farmac\u00eauticos explicam o uso da medica\u00e7\u00e3o e d\u00e3o toda a orienta\u00e7\u00e3o sobre os documentos necess\u00e1rios para renova\u00e7\u00e3o do v\u00ednculo. Sendo assim, a dire\u00e7\u00e3o da Farm\u00e1cia esclarece que o processo \u00e9 um pouco demorado e s\u00e3o checados no sistema toda a documenta\u00e7\u00e3o pessoal do paciente, entre outras informa\u00e7\u00f5es. O atendimento ao p\u00fablico \u00e9 realizado das 7h \u00e0s 16h, de segunda a sexta-feira.<\/em><\/p>\n<p style=\"text-align: justify;\"><strong><em>Medicamentos<\/em><\/strong><\/p>\n<p style=\"text-align: justify;\"><em>Para pacientes com a doen\u00e7a de parkinson, a Farm\u00e1cia fornece mais de dez tipos de medicamentos, em diversas apresenta\u00e7\u00f5es, entre eles o composto levedopa + cloridrato de benserazida (nome comercial Prolopa), em tr\u00eas apresenta\u00e7\u00f5es.<\/em><\/p>\n<p style=\"text-align: justify;\"><em>O f\u00e1rmaco levodopa 100 mg + benserazida 25 mg (c\u00e1psula de libera\u00e7\u00e3o prolongada) est\u00e1 com estoque para seis meses e o levodopa 100 mg + benserazida 25 mg (comprimido dispers\u00edvel) com estoque suficiente para abastecer os pacientes por dois meses.<\/em><\/p>\n<p style=\"text-align: justify;\"><em>J\u00e1 o levodopa 200 mg + benserazida 50 mg (comprimido convencional simples) teve sua licita\u00e7\u00e3o conclu\u00edda e est\u00e1 em fase final de aquisi\u00e7\u00e3o, aguardando conclus\u00e3o dos tr\u00e2mites para entrega pelo fornecedor.<\/em><\/p>\n<p style=\"text-align: justify;\"><em>Sobre a insulina Glargina (nome comercial Lantus), a Farm\u00e1cia de Pernambuco informa que n\u00e3o tem medido esfor\u00e7os para reabastecer os estoques do medicamento e esclarece que est\u00e1 agilizando o processo de compra do insumo e a licita\u00e7\u00e3o j\u00e1 foi conclu\u00edda.<\/em><\/p>\n<p style=\"text-align: justify;\"><em>Sobre o bortezomibe, voltado para portadores de mieloma, j\u00e1 houve a compra 1.600 frascos\/ampolas. Desses, 173 frascos\/ampolas foram entregues pela empresa, que j\u00e1 foi notificada sobre o atraso na entrega do quantitativo total. Sobre o aciclovir, h\u00e1 estoque nas duas apresenta\u00e7\u00f5es (200 mg e 250 mg).<\/em><\/p>\n<p style=\"text-align: justify;\">\n<p style=\"text-align: justify;\">Fonte: G1<\/p>\n","protected":false},"excerpt":{"rendered":"<p>Semanalmente, pessoas que precisam dos medicamentos v\u00e3o ao local, mas n\u00e3o obt\u00eam os rem\u00e9dios necess\u00e1rios. Toda semana, a fonoaudi\u00f3loga Ana Lucr\u00e9cia Montarroyos vai \u00e0 Farm\u00e1cia do Estado, na Boa Vista, no Recife, para tentar pegar insulina do tipo Lantus para o pai, que sofre com diabetes. O medicamento deveria ser entregue de gra\u00e7a, mas a [&hellip;]<\/p>\n","protected":false},"author":1,"featured_media":0,"comment_status":"open","ping_status":"open","sticky":false,"template":"","format":"standard","meta":{"ocean_post_layout":"","ocean_both_sidebars_style":"","ocean_both_sidebars_content_width":0,"ocean_both_sidebars_sidebars_width":0,"ocean_sidebar":"","ocean_second_sidebar":"","ocean_disable_margins":"enable","ocean_add_body_class":"","ocean_shortcode_before_top_bar":"","ocean_shortcode_after_top_bar":"","ocean_shortcode_before_header":"","ocean_shortcode_after_header":"","ocean_has_shortcode":"","ocean_shortcode_after_title":"","ocean_shortcode_before_footer_widgets":"","ocean_shortcode_after_footer_widgets":"","ocean_shortcode_before_footer_bottom":"","ocean_shortcode_after_footer_bottom":"","ocean_display_top_bar":"default","ocean_display_header":"default","ocean_header_style":"","ocean_center_header_left_menu":"","ocean_custom_header_template":"","ocean_custom_logo":0,"ocean_custom_retina_logo":0,"ocean_custom_logo_max_width":0,"ocean_custom_logo_tablet_max_width":0,"ocean_custom_logo_mobile_max_width":0,"ocean_custom_logo_max_height":0,"ocean_custom_logo_tablet_max_height":0,"ocean_custom_logo_mobile_max_height":0,"ocean_header_custom_menu":"","ocean_menu_typo_font_family":"","ocean_menu_typo_font_subset":"","ocean_menu_typo_font_size":0,"ocean_menu_typo_font_size_tablet":0,"ocean_menu_typo_font_size_mobile":0,"ocean_menu_typo_font_size_unit":"px","ocean_menu_typo_font_weight":"","ocean_menu_typo_font_weight_tablet":"","ocean_menu_typo_font_weight_mobile":"","ocean_menu_typo_transform":"","ocean_menu_typo_transform_tablet":"","ocean_menu_typo_transform_mobile":"","ocean_menu_typo_line_height":0,"ocean_menu_typo_line_height_tablet":0,"ocean_menu_typo_line_height_mobile":0,"ocean_menu_typo_line_height_unit":"","ocean_menu_typo_spacing":0,"ocean_menu_typo_spacing_tablet":0,"ocean_menu_typo_spacing_mobile":0,"ocean_menu_typo_spacing_unit":"","ocean_menu_link_color":"","ocean_menu_link_color_hover":"","ocean_menu_link_color_active":"","ocean_menu_link_background":"","ocean_menu_link_hover_background":"","ocean_menu_link_active_background":"","ocean_menu_social_links_bg":"","ocean_menu_social_hover_links_bg":"","ocean_menu_social_links_color":"","ocean_menu_social_hover_links_color":"","ocean_disable_title":"default","ocean_disable_heading":"default","ocean_post_title":"","ocean_post_subheading":"","ocean_post_title_style":"","ocean_post_title_background_color":"","ocean_post_title_background":0,"ocean_post_title_bg_image_position":"","ocean_post_title_bg_image_attachment":"","ocean_post_title_bg_image_repeat":"","ocean_post_title_bg_image_size":"","ocean_post_title_height":0,"ocean_post_title_bg_overlay":0.5,"ocean_post_title_bg_overlay_color":"","ocean_disable_breadcrumbs":"default","ocean_breadcrumbs_color":"","ocean_breadcrumbs_separator_color":"","ocean_breadcrumbs_links_color":"","ocean_breadcrumbs_links_hover_color":"","ocean_display_footer_widgets":"default","ocean_display_footer_bottom":"default","ocean_custom_footer_template":"","ocean_post_oembed":"","ocean_post_self_hosted_media":"","ocean_post_video_embed":"","ocean_link_format":"","ocean_link_format_target":"self","ocean_quote_format":"","ocean_quote_format_link":"post","ocean_gallery_link_images":"on","ocean_gallery_id":[]},"categories":[9],"tags":[2772,2773,484,82],"acf":[],"_links":{"self":[{"href":"https:\/\/www.simepe.com.br\/novo\/wp-json\/wp\/v2\/posts\/45797"}],"collection":[{"href":"https:\/\/www.simepe.com.br\/novo\/wp-json\/wp\/v2\/posts"}],"about":[{"href":"https:\/\/www.simepe.com.br\/novo\/wp-json\/wp\/v2\/types\/post"}],"author":[{"embeddable":true,"href":"https:\/\/www.simepe.com.br\/novo\/wp-json\/wp\/v2\/users\/1"}],"replies":[{"embeddable":true,"href":"https:\/\/www.simepe.com.br\/novo\/wp-json\/wp\/v2\/comments?post=45797"}],"version-history":[{"count":1,"href":"https:\/\/www.simepe.com.br\/novo\/wp-json\/wp\/v2\/posts\/45797\/revisions"}],"predecessor-version":[{"id":45798,"href":"https:\/\/www.simepe.com.br\/novo\/wp-json\/wp\/v2\/posts\/45797\/revisions\/45798"}],"wp:attachment":[{"href":"https:\/\/www.simepe.com.br\/novo\/wp-json\/wp\/v2\/media?parent=45797"}],"wp:term":[{"taxonomy":"category","embeddable":true,"href":"https:\/\/www.simepe.com.br\/novo\/wp-json\/wp\/v2\/categories?post=45797"},{"taxonomy":"post_tag","embeddable":true,"href":"https:\/\/www.simepe.com.br\/novo\/wp-json\/wp\/v2\/tags?post=45797"}],"curies":[{"name":"wp","href":"https:\/\/api.w.org\/{rel}","templated":true}]}}