{"id":45888,"date":"2018-05-02T10:15:36","date_gmt":"2018-05-02T13:15:36","guid":{"rendered":"http:\/\/www.simepe.com.br\/novo\/?p=45888"},"modified":"2018-05-02T10:15:36","modified_gmt":"2018-05-02T13:15:36","slug":"sinmed-rn-comemora-1o-de-maio-com-caminhada-e-ato-em-defesa-dos-trabalhadores","status":"publish","type":"post","link":"https:\/\/www.simepe.com.br\/novo\/sinmed-rn-comemora-1o-de-maio-com-caminhada-e-ato-em-defesa-dos-trabalhadores\/","title":{"rendered":"Sinmed RN comemora 1\u00ba de maio com caminhada e ato em defesa dos trabalhadores"},"content":{"rendered":"<p style=\"text-align: justify;\">O Sindicato dos M\u00e9dicos do Rio Grande do Norte (Sinmed RN) promoveu na manh\u00e3 da \u00faltima ter\u00e7a-feira a 6\u00aa edi\u00e7\u00e3o da tradicional Caminhada do Trabalhador. A mobiliza\u00e7\u00e3o faz parte das comemora\u00e7\u00f5es do 1\u00ba de maio e teve a participa\u00e7\u00e3o do Sindicato dos Odont\u00f3logos do RN (Soern), Sindicato dos Profissionais de Enfermagem (Sipern), Grupo de Oposi\u00e7\u00e3o Sindsa\u00fade RN (GOSS) e Sindicato dos T\u00e9cnicos e Tecn\u00f3logos e Auxiliares em Radiologia (Sinttar).<\/p>\n<p style=\"text-align: justify;\">Com faixas, bandeiras e entoando palavras de ordem no microfone, os trabalhadores sa\u00edram por volta das 9h da concentra\u00e7\u00e3o em frente ao Hospital Monsenhor Walfredo Gurgel, onde tiveram a oportunidade de fazer atividade f\u00edsica ao som do cantor Alan Persa, e caminharam at\u00e9 o Parque das Dunas para um caf\u00e9 da manh\u00e3 especial embalado pelas can\u00e7\u00f5es do potiguar Carlos Zens.<\/p>\n<p style=\"text-align: justify;\">O Presidente do Sinmed RN, Geraldo Ferreira, lembrou que a data \u00e9 marcada por celebra\u00e7\u00f5es e protestos. \u201cComo sindicato n\u00f3s temos a obriga\u00e7\u00e3o de chegar at\u00e9 a sociedade para dizer que quem constr\u00f3i esse pa\u00eds s\u00e3o os trabalhadores\u201d, disse. O anestesiologista tamb\u00e9m alertou para os impactos das reformas da previd\u00eancia e trabalhista na vida do cidad\u00e3o: \u201cE essa massa est\u00e1 sendo atingida de forma muito violenta com as reformas propostas pelo governo, por isso, estamos na rua para dizer que as coisas tem limite e exigimos respeito\u201d, afirmou.<\/p>\n<p style=\"text-align: justify;\">Para a m\u00e9dica aposentada S\u00f4nia Godeiro a caminhada serviu para exigir o pagamento do sal\u00e1rio em dia. \u201cH\u00e1 mais de tr\u00eas anos estamos recebendo nossos sal\u00e1rios com atraso. Nosso objetivo \u00e9 lutar para que essa realidade mude e que possamos ter uma sa\u00fade p\u00fablica de qualidade para o povo\u201d, frisou.<\/p>\n<p style=\"text-align: justify;\">De acordo com o Presidente do Sipern, Domingos Ferreira, as elei\u00e7\u00f5es de outubro ser\u00e3o decisivas para mudar a realidade do Brasil. \u201cEssa \u00e9 a oportunidade de evitar mais atropelos dos direitos dos trabalhadores e reconquistar a confian\u00e7a sociedade\u201d, espera.<\/p>\n<p style=\"text-align: justify;\">Al\u00e9m de m\u00e9dicos e trabalhadores da sa\u00fade do RN, corredores de rua e educadores f\u00edsicos tamb\u00e9m participaram da caminhada: \u201cA pr\u00e1tica regular de uma atividade como essa faz com que esses profissionais tenham uma vida mais long\u00ednqua\u201d, afirmou Homero Azevedo, representante do grupo \u201cKorrida Maluka\u201d.<\/p>\n<p style=\"text-align: justify;\">\u201cAproveitamos para alertar sobre a sa\u00fade do trabalhador e mostrar que estamos muito vivos e acompanhando atentamente o que est\u00e1 ocorrendo no pa\u00eds\u201d, finalizou o presidente do Sinmed.<\/p>\n<p style=\"text-align: justify;\">\n<p style=\"text-align: justify;\">Fonte: Assessoria de Comunica\u00e7\u00e3o do Sindicato dos M\u00e9dicos do Rio Grande do Norte (Sinmed RN)<\/p>\n","protected":false},"excerpt":{"rendered":"<p>O Sindicato dos M\u00e9dicos do Rio Grande do Norte (Sinmed RN) promoveu na manh\u00e3 da \u00faltima ter\u00e7a-feira a 6\u00aa edi\u00e7\u00e3o da tradicional Caminhada do Trabalhador. A mobiliza\u00e7\u00e3o faz parte das comemora\u00e7\u00f5es do 1\u00ba de maio e teve a participa\u00e7\u00e3o do Sindicato dos Odont\u00f3logos do RN (Soern), Sindicato dos Profissionais de Enfermagem (Sipern), Grupo de Oposi\u00e7\u00e3o [&hellip;]<\/p>\n","protected":false},"author":1,"featured_media":45889,"comment_status":"open","ping_status":"open","sticky":false,"template":"","format":"standard","meta":{"ocean_post_layout":"","ocean_both_sidebars_style":"","ocean_both_sidebars_content_width":0,"ocean_both_sidebars_sidebars_width":0,"ocean_sidebar":"","ocean_second_sidebar":"","ocean_disable_margins":"enable","ocean_add_body_class":"","ocean_shortcode_before_top_bar":"","ocean_shortcode_after_top_bar":"","ocean_shortcode_before_header":"","ocean_shortcode_after_header":"","ocean_has_shortcode":"","ocean_shortcode_after_title":"","ocean_shortcode_before_footer_widgets":"","ocean_shortcode_after_footer_widgets":"","ocean_shortcode_before_footer_bottom":"","ocean_shortcode_after_footer_bottom":"","ocean_display_top_bar":"default","ocean_display_header":"default","ocean_header_style":"","ocean_center_header_left_menu":"","ocean_custom_header_template":"","ocean_custom_logo":0,"ocean_custom_retina_logo":0,"ocean_custom_logo_max_width":0,"ocean_custom_logo_tablet_max_width":0,"ocean_custom_logo_mobile_max_width":0,"ocean_custom_logo_max_height":0,"ocean_custom_logo_tablet_max_height":0,"ocean_custom_logo_mobile_max_height":0,"ocean_header_custom_menu":"","ocean_menu_typo_font_family":"","ocean_menu_typo_font_subset":"","ocean_menu_typo_font_size":0,"ocean_menu_typo_font_size_tablet":0,"ocean_menu_typo_font_size_mobile":0,"ocean_menu_typo_font_size_unit":"px","ocean_menu_typo_font_weight":"","ocean_menu_typo_font_weight_tablet":"","ocean_menu_typo_font_weight_mobile":"","ocean_menu_typo_transform":"","ocean_menu_typo_transform_tablet":"","ocean_menu_typo_transform_mobile":"","ocean_menu_typo_line_height":0,"ocean_menu_typo_line_height_tablet":0,"ocean_menu_typo_line_height_mobile":0,"ocean_menu_typo_line_height_unit":"","ocean_menu_typo_spacing":0,"ocean_menu_typo_spacing_tablet":0,"ocean_menu_typo_spacing_mobile":0,"ocean_menu_typo_spacing_unit":"","ocean_menu_link_color":"","ocean_menu_link_color_hover":"","ocean_menu_link_color_active":"","ocean_menu_link_background":"","ocean_menu_link_hover_background":"","ocean_menu_link_active_background":"","ocean_menu_social_links_bg":"","ocean_menu_social_hover_links_bg":"","ocean_menu_social_links_color":"","ocean_menu_social_hover_links_color":"","ocean_disable_title":"default","ocean_disable_heading":"default","ocean_post_title":"","ocean_post_subheading":"","ocean_post_title_style":"","ocean_post_title_background_color":"","ocean_post_title_background":0,"ocean_post_title_bg_image_position":"","ocean_post_title_bg_image_attachment":"","ocean_post_title_bg_image_repeat":"","ocean_post_title_bg_image_size":"","ocean_post_title_height":0,"ocean_post_title_bg_overlay":0.5,"ocean_post_title_bg_overlay_color":"","ocean_disable_breadcrumbs":"default","ocean_breadcrumbs_color":"","ocean_breadcrumbs_separator_color":"","ocean_breadcrumbs_links_color":"","ocean_breadcrumbs_links_hover_color":"","ocean_display_footer_widgets":"default","ocean_display_footer_bottom":"default","ocean_custom_footer_template":"","ocean_post_oembed":"","ocean_post_self_hosted_media":"","ocean_post_video_embed":"","ocean_link_format":"","ocean_link_format_target":"self","ocean_quote_format":"","ocean_quote_format_link":"post","ocean_gallery_link_images":"on","ocean_gallery_id":[]},"categories":[1],"tags":[],"acf":[],"_links":{"self":[{"href":"https:\/\/www.simepe.com.br\/novo\/wp-json\/wp\/v2\/posts\/45888"}],"collection":[{"href":"https:\/\/www.simepe.com.br\/novo\/wp-json\/wp\/v2\/posts"}],"about":[{"href":"https:\/\/www.simepe.com.br\/novo\/wp-json\/wp\/v2\/types\/post"}],"author":[{"embeddable":true,"href":"https:\/\/www.simepe.com.br\/novo\/wp-json\/wp\/v2\/users\/1"}],"replies":[{"embeddable":true,"href":"https:\/\/www.simepe.com.br\/novo\/wp-json\/wp\/v2\/comments?post=45888"}],"version-history":[{"count":1,"href":"https:\/\/www.simepe.com.br\/novo\/wp-json\/wp\/v2\/posts\/45888\/revisions"}],"predecessor-version":[{"id":45890,"href":"https:\/\/www.simepe.com.br\/novo\/wp-json\/wp\/v2\/posts\/45888\/revisions\/45890"}],"wp:featuredmedia":[{"embeddable":true,"href":"https:\/\/www.simepe.com.br\/novo\/wp-json\/wp\/v2\/media\/45889"}],"wp:attachment":[{"href":"https:\/\/www.simepe.com.br\/novo\/wp-json\/wp\/v2\/media?parent=45888"}],"wp:term":[{"taxonomy":"category","embeddable":true,"href":"https:\/\/www.simepe.com.br\/novo\/wp-json\/wp\/v2\/categories?post=45888"},{"taxonomy":"post_tag","embeddable":true,"href":"https:\/\/www.simepe.com.br\/novo\/wp-json\/wp\/v2\/tags?post=45888"}],"curies":[{"name":"wp","href":"https:\/\/api.w.org\/{rel}","templated":true}]}}