{"id":45941,"date":"2018-05-04T09:35:35","date_gmt":"2018-05-04T12:35:35","guid":{"rendered":"http:\/\/www.simepe.com.br\/novo\/?p=45941"},"modified":"2018-05-04T09:35:35","modified_gmt":"2018-05-04T12:35:35","slug":"sindrome-mao-pe-boca-ja-atingiu-mais-de-100-criancas-em-2018-em-mg","status":"publish","type":"post","link":"https:\/\/www.simepe.com.br\/novo\/sindrome-mao-pe-boca-ja-atingiu-mais-de-100-criancas-em-2018-em-mg\/","title":{"rendered":"S\u00edndrome m\u00e3o-p\u00e9-boca j\u00e1 atingiu mais de 100 crian\u00e7as em 2018 em MG"},"content":{"rendered":"<p style=\"text-align: justify;\">Doen\u00e7a pode ser contra\u00edda em contato com a saliva e com fezes. \u00c9 causada pelo enterov\u00edrus Coxsackie<\/p>\n<p style=\"text-align: justify;\">Perda de apetite, dor na garganta e prostra\u00e7\u00e3o. Esses s\u00e3o alguns dos sintomas identificados pela assistente social Karine dos Santos Borges, de 38 anos, m\u00e3e do pequeno Murilo Borges, de um ano e quatro meses, diagnosticado com a s\u00edndrome m\u00e3o-p\u00e9-boca na primeira quinzena de abril.<\/p>\n<p style=\"text-align: justify;\">A doen\u00e7a, pouco conhecida, \u00e9 mais suscet\u00edvel em crian\u00e7as de at\u00e9 cinco anos. J\u00e1 registrou seis surtos neste ano, que fizeram 107 v\u00edtimas em Minas Gerais, segundo balan\u00e7o da Secretaria de Estado e Sa\u00fade (SES\/MG).<\/p>\n<p style=\"text-align: justify;\">Em Belo Horizonte, as Regi\u00f5es Noroeste e Barreiro registraram duas epidemias da enfermidade esse ano, com 35 crian\u00e7as diagnosticadas com a s\u00edndrome, cerca de 32% do \u00edndice registrado no estado. A informa\u00e7\u00e3o \u00e9 da a Secretaria Municipal de Sa\u00fade. Duas escolas de ensino infantil, nas duas regi\u00f5es, registraram surtos da doen\u00e7a.<\/p>\n<p style=\"text-align: justify;\">\u201cEle parou de comer, n\u00e3o estava querendo tomar mamadeira e ficou bem amuado, mudou o comportamento e n\u00e3o interagia com a gente. Eu percebia que ele sentia dor, mas ele n\u00e3o teve febre\u201d, conta Karine Borges. Um dos principais sintomas da doen\u00e7a \u00e9 a apari\u00e7\u00e3o de feridas, em forma de aftas na garganta, e de pequenas bolhas na palma das m\u00e3os e sola dos p\u00e9s.<\/p>\n<p style=\"text-align: justify;\">\u201cO Murilo ficou nove dias com s\u00edndrome, mas as feridas s\u00f3 apareceram na garganta dele. Parecia muito com aftas e a\u00ed, por n\u00e3o aguentar engolir nada, outro sintoma que a gente percebeu foi que ele estava babando muito\u201d, revela Karine. De in\u00edcio, ela achou que se tratava de um mal-estar comum.<\/p>\n<p style=\"text-align: justify;\"><strong>Entenda a doen\u00e7a <\/strong><\/p>\n<p style=\"text-align: justify;\">\nA s\u00edndrome m\u00e3o-p\u00e9-boca \u00e9 uma doen\u00e7a que pode ser contra\u00edda em contato com a saliva e com fezes. \u00c9 causada pelo enterov\u00edrus Coxsackie, e o per\u00edodo de incuba\u00e7\u00e3o da enfermidade \u00e9 de sete a oito dias. \u201cEla se manifesta de algumas maneiras, mas geralmente \u00e9 com uma febre de 38, 39 graus, mal-estar, como toda virose, e a\u00ed no segundo e terceiro dias come\u00e7am a aparecer as les\u00f5es\u201d, explicou L\u00facia Paix\u00e3o, diretora de promo\u00e7\u00e3o \u00e0 sa\u00fade e vigil\u00e2ncia epidemiol\u00f3gica da Secretaria Municipal de Sa\u00fade de Belo Horizonte.<\/p>\n<p style=\"text-align: justify;\">Durante o per\u00edodo em que o v\u00edrus da doen\u00e7a est\u00e1 ativo, a especialista alerta para a presen\u00e7a de les\u00f5es, al\u00e9m da boca, m\u00e3os e p\u00e9s, tamb\u00e9m nas n\u00e1degas, podendo ser confundido com assaduras.\u201cA evolu\u00e7\u00e3o da doen\u00e7a \u00e9 benigna, mas \u00e9 preciso alguns cuidados. O repouso e a retirada da escola s\u00e3o alguns deles. O contato familiar n\u00e3o tem problema. Por\u00e9m, \u00e9 preciso manter as m\u00e3os de crian\u00e7as e pais sempre higienizadas, assim como a superf\u00edcie dos ambientes de conv\u00edvio. N\u00e3o \u00e9 recomendado compartilhar copos e talheres usados pelo paciente\u201d, salientou.<\/p>\n<p style=\"text-align: justify;\">\u201cO tratamento \u00e9 sist\u00eamico e n\u00e3o h\u00e1 medica\u00e7\u00e3o espec\u00edfica e nem vacina. Mas analg\u00e9sicos que possam aliviar poss\u00edveis dores podem ser usados mediante prescri\u00e7\u00e3o m\u00e9dica\u201d, alertou L\u00facia Paix\u00e3o, que ainda indicou a ingest\u00e3o de l\u00edquidos para evitar desidrata\u00e7\u00e3o.<\/p>\n<p style=\"text-align: justify;\">\n<p style=\"text-align: justify;\">Fonte: Diario de Pernambuco<\/p>\n","protected":false},"excerpt":{"rendered":"<p>Doen\u00e7a pode ser contra\u00edda em contato com a saliva e com fezes. \u00c9 causada pelo enterov\u00edrus Coxsackie Perda de apetite, dor na garganta e prostra\u00e7\u00e3o. Esses s\u00e3o alguns dos sintomas identificados pela assistente social Karine dos Santos Borges, de 38 anos, m\u00e3e do pequeno Murilo Borges, de um ano e quatro meses, diagnosticado com a [&hellip;]<\/p>\n","protected":false},"author":1,"featured_media":0,"comment_status":"open","ping_status":"open","sticky":false,"template":"","format":"standard","meta":{"ocean_post_layout":"","ocean_both_sidebars_style":"","ocean_both_sidebars_content_width":0,"ocean_both_sidebars_sidebars_width":0,"ocean_sidebar":"","ocean_second_sidebar":"","ocean_disable_margins":"enable","ocean_add_body_class":"","ocean_shortcode_before_top_bar":"","ocean_shortcode_after_top_bar":"","ocean_shortcode_before_header":"","ocean_shortcode_after_header":"","ocean_has_shortcode":"","ocean_shortcode_after_title":"","ocean_shortcode_before_footer_widgets":"","ocean_shortcode_after_footer_widgets":"","ocean_shortcode_before_footer_bottom":"","ocean_shortcode_after_footer_bottom":"","ocean_display_top_bar":"default","ocean_display_header":"default","ocean_header_style":"","ocean_center_header_left_menu":"","ocean_custom_header_template":"","ocean_custom_logo":0,"ocean_custom_retina_logo":0,"ocean_custom_logo_max_width":0,"ocean_custom_logo_tablet_max_width":0,"ocean_custom_logo_mobile_max_width":0,"ocean_custom_logo_max_height":0,"ocean_custom_logo_tablet_max_height":0,"ocean_custom_logo_mobile_max_height":0,"ocean_header_custom_menu":"","ocean_menu_typo_font_family":"","ocean_menu_typo_font_subset":"","ocean_menu_typo_font_size":0,"ocean_menu_typo_font_size_tablet":0,"ocean_menu_typo_font_size_mobile":0,"ocean_menu_typo_font_size_unit":"px","ocean_menu_typo_font_weight":"","ocean_menu_typo_font_weight_tablet":"","ocean_menu_typo_font_weight_mobile":"","ocean_menu_typo_transform":"","ocean_menu_typo_transform_tablet":"","ocean_menu_typo_transform_mobile":"","ocean_menu_typo_line_height":0,"ocean_menu_typo_line_height_tablet":0,"ocean_menu_typo_line_height_mobile":0,"ocean_menu_typo_line_height_unit":"","ocean_menu_typo_spacing":0,"ocean_menu_typo_spacing_tablet":0,"ocean_menu_typo_spacing_mobile":0,"ocean_menu_typo_spacing_unit":"","ocean_menu_link_color":"","ocean_menu_link_color_hover":"","ocean_menu_link_color_active":"","ocean_menu_link_background":"","ocean_menu_link_hover_background":"","ocean_menu_link_active_background":"","ocean_menu_social_links_bg":"","ocean_menu_social_hover_links_bg":"","ocean_menu_social_links_color":"","ocean_menu_social_hover_links_color":"","ocean_disable_title":"default","ocean_disable_heading":"default","ocean_post_title":"","ocean_post_subheading":"","ocean_post_title_style":"","ocean_post_title_background_color":"","ocean_post_title_background":0,"ocean_post_title_bg_image_position":"","ocean_post_title_bg_image_attachment":"","ocean_post_title_bg_image_repeat":"","ocean_post_title_bg_image_size":"","ocean_post_title_height":0,"ocean_post_title_bg_overlay":0.5,"ocean_post_title_bg_overlay_color":"","ocean_disable_breadcrumbs":"default","ocean_breadcrumbs_color":"","ocean_breadcrumbs_separator_color":"","ocean_breadcrumbs_links_color":"","ocean_breadcrumbs_links_hover_color":"","ocean_display_footer_widgets":"default","ocean_display_footer_bottom":"default","ocean_custom_footer_template":"","ocean_post_oembed":"","ocean_post_self_hosted_media":"","ocean_post_video_embed":"","ocean_link_format":"","ocean_link_format_target":"self","ocean_quote_format":"","ocean_quote_format_link":"post","ocean_gallery_link_images":"on","ocean_gallery_id":[]},"categories":[9],"tags":[2703,2790,49],"acf":[],"_links":{"self":[{"href":"https:\/\/www.simepe.com.br\/novo\/wp-json\/wp\/v2\/posts\/45941"}],"collection":[{"href":"https:\/\/www.simepe.com.br\/novo\/wp-json\/wp\/v2\/posts"}],"about":[{"href":"https:\/\/www.simepe.com.br\/novo\/wp-json\/wp\/v2\/types\/post"}],"author":[{"embeddable":true,"href":"https:\/\/www.simepe.com.br\/novo\/wp-json\/wp\/v2\/users\/1"}],"replies":[{"embeddable":true,"href":"https:\/\/www.simepe.com.br\/novo\/wp-json\/wp\/v2\/comments?post=45941"}],"version-history":[{"count":1,"href":"https:\/\/www.simepe.com.br\/novo\/wp-json\/wp\/v2\/posts\/45941\/revisions"}],"predecessor-version":[{"id":45942,"href":"https:\/\/www.simepe.com.br\/novo\/wp-json\/wp\/v2\/posts\/45941\/revisions\/45942"}],"wp:attachment":[{"href":"https:\/\/www.simepe.com.br\/novo\/wp-json\/wp\/v2\/media?parent=45941"}],"wp:term":[{"taxonomy":"category","embeddable":true,"href":"https:\/\/www.simepe.com.br\/novo\/wp-json\/wp\/v2\/categories?post=45941"},{"taxonomy":"post_tag","embeddable":true,"href":"https:\/\/www.simepe.com.br\/novo\/wp-json\/wp\/v2\/tags?post=45941"}],"curies":[{"name":"wp","href":"https:\/\/api.w.org\/{rel}","templated":true}]}}