{"id":45996,"date":"2018-05-07T10:07:27","date_gmt":"2018-05-07T13:07:27","guid":{"rendered":"http:\/\/www.simepe.com.br\/novo\/?p=45996"},"modified":"2018-05-07T10:07:27","modified_gmt":"2018-05-07T13:07:27","slug":"sc-simersul-aprova-filiacao-a-fmb","status":"publish","type":"post","link":"https:\/\/www.simepe.com.br\/novo\/sc-simersul-aprova-filiacao-a-fmb\/","title":{"rendered":"SC: Simersul aprova filia\u00e7\u00e3o \u00e0 FMB"},"content":{"rendered":"<p style=\"text-align: justify;\">O Sindicato dos M\u00e9dicos da Regi\u00e3o Sul Catarinense (Simersul) em assembleia realizada no dia 3 de maio, em Crici\u00fama (SC) aprovou por unanimidade a filia\u00e7\u00e3o \u00e0 Federa\u00e7\u00e3o M\u00e9dica Brasileira (FMB). Com a integra\u00e7\u00e3o, a Federa\u00e7\u00e3o passa a contar 16 Sindicatos filiados.<\/p>\n<p style=\"text-align: justify;\">\u201cEstamos vivendo um momento muito delicado para a categoria m\u00e9dica em que precisamos estar mais organizados e unidos. Neste contexto nosso alinhamento com a FMB \u00e9 muito forte e estamos gratos pela oportunidade de fazer parte desta entidade\u201d, declarou o presidente do Simersul, Lic\u00ednio Alcantara.<\/p>\n<p style=\"text-align: justify;\">O presidente da FMB, Waldir Ara\u00fajo Cardoso, participou do encontro e apresentou a Federa\u00e7\u00e3o aos m\u00e9dicos presentes. Destacou a import\u00e2ncia da representa\u00e7\u00e3o nacional da categoria, a necessidade do apoio dos Sindicatos de base e o n\u00e3o atrelamento pol\u00edtico. \u201cA FMB tem que ter autonomia e independ\u00eancia. Nosso compromisso inarred\u00e1vel \u00e9 com o m\u00e9dico, com a Medicina e com sa\u00fade de qualidade para todos\u201d, afirmou.<\/p>\n<p style=\"text-align: justify;\">O presidente da FMB tamb\u00e9m agradeceu a confian\u00e7a do Simersul em filiar-se a Federa\u00e7\u00e3o. \u201cTemos muito orgulho em ter um Sindicato como o Simersul participando conosco. Ir\u00e1 fortalecer junto com o Sindicato dos M\u00e9dicos do Estado de Santa Catarina (Simesc) a representa\u00e7\u00e3o do sul do Brasil na entidade. Para n\u00f3s \u00e9 importante ter um panorama da realidade m\u00e9dica fora dos grandes centros e certamente a presen\u00e7a de voc\u00eas nos ajudar\u00e1 neste sentido\u201d, acrescentou Waldir.<\/p>\n<p style=\"text-align: justify;\"><strong>Enem<\/strong><\/p>\n<p style=\"text-align: justify;\">O secret\u00e1rio de Comunica\u00e7\u00e3o da Federa\u00e7\u00e3o M\u00e9dica Brasileira (FMB), Cyro Soncini, comentou sobre o Encontro Nacional de Entidades M\u00e9dicas (Enem), confirmado para os dias 29 e 30 de maio, na sede da Associa\u00e7\u00e3o M\u00e9dica de Bras\u00edlia (AMBr), em Bras\u00edlia. Os eixos tem\u00e1ticos do Enem contemplar\u00e3o: Mercado de Trabalho M\u00e9dico, Assist\u00eancia M\u00e9dica, Forma\u00e7\u00e3o M\u00e9dica, assim como ser\u00e3o debatidas estrat\u00e9gias da inclus\u00e3o do m\u00e9dico na pol\u00edtica.<\/p>\n<p style=\"text-align: justify;\">\u201cO objetivo \u00e9 que as ideias dos m\u00e9dicos estejam inclu\u00eddas na carta final para que seja feita pol\u00edtica m\u00e9dica com todos os candidatos do pa\u00eds. Este \u00e9 um ano de elei\u00e7\u00e3o e a categoria precisa voltar a fazer barulho. Os pol\u00edticos precisam receber o posicionamento da categoria\u201d, explicou Cyro.<\/p>\n<p style=\"text-align: justify;\">Tamb\u00e9m integraram a comitiva da FMB, Leopoldo Back (Conselheiro Fiscal da Federa\u00e7\u00e3o e presidente do Simesc) e Aury Faresin (secret\u00e1rio de Benef\u00edcio Previd\u00eancia e Sa\u00fade do Trabalhador FMB e Diretor de Sa\u00fade do Trabalhador do SIMESC).<\/p>\n<p style=\"text-align: justify;\">\u201cAs entidades m\u00e9dicas est\u00e3o vivendo uma parte singular da hist\u00f3ria, com novos desafios, como a terceiriza\u00e7\u00e3o, que vem fragilizando muito o m\u00e9dico. As entidades precisam continuar lutando e buscando formas de compreender como ajudar o profissional\u201d, afirmou Leopoldo.<\/p>\n<p style=\"text-align: justify;\">\u201cPrecisamos seguir com o objetivo de defender o m\u00e9dico e jamais parar\u201d, acrescentou Aury, dizendo-se muito satisfeito em testemunhar a filia\u00e7\u00e3o do Simersul \u00e0 FMB.<\/p>\n<p style=\"text-align: justify;\">\n<p style=\"text-align: justify;\">Fonte: Assessoria de Comunica\u00e7\u00e3o do Sindicato dos M\u00e9dicos do Par\u00e1 (Sindmepa)<\/p>\n","protected":false},"excerpt":{"rendered":"<p>O Sindicato dos M\u00e9dicos da Regi\u00e3o Sul Catarinense (Simersul) em assembleia realizada no dia 3 de maio, em Crici\u00fama (SC) aprovou por unanimidade a filia\u00e7\u00e3o \u00e0 Federa\u00e7\u00e3o M\u00e9dica Brasileira (FMB). Com a integra\u00e7\u00e3o, a Federa\u00e7\u00e3o passa a contar 16 Sindicatos filiados. \u201cEstamos vivendo um momento muito delicado para a categoria m\u00e9dica em que precisamos estar [&hellip;]<\/p>\n","protected":false},"author":1,"featured_media":45998,"comment_status":"open","ping_status":"open","sticky":false,"template":"","format":"standard","meta":{"ocean_post_layout":"","ocean_both_sidebars_style":"","ocean_both_sidebars_content_width":0,"ocean_both_sidebars_sidebars_width":0,"ocean_sidebar":"","ocean_second_sidebar":"","ocean_disable_margins":"enable","ocean_add_body_class":"","ocean_shortcode_before_top_bar":"","ocean_shortcode_after_top_bar":"","ocean_shortcode_before_header":"","ocean_shortcode_after_header":"","ocean_has_shortcode":"","ocean_shortcode_after_title":"","ocean_shortcode_before_footer_widgets":"","ocean_shortcode_after_footer_widgets":"","ocean_shortcode_before_footer_bottom":"","ocean_shortcode_after_footer_bottom":"","ocean_display_top_bar":"default","ocean_display_header":"default","ocean_header_style":"","ocean_center_header_left_menu":"","ocean_custom_header_template":"","ocean_custom_logo":0,"ocean_custom_retina_logo":0,"ocean_custom_logo_max_width":0,"ocean_custom_logo_tablet_max_width":0,"ocean_custom_logo_mobile_max_width":0,"ocean_custom_logo_max_height":0,"ocean_custom_logo_tablet_max_height":0,"ocean_custom_logo_mobile_max_height":0,"ocean_header_custom_menu":"","ocean_menu_typo_font_family":"","ocean_menu_typo_font_subset":"","ocean_menu_typo_font_size":0,"ocean_menu_typo_font_size_tablet":0,"ocean_menu_typo_font_size_mobile":0,"ocean_menu_typo_font_size_unit":"px","ocean_menu_typo_font_weight":"","ocean_menu_typo_font_weight_tablet":"","ocean_menu_typo_font_weight_mobile":"","ocean_menu_typo_transform":"","ocean_menu_typo_transform_tablet":"","ocean_menu_typo_transform_mobile":"","ocean_menu_typo_line_height":0,"ocean_menu_typo_line_height_tablet":0,"ocean_menu_typo_line_height_mobile":0,"ocean_menu_typo_line_height_unit":"","ocean_menu_typo_spacing":0,"ocean_menu_typo_spacing_tablet":0,"ocean_menu_typo_spacing_mobile":0,"ocean_menu_typo_spacing_unit":"","ocean_menu_link_color":"","ocean_menu_link_color_hover":"","ocean_menu_link_color_active":"","ocean_menu_link_background":"","ocean_menu_link_hover_background":"","ocean_menu_link_active_background":"","ocean_menu_social_links_bg":"","ocean_menu_social_hover_links_bg":"","ocean_menu_social_links_color":"","ocean_menu_social_hover_links_color":"","ocean_disable_title":"default","ocean_disable_heading":"default","ocean_post_title":"","ocean_post_subheading":"","ocean_post_title_style":"","ocean_post_title_background_color":"","ocean_post_title_background":0,"ocean_post_title_bg_image_position":"","ocean_post_title_bg_image_attachment":"","ocean_post_title_bg_image_repeat":"","ocean_post_title_bg_image_size":"","ocean_post_title_height":0,"ocean_post_title_bg_overlay":0.5,"ocean_post_title_bg_overlay_color":"","ocean_disable_breadcrumbs":"default","ocean_breadcrumbs_color":"","ocean_breadcrumbs_separator_color":"","ocean_breadcrumbs_links_color":"","ocean_breadcrumbs_links_hover_color":"","ocean_display_footer_widgets":"default","ocean_display_footer_bottom":"default","ocean_custom_footer_template":"","ocean_post_oembed":"","ocean_post_self_hosted_media":"","ocean_post_video_embed":"","ocean_link_format":"","ocean_link_format_target":"self","ocean_quote_format":"","ocean_quote_format_link":"post","ocean_gallery_link_images":"on","ocean_gallery_id":[]},"categories":[1],"tags":[],"acf":[],"_links":{"self":[{"href":"https:\/\/www.simepe.com.br\/novo\/wp-json\/wp\/v2\/posts\/45996"}],"collection":[{"href":"https:\/\/www.simepe.com.br\/novo\/wp-json\/wp\/v2\/posts"}],"about":[{"href":"https:\/\/www.simepe.com.br\/novo\/wp-json\/wp\/v2\/types\/post"}],"author":[{"embeddable":true,"href":"https:\/\/www.simepe.com.br\/novo\/wp-json\/wp\/v2\/users\/1"}],"replies":[{"embeddable":true,"href":"https:\/\/www.simepe.com.br\/novo\/wp-json\/wp\/v2\/comments?post=45996"}],"version-history":[{"count":1,"href":"https:\/\/www.simepe.com.br\/novo\/wp-json\/wp\/v2\/posts\/45996\/revisions"}],"predecessor-version":[{"id":45999,"href":"https:\/\/www.simepe.com.br\/novo\/wp-json\/wp\/v2\/posts\/45996\/revisions\/45999"}],"wp:featuredmedia":[{"embeddable":true,"href":"https:\/\/www.simepe.com.br\/novo\/wp-json\/wp\/v2\/media\/45998"}],"wp:attachment":[{"href":"https:\/\/www.simepe.com.br\/novo\/wp-json\/wp\/v2\/media?parent=45996"}],"wp:term":[{"taxonomy":"category","embeddable":true,"href":"https:\/\/www.simepe.com.br\/novo\/wp-json\/wp\/v2\/categories?post=45996"},{"taxonomy":"post_tag","embeddable":true,"href":"https:\/\/www.simepe.com.br\/novo\/wp-json\/wp\/v2\/tags?post=45996"}],"curies":[{"name":"wp","href":"https:\/\/api.w.org\/{rel}","templated":true}]}}