{"id":46023,"date":"2018-05-08T11:45:14","date_gmt":"2018-05-08T14:45:14","guid":{"rendered":"http:\/\/www.simepe.com.br\/novo\/?p=46023"},"modified":"2018-05-15T09:40:16","modified_gmt":"2018-05-15T12:40:16","slug":"pediatras-e-clinicos-da-barros-lima-denunciam-falta-de-condicoes-de-trabalho-e-outros-problemas","status":"publish","type":"post","link":"https:\/\/www.simepe.com.br\/novo\/pediatras-e-clinicos-da-barros-lima-denunciam-falta-de-condicoes-de-trabalho-e-outros-problemas\/","title":{"rendered":"Pediatras e cl\u00ednicos da Barros Lima denunciam falta de condi\u00e7\u00f5es de trabalho e descaso"},"content":{"rendered":"<p style=\"text-align: justify;\">Insatisfa\u00e7\u00e3o. Esse \u00e9 o sentimento que se expressa nos pediatras e cl\u00ednicos da Policl\u00ednica da Maternidade Barros Lima da rede municipal de sa\u00fade do Recife. Localizada no bairro de Casa Amarela. Os profissionais estiveram reunidos nesta segunda-feira (07.05), com o diretor Executivo do Simepe, Walber Steffano, onde discutiram sobre escalas incompletas, sobrecarga de trabalho, inseguran\u00e7a, condi\u00e7\u00e3o de trabalho prec\u00e1ria, falta de medicamentos e insumos.<\/p>\n<p style=\"text-align: justify;\">Durante duas horas aproximadamente, os m\u00e9dicos relataram in\u00fameros problemas com o n\u00famero de atendimentos em excesso, num plant\u00e3o de 12h. Al\u00e9m disso, eles reivindicaram das entidades m\u00e9dicas e do Minist\u00e9rio P\u00fablico Estadual (MPPE) medidas, com a finalidade de pressionar os gestores da sa\u00fade do Recife. \u00a0De acordo com Walber Steffano, os profissionais est\u00e3o trabalhando no limite da toler\u00e2ncia, enfrentando demandas constantes, principalmente, com a escala de plant\u00e3o desfalcada e condi\u00e7\u00f5es de trabalho inadequadas para o exerc\u00edcio da medicina e da assist\u00eancia \u00e0 popula\u00e7\u00e3o. Diante dos relatos e das graves den\u00fancias, o Simepe vai solicitar uma reuni\u00e3o em car\u00e1ter de urg\u00eancia com a dire\u00e7\u00e3o da Barros Lima e, ao mesmo tempo, convocar uma AGE para a pr\u00f3xima segunda-feira, 14 de maio, \u00e0s 19h, na sede do Sindicato para novas delibera\u00e7\u00f5es e rumos do movimento.<\/p>\n","protected":false},"excerpt":{"rendered":"<p>Insatisfa\u00e7\u00e3o. Esse \u00e9 o sentimento que se expressa nos pediatras e cl\u00ednicos da Policl\u00ednica da Maternidade Barros Lima da rede municipal de sa\u00fade do Recife. Localizada no bairro de Casa Amarela. Os profissionais estiveram reunidos nesta segunda-feira (07.05), com o diretor Executivo do Simepe, Walber Steffano, onde discutiram sobre escalas incompletas, sobrecarga de trabalho, inseguran\u00e7a, [&hellip;]<\/p>\n","protected":false},"author":2,"featured_media":46026,"comment_status":"open","ping_status":"open","sticky":false,"template":"","format":"standard","meta":{"ocean_post_layout":"","ocean_both_sidebars_style":"","ocean_both_sidebars_content_width":0,"ocean_both_sidebars_sidebars_width":0,"ocean_sidebar":"","ocean_second_sidebar":"","ocean_disable_margins":"enable","ocean_add_body_class":"","ocean_shortcode_before_top_bar":"","ocean_shortcode_after_top_bar":"","ocean_shortcode_before_header":"","ocean_shortcode_after_header":"","ocean_has_shortcode":"","ocean_shortcode_after_title":"","ocean_shortcode_before_footer_widgets":"","ocean_shortcode_after_footer_widgets":"","ocean_shortcode_before_footer_bottom":"","ocean_shortcode_after_footer_bottom":"","ocean_display_top_bar":"default","ocean_display_header":"default","ocean_header_style":"","ocean_center_header_left_menu":"","ocean_custom_header_template":"","ocean_custom_logo":0,"ocean_custom_retina_logo":0,"ocean_custom_logo_max_width":0,"ocean_custom_logo_tablet_max_width":0,"ocean_custom_logo_mobile_max_width":0,"ocean_custom_logo_max_height":0,"ocean_custom_logo_tablet_max_height":0,"ocean_custom_logo_mobile_max_height":0,"ocean_header_custom_menu":"","ocean_menu_typo_font_family":"","ocean_menu_typo_font_subset":"","ocean_menu_typo_font_size":0,"ocean_menu_typo_font_size_tablet":0,"ocean_menu_typo_font_size_mobile":0,"ocean_menu_typo_font_size_unit":"px","ocean_menu_typo_font_weight":"","ocean_menu_typo_font_weight_tablet":"","ocean_menu_typo_font_weight_mobile":"","ocean_menu_typo_transform":"","ocean_menu_typo_transform_tablet":"","ocean_menu_typo_transform_mobile":"","ocean_menu_typo_line_height":0,"ocean_menu_typo_line_height_tablet":0,"ocean_menu_typo_line_height_mobile":0,"ocean_menu_typo_line_height_unit":"","ocean_menu_typo_spacing":0,"ocean_menu_typo_spacing_tablet":0,"ocean_menu_typo_spacing_mobile":0,"ocean_menu_typo_spacing_unit":"","ocean_menu_link_color":"","ocean_menu_link_color_hover":"","ocean_menu_link_color_active":"","ocean_menu_link_background":"","ocean_menu_link_hover_background":"","ocean_menu_link_active_background":"","ocean_menu_social_links_bg":"","ocean_menu_social_hover_links_bg":"","ocean_menu_social_links_color":"","ocean_menu_social_hover_links_color":"","ocean_disable_title":"default","ocean_disable_heading":"default","ocean_post_title":"","ocean_post_subheading":"","ocean_post_title_style":"","ocean_post_title_background_color":"","ocean_post_title_background":0,"ocean_post_title_bg_image_position":"","ocean_post_title_bg_image_attachment":"","ocean_post_title_bg_image_repeat":"","ocean_post_title_bg_image_size":"","ocean_post_title_height":0,"ocean_post_title_bg_overlay":0.5,"ocean_post_title_bg_overlay_color":"","ocean_disable_breadcrumbs":"default","ocean_breadcrumbs_color":"","ocean_breadcrumbs_separator_color":"","ocean_breadcrumbs_links_color":"","ocean_breadcrumbs_links_hover_color":"","ocean_display_footer_widgets":"default","ocean_display_footer_bottom":"default","ocean_custom_footer_template":"","ocean_post_oembed":"","ocean_post_self_hosted_media":"","ocean_post_video_embed":"","ocean_link_format":"","ocean_link_format_target":"self","ocean_quote_format":"","ocean_quote_format_link":"post","ocean_gallery_link_images":"on","ocean_gallery_id":[]},"categories":[1],"tags":[],"acf":[],"_links":{"self":[{"href":"https:\/\/www.simepe.com.br\/novo\/wp-json\/wp\/v2\/posts\/46023"}],"collection":[{"href":"https:\/\/www.simepe.com.br\/novo\/wp-json\/wp\/v2\/posts"}],"about":[{"href":"https:\/\/www.simepe.com.br\/novo\/wp-json\/wp\/v2\/types\/post"}],"author":[{"embeddable":true,"href":"https:\/\/www.simepe.com.br\/novo\/wp-json\/wp\/v2\/users\/2"}],"replies":[{"embeddable":true,"href":"https:\/\/www.simepe.com.br\/novo\/wp-json\/wp\/v2\/comments?post=46023"}],"version-history":[{"count":6,"href":"https:\/\/www.simepe.com.br\/novo\/wp-json\/wp\/v2\/posts\/46023\/revisions"}],"predecessor-version":[{"id":46149,"href":"https:\/\/www.simepe.com.br\/novo\/wp-json\/wp\/v2\/posts\/46023\/revisions\/46149"}],"wp:featuredmedia":[{"embeddable":true,"href":"https:\/\/www.simepe.com.br\/novo\/wp-json\/wp\/v2\/media\/46026"}],"wp:attachment":[{"href":"https:\/\/www.simepe.com.br\/novo\/wp-json\/wp\/v2\/media?parent=46023"}],"wp:term":[{"taxonomy":"category","embeddable":true,"href":"https:\/\/www.simepe.com.br\/novo\/wp-json\/wp\/v2\/categories?post=46023"},{"taxonomy":"post_tag","embeddable":true,"href":"https:\/\/www.simepe.com.br\/novo\/wp-json\/wp\/v2\/tags?post=46023"}],"curies":[{"name":"wp","href":"https:\/\/api.w.org\/{rel}","templated":true}]}}