{"id":46092,"date":"2018-05-11T07:50:17","date_gmt":"2018-05-11T10:50:17","guid":{"rendered":"http:\/\/www.simepe.com.br\/novo\/?p=46092"},"modified":"2018-05-11T07:50:17","modified_gmt":"2018-05-11T10:50:17","slug":"estado-lanca-maio-laranja-para-combater-abuso-e-exploracao-sexual-de-criancas-e-adolescentes","status":"publish","type":"post","link":"https:\/\/www.simepe.com.br\/novo\/estado-lanca-maio-laranja-para-combater-abuso-e-exploracao-sexual-de-criancas-e-adolescentes\/","title":{"rendered":"Estado lan\u00e7a \u2018Maio Laranja\u2019 para combater abuso e explora\u00e7\u00e3o sexual de crian\u00e7as e adolescentes"},"content":{"rendered":"<p style=\"text-align: justify;\">Foi lan\u00e7ado ontem (09) pelo Governo do Par\u00e1 na Federa\u00e7\u00e3o das Ind\u00fastrias do Estado do Par\u00e1 (Fiepa), em Bel\u00e9m, a campanha Maio Laranja, de combate ao abuso e explora\u00e7\u00e3o sexual de crian\u00e7as e adolescentes. Durante o m\u00eas, ser\u00e3o realizadas diversas a\u00e7\u00f5es como palestras, semin\u00e1rios e exibi\u00e7\u00e3o de filmes.<\/p>\n<p style=\"text-align: justify;\">De acordo com a Coordena\u00e7\u00e3o Estadual de Sa\u00fade do Adolescente, no per\u00edodo de 2013 a 2017 o Par\u00e1 registrou 4.472 casos de viol\u00eancia sexual contra adolescentes e a campanha visa mobilizar a sociedade para o enfrentamento dessa realidade. O \u201cMaio Laranja\u201d \u00e9 alusivo ao Dia Nacional de Enfrentamento ao Abuso e \u00e0 Explora\u00e7\u00e3o Sexual de Crian\u00e7as e Adolescentes, no dia 18 de maio.<\/p>\n<p style=\"text-align: justify;\">De autoria do deputado estadual M\u00e1rcio Miranda, que atendeu \u00e0 proposta apresentada pela sociedade civil, o Projeto de Lei n\u00ba 35\/2018, que instituiu o \u201cMaio Laranja\u201d no Par\u00e1, foi aprovado no final de mar\u00e7o na Assembleia Legislativa (Alepa) e sancionado pelo governador em abril.<\/p>\n<p style=\"text-align: justify;\">O projeto refor\u00e7a a import\u00e2ncia das a\u00e7\u00f5es do poder p\u00fablico quanto \u00e0 implementa\u00e7\u00e3o de um plano de a\u00e7\u00e3o voltado ao enfrentamento \u00e0 viol\u00eancia sexual contra crian\u00e7as e adolescentes. Atualmente, a lei est\u00e1 em vigor somente em dois munic\u00edpios de Minas Gerais: Patos e Belo Horizonte.<\/p>\n<p style=\"text-align: justify;\">A campanha tamb\u00e9m visa ampliar o debate entre profissionais da sa\u00fade, educa\u00e7\u00e3o e seguran\u00e7a p\u00fablica, al\u00e9m de entidades e outros segmentos sociais, sobre os sinais de identifica\u00e7\u00e3o e as consequ\u00eancias da viol\u00eancia sexual, divulgando os canais de den\u00fancia.<\/p>\n<p style=\"text-align: justify;\">Para a assistente social Lilian Ribeiro, colaboradora do Movimento Maio Laranja, a integra\u00e7\u00e3o com \u00f3rg\u00e3os governamentais fortalece a causa. \u201c\u00c9 uma campanha que vai percorrer o Estado. Essa integra\u00e7\u00e3o possibilitar\u00e1 efici\u00eancia em rela\u00e7\u00e3o \u00e0 preven\u00e7\u00e3o\u201d, disse.<\/p>\n<p style=\"text-align: justify;\"><strong>Estat\u00edsticas<\/strong><\/p>\n<p style=\"text-align: justify;\">\nDe acordo com a Coordena\u00e7\u00e3o Estadual de Sa\u00fade do Adolescente, no per\u00edodo de 2013 a 2017 o Par\u00e1 registrou 4.472 casos de viol\u00eancia sexual contra adolescentes: Araguaia (32 casos), Baixo Amazonas (260), Caraj\u00e1s (237), Lago de Tucuru\u00ed (138), Maraj\u00f3 I (158), Maraj\u00f3 II (44), Metropolitana I (2.389), Metropolitana II (134), Metropolitana III (121), Rio Caet\u00e9s (121), Tapaj\u00f3s (32), Tocantins (689) e Xingu (117).<\/p>\n<p style=\"text-align: justify;\">J\u00e1 os dados relativos a crian\u00e7as, entre 2013 e 2017, mostram que o Par\u00e1 registrou 2.857 casos de viol\u00eancia sexual.<\/p>\n<p style=\"text-align: justify;\"><strong>Preven\u00e7\u00e3o<\/strong><\/p>\n<p style=\"text-align: justify;\">\nSegundo a coordenadora estadual de Sa\u00fade do Adolescente Vera Bertagnoli, a campanha estimula a notifica\u00e7\u00e3o e den\u00fancia dos casos, que na maioria das vezes ocorrem dentro da pr\u00f3pria fam\u00edlia.<\/p>\n<p style=\"text-align: justify;\">\u201cO abuso e a explora\u00e7\u00e3o sexual contra crian\u00e7as e adolescentes t\u00eam reflexo direto na sa\u00fade da v\u00edtima, principalmente no aspecto mental. Os sinais mais frequentes s\u00e3o relacionados \u00e0 mudan\u00e7a de comportamento, pois eles se tornam pessoas retra\u00eddas, que preferem o isolamento. Na fase escolar, as v\u00edtimas diminuem o rendimento de forma vis\u00edvel. Da\u00ed a import\u00e2ncia de trabalharmos essa quest\u00e3o juntamente com a fam\u00edlia e as escolas\u201d, afirmou Vera Bertagnoli.<\/p>\n<p style=\"text-align: justify;\">A campanha tem o apoio da Secretaria de Estado de Sa\u00fade P\u00fablica (Sespa), Secretaria de Estado de Justi\u00e7a e Direitos Humanos (Sejudh), Pro Paz, Alepa e outras institui\u00e7\u00f5es.<\/p>\n<p style=\"text-align: justify;\">\n<p style=\"text-align: justify;\">Fonte: Assessoria de Comunica\u00e7\u00e3o do Sindicato dos M\u00e9dicos do Par\u00e1 (Sindmepa)<\/p>\n","protected":false},"excerpt":{"rendered":"<p>Foi lan\u00e7ado ontem (09) pelo Governo do Par\u00e1 na Federa\u00e7\u00e3o das Ind\u00fastrias do Estado do Par\u00e1 (Fiepa), em Bel\u00e9m, a campanha Maio Laranja, de combate ao abuso e explora\u00e7\u00e3o sexual de crian\u00e7as e adolescentes. Durante o m\u00eas, ser\u00e3o realizadas diversas a\u00e7\u00f5es como palestras, semin\u00e1rios e exibi\u00e7\u00e3o de filmes. De acordo com a Coordena\u00e7\u00e3o Estadual de [&hellip;]<\/p>\n","protected":false},"author":1,"featured_media":46093,"comment_status":"open","ping_status":"open","sticky":false,"template":"","format":"standard","meta":{"ocean_post_layout":"","ocean_both_sidebars_style":"","ocean_both_sidebars_content_width":0,"ocean_both_sidebars_sidebars_width":0,"ocean_sidebar":"","ocean_second_sidebar":"","ocean_disable_margins":"enable","ocean_add_body_class":"","ocean_shortcode_before_top_bar":"","ocean_shortcode_after_top_bar":"","ocean_shortcode_before_header":"","ocean_shortcode_after_header":"","ocean_has_shortcode":"","ocean_shortcode_after_title":"","ocean_shortcode_before_footer_widgets":"","ocean_shortcode_after_footer_widgets":"","ocean_shortcode_before_footer_bottom":"","ocean_shortcode_after_footer_bottom":"","ocean_display_top_bar":"default","ocean_display_header":"default","ocean_header_style":"","ocean_center_header_left_menu":"","ocean_custom_header_template":"","ocean_custom_logo":0,"ocean_custom_retina_logo":0,"ocean_custom_logo_max_width":0,"ocean_custom_logo_tablet_max_width":0,"ocean_custom_logo_mobile_max_width":0,"ocean_custom_logo_max_height":0,"ocean_custom_logo_tablet_max_height":0,"ocean_custom_logo_mobile_max_height":0,"ocean_header_custom_menu":"","ocean_menu_typo_font_family":"","ocean_menu_typo_font_subset":"","ocean_menu_typo_font_size":0,"ocean_menu_typo_font_size_tablet":0,"ocean_menu_typo_font_size_mobile":0,"ocean_menu_typo_font_size_unit":"px","ocean_menu_typo_font_weight":"","ocean_menu_typo_font_weight_tablet":"","ocean_menu_typo_font_weight_mobile":"","ocean_menu_typo_transform":"","ocean_menu_typo_transform_tablet":"","ocean_menu_typo_transform_mobile":"","ocean_menu_typo_line_height":0,"ocean_menu_typo_line_height_tablet":0,"ocean_menu_typo_line_height_mobile":0,"ocean_menu_typo_line_height_unit":"","ocean_menu_typo_spacing":0,"ocean_menu_typo_spacing_tablet":0,"ocean_menu_typo_spacing_mobile":0,"ocean_menu_typo_spacing_unit":"","ocean_menu_link_color":"","ocean_menu_link_color_hover":"","ocean_menu_link_color_active":"","ocean_menu_link_background":"","ocean_menu_link_hover_background":"","ocean_menu_link_active_background":"","ocean_menu_social_links_bg":"","ocean_menu_social_hover_links_bg":"","ocean_menu_social_links_color":"","ocean_menu_social_hover_links_color":"","ocean_disable_title":"default","ocean_disable_heading":"default","ocean_post_title":"","ocean_post_subheading":"","ocean_post_title_style":"","ocean_post_title_background_color":"","ocean_post_title_background":0,"ocean_post_title_bg_image_position":"","ocean_post_title_bg_image_attachment":"","ocean_post_title_bg_image_repeat":"","ocean_post_title_bg_image_size":"","ocean_post_title_height":0,"ocean_post_title_bg_overlay":0.5,"ocean_post_title_bg_overlay_color":"","ocean_disable_breadcrumbs":"default","ocean_breadcrumbs_color":"","ocean_breadcrumbs_separator_color":"","ocean_breadcrumbs_links_color":"","ocean_breadcrumbs_links_hover_color":"","ocean_display_footer_widgets":"default","ocean_display_footer_bottom":"default","ocean_custom_footer_template":"","ocean_post_oembed":"","ocean_post_self_hosted_media":"","ocean_post_video_embed":"","ocean_link_format":"","ocean_link_format_target":"self","ocean_quote_format":"","ocean_quote_format_link":"post","ocean_gallery_link_images":"on","ocean_gallery_id":[]},"categories":[1],"tags":[],"acf":[],"_links":{"self":[{"href":"https:\/\/www.simepe.com.br\/novo\/wp-json\/wp\/v2\/posts\/46092"}],"collection":[{"href":"https:\/\/www.simepe.com.br\/novo\/wp-json\/wp\/v2\/posts"}],"about":[{"href":"https:\/\/www.simepe.com.br\/novo\/wp-json\/wp\/v2\/types\/post"}],"author":[{"embeddable":true,"href":"https:\/\/www.simepe.com.br\/novo\/wp-json\/wp\/v2\/users\/1"}],"replies":[{"embeddable":true,"href":"https:\/\/www.simepe.com.br\/novo\/wp-json\/wp\/v2\/comments?post=46092"}],"version-history":[{"count":1,"href":"https:\/\/www.simepe.com.br\/novo\/wp-json\/wp\/v2\/posts\/46092\/revisions"}],"predecessor-version":[{"id":46094,"href":"https:\/\/www.simepe.com.br\/novo\/wp-json\/wp\/v2\/posts\/46092\/revisions\/46094"}],"wp:featuredmedia":[{"embeddable":true,"href":"https:\/\/www.simepe.com.br\/novo\/wp-json\/wp\/v2\/media\/46093"}],"wp:attachment":[{"href":"https:\/\/www.simepe.com.br\/novo\/wp-json\/wp\/v2\/media?parent=46092"}],"wp:term":[{"taxonomy":"category","embeddable":true,"href":"https:\/\/www.simepe.com.br\/novo\/wp-json\/wp\/v2\/categories?post=46092"},{"taxonomy":"post_tag","embeddable":true,"href":"https:\/\/www.simepe.com.br\/novo\/wp-json\/wp\/v2\/tags?post=46092"}],"curies":[{"name":"wp","href":"https:\/\/api.w.org\/{rel}","templated":true}]}}