{"id":46098,"date":"2018-05-11T07:54:56","date_gmt":"2018-05-11T10:54:56","guid":{"rendered":"http:\/\/www.simepe.com.br\/novo\/?p=46098"},"modified":"2018-05-11T07:54:56","modified_gmt":"2018-05-11T10:54:56","slug":"faltam-10-dias-para-o-curso-de-direito-medico-para-medicos-em-itajai","status":"publish","type":"post","link":"https:\/\/www.simepe.com.br\/novo\/faltam-10-dias-para-o-curso-de-direito-medico-para-medicos-em-itajai\/","title":{"rendered":"Faltam 10 dias para o Curso de Direito M\u00e9dico para M\u00e9dicos em Itaja\u00ed"},"content":{"rendered":"<p style=\"text-align: justify;\">Interessado em participar do Curso de Direito M\u00e9dico para M\u00e9dicos promovido pelo Sindicato dos M\u00e9dicos do Estado de Santa Catarina (SIMESC) em parceria com as regionais Balne\u00e1rio Cambori\u00fa e Itaja\u00ed no dia 19 de maio (s\u00e1bado), no Clube do M\u00e9dico Unimed, em Itaja\u00ed, devem providenciar as inscri\u00e7\u00f5es o quanto antes. O evento tem poucas vagas dispon\u00edveis e \u00e9 aberto para participa\u00e7\u00e3o de m\u00e9dicos e estudantes de medicina.<\/p>\n<p style=\"text-align: justify;\">O curso tem carga hor\u00e1ria de sete horas e objetiva incentivar o m\u00e9dico a saber mais sobre o que \u00e9 a defensoria m\u00e9dica na pr\u00e1tica e tamb\u00e9m instruir os profissionais sobre como se resguardar para evitar transtornos judiciais e como agir quando processado.<\/p>\n<p style=\"text-align: justify;\">De acordo com estudo publicado no livro Erro M\u00e9dico e Judicializa\u00e7\u00e3o da Medicina, processos judiciais envolvendo m\u00e9dicos tiveram um aumento de 1.600% nos \u00faltimos 10 anos no Brasil, al\u00e9m de um crescimento de 180% de profissionais condenados nos tribunais de \u00e9tica dos Conselhos Regionais de Medicina.<\/p>\n<p style=\"text-align: justify;\">&#8220;Ao n\u00e3o tomar os cuidados necess\u00e1rios, o m\u00e9dico se coloca em situa\u00e7\u00e3o vulner\u00e1vel para ser processado, dificultando sua defesa. Todo m\u00e9dico deve conhecer o que deve fazer para se proteger de processos judiciais, por isso recomendo este curso&#8221;, afirma o diretor de Assuntos Jur\u00eddicos do SIMESC, Renato Figueiredo.<\/p>\n<p style=\"text-align: justify;\"><strong>Inscri\u00e7\u00f5es<\/strong><\/p>\n<p style=\"text-align: justify;\">As inscri\u00e7\u00f5es devem ser realizadas at\u00e9 o dia 16 de maio pelo e-mail simesc@simesc.org.br. O investimento \u00e9 a doa\u00e7\u00e3o de um pacote de fraldas geri\u00e1tricas que ser\u00e3o doadas para o Asilo de Cambori\u00fa.<\/p>\n<p style=\"text-align: justify;\"><strong>Programa\u00e7\u00e3o do curso<\/strong><\/p>\n<p style=\"text-align: justify;\">\n<p style=\"text-align: justify;\">8h Defensoria M\u00e9dica Especializada<\/p>\n<p style=\"text-align: justify;\">8h45 Per\u00edcias M\u00e9dicas<\/p>\n<p style=\"text-align: justify;\">9h30 Coffee break<\/p>\n<p style=\"text-align: justify;\">10h Processos no \u00c2mbito do Conselho Regional de Medicina<\/p>\n<p style=\"text-align: justify;\">11h45 Publicidade e Propaganda<\/p>\n<p style=\"text-align: justify;\">12h30 Almo\u00e7o<\/p>\n<p style=\"text-align: justify;\">13h30 Documentos M\u00e9dicos<\/p>\n<p style=\"text-align: justify;\">14h15 Aspectos Criminais do Exerc\u00edcio da Medicina<\/p>\n<p style=\"text-align: justify;\">15h Coffee break<\/p>\n<p style=\"text-align: justify;\">15h30 Direito Coletivo do Trabalho e a Representa\u00e7\u00e3o Sindical<\/p>\n<p style=\"text-align: justify;\">16h15 Aposentadoria Especial<\/p>\n<p style=\"text-align: justify;\">\n<p style=\"text-align: justify;\"><strong>Servi\u00e7o:<\/strong><\/p>\n<p style=\"text-align: justify;\">O que: Curso de Direito M\u00e9dico para M\u00e9dicos de Santa Catarina \u2013 promovido pelo SIMESC<\/p>\n<p style=\"text-align: justify;\">Quando: 19 de maio (s\u00e1bado) das 8 \u00e0s 17h<\/p>\n<p style=\"text-align: justify;\">Onde: Clube do M\u00e9dico Unimed, em Itaja\u00ed<\/p>\n<p style=\"text-align: justify;\">Inscri\u00e7\u00f5es: At\u00e9 dia 16\/05 pelo e-mail simesc@simesc.org.br ou pelo telefone (48) 3223-1030\/1060.<\/p>\n<p style=\"text-align: justify;\">Vagas Limitadas: 80 vagas<\/p>\n<p style=\"text-align: justify;\">Quanto:<\/p>\n<p style=\"text-align: justify;\">Um pacote de fraldas geri\u00e1tricas que ser\u00e1 doado ao Asilo de Cambori\u00fa.<\/p>\n<p style=\"text-align: justify;\">Almo\u00e7o inclu\u00eddo.<\/p>\n<p style=\"text-align: justify;\">Organiza\u00e7\u00e3o: Sindicato dos M\u00e9dicos do Estado de Santa Catarina &#8211; Diretoria Executiva, Regionais Balne\u00e1rio Cambori\u00fa e Itaja\u00ed. Escrit\u00f3rio LHML Direito M\u00e9dico.<\/p>\n<p style=\"text-align: justify;\">Apoio: Unimed, Santolin Seguros, Revista Sa\u00fade, CS Advogados Associados, CMPPrev Advocacia Previdenci\u00e1ria.<\/p>\n<p style=\"text-align: justify;\">\n<p style=\"text-align: justify;\">Fonte: Assessoria de Comunica\u00e7\u00e3o do\u00a0Sindicato dos M\u00e9dicos do Estado de Santa Catarina (SIMESC)<\/p>\n","protected":false},"excerpt":{"rendered":"<p>Interessado em participar do Curso de Direito M\u00e9dico para M\u00e9dicos promovido pelo Sindicato dos M\u00e9dicos do Estado de Santa Catarina (SIMESC) em parceria com as regionais Balne\u00e1rio Cambori\u00fa e Itaja\u00ed no dia 19 de maio (s\u00e1bado), no Clube do M\u00e9dico Unimed, em Itaja\u00ed, devem providenciar as inscri\u00e7\u00f5es o quanto antes. O evento tem poucas vagas [&hellip;]<\/p>\n","protected":false},"author":1,"featured_media":46099,"comment_status":"open","ping_status":"open","sticky":false,"template":"","format":"standard","meta":{"ocean_post_layout":"","ocean_both_sidebars_style":"","ocean_both_sidebars_content_width":0,"ocean_both_sidebars_sidebars_width":0,"ocean_sidebar":"","ocean_second_sidebar":"","ocean_disable_margins":"enable","ocean_add_body_class":"","ocean_shortcode_before_top_bar":"","ocean_shortcode_after_top_bar":"","ocean_shortcode_before_header":"","ocean_shortcode_after_header":"","ocean_has_shortcode":"","ocean_shortcode_after_title":"","ocean_shortcode_before_footer_widgets":"","ocean_shortcode_after_footer_widgets":"","ocean_shortcode_before_footer_bottom":"","ocean_shortcode_after_footer_bottom":"","ocean_display_top_bar":"default","ocean_display_header":"default","ocean_header_style":"","ocean_center_header_left_menu":"","ocean_custom_header_template":"","ocean_custom_logo":0,"ocean_custom_retina_logo":0,"ocean_custom_logo_max_width":0,"ocean_custom_logo_tablet_max_width":0,"ocean_custom_logo_mobile_max_width":0,"ocean_custom_logo_max_height":0,"ocean_custom_logo_tablet_max_height":0,"ocean_custom_logo_mobile_max_height":0,"ocean_header_custom_menu":"","ocean_menu_typo_font_family":"","ocean_menu_typo_font_subset":"","ocean_menu_typo_font_size":0,"ocean_menu_typo_font_size_tablet":0,"ocean_menu_typo_font_size_mobile":0,"ocean_menu_typo_font_size_unit":"px","ocean_menu_typo_font_weight":"","ocean_menu_typo_font_weight_tablet":"","ocean_menu_typo_font_weight_mobile":"","ocean_menu_typo_transform":"","ocean_menu_typo_transform_tablet":"","ocean_menu_typo_transform_mobile":"","ocean_menu_typo_line_height":0,"ocean_menu_typo_line_height_tablet":0,"ocean_menu_typo_line_height_mobile":0,"ocean_menu_typo_line_height_unit":"","ocean_menu_typo_spacing":0,"ocean_menu_typo_spacing_tablet":0,"ocean_menu_typo_spacing_mobile":0,"ocean_menu_typo_spacing_unit":"","ocean_menu_link_color":"","ocean_menu_link_color_hover":"","ocean_menu_link_color_active":"","ocean_menu_link_background":"","ocean_menu_link_hover_background":"","ocean_menu_link_active_background":"","ocean_menu_social_links_bg":"","ocean_menu_social_hover_links_bg":"","ocean_menu_social_links_color":"","ocean_menu_social_hover_links_color":"","ocean_disable_title":"default","ocean_disable_heading":"default","ocean_post_title":"","ocean_post_subheading":"","ocean_post_title_style":"","ocean_post_title_background_color":"","ocean_post_title_background":0,"ocean_post_title_bg_image_position":"","ocean_post_title_bg_image_attachment":"","ocean_post_title_bg_image_repeat":"","ocean_post_title_bg_image_size":"","ocean_post_title_height":0,"ocean_post_title_bg_overlay":0.5,"ocean_post_title_bg_overlay_color":"","ocean_disable_breadcrumbs":"default","ocean_breadcrumbs_color":"","ocean_breadcrumbs_separator_color":"","ocean_breadcrumbs_links_color":"","ocean_breadcrumbs_links_hover_color":"","ocean_display_footer_widgets":"default","ocean_display_footer_bottom":"default","ocean_custom_footer_template":"","ocean_post_oembed":"","ocean_post_self_hosted_media":"","ocean_post_video_embed":"","ocean_link_format":"","ocean_link_format_target":"self","ocean_quote_format":"","ocean_quote_format_link":"post","ocean_gallery_link_images":"on","ocean_gallery_id":[]},"categories":[1],"tags":[],"acf":[],"_links":{"self":[{"href":"https:\/\/www.simepe.com.br\/novo\/wp-json\/wp\/v2\/posts\/46098"}],"collection":[{"href":"https:\/\/www.simepe.com.br\/novo\/wp-json\/wp\/v2\/posts"}],"about":[{"href":"https:\/\/www.simepe.com.br\/novo\/wp-json\/wp\/v2\/types\/post"}],"author":[{"embeddable":true,"href":"https:\/\/www.simepe.com.br\/novo\/wp-json\/wp\/v2\/users\/1"}],"replies":[{"embeddable":true,"href":"https:\/\/www.simepe.com.br\/novo\/wp-json\/wp\/v2\/comments?post=46098"}],"version-history":[{"count":1,"href":"https:\/\/www.simepe.com.br\/novo\/wp-json\/wp\/v2\/posts\/46098\/revisions"}],"predecessor-version":[{"id":46100,"href":"https:\/\/www.simepe.com.br\/novo\/wp-json\/wp\/v2\/posts\/46098\/revisions\/46100"}],"wp:featuredmedia":[{"embeddable":true,"href":"https:\/\/www.simepe.com.br\/novo\/wp-json\/wp\/v2\/media\/46099"}],"wp:attachment":[{"href":"https:\/\/www.simepe.com.br\/novo\/wp-json\/wp\/v2\/media?parent=46098"}],"wp:term":[{"taxonomy":"category","embeddable":true,"href":"https:\/\/www.simepe.com.br\/novo\/wp-json\/wp\/v2\/categories?post=46098"},{"taxonomy":"post_tag","embeddable":true,"href":"https:\/\/www.simepe.com.br\/novo\/wp-json\/wp\/v2\/tags?post=46098"}],"curies":[{"name":"wp","href":"https:\/\/api.w.org\/{rel}","templated":true}]}}