{"id":46105,"date":"2018-05-11T08:33:51","date_gmt":"2018-05-11T11:33:51","guid":{"rendered":"http:\/\/www.simepe.com.br\/novo\/?p=46105"},"modified":"2018-05-11T08:33:51","modified_gmt":"2018-05-11T11:33:51","slug":"dia-d-de-vacinacao-contra-a-gripe-sera-neste-sabado-em-todo-o-pais","status":"publish","type":"post","link":"https:\/\/www.simepe.com.br\/novo\/dia-d-de-vacinacao-contra-a-gripe-sera-neste-sabado-em-todo-o-pais\/","title":{"rendered":"Dia D de vacina\u00e7\u00e3o contra a gripe ser\u00e1 neste s\u00e1bado em todo o pa\u00eds"},"content":{"rendered":"<p style=\"text-align: justify;\">Dever\u00e3o ser imunizados: Idosos a partir de 60 anos; crian\u00e7as de 6 meses a 5 anos; trabalhadores de sa\u00fade; professores; ind\u00edgenas; gestantes; entre outros<\/p>\n<p style=\"text-align: justify;\">Postos de sa\u00fade em todo o pa\u00eds funcionam neste s\u00e1bado (12) para o chamado Dia D de mobiliza\u00e7\u00e3o contra a gripe. Devem ser imunizados idosos a partir de 60 anos, crian\u00e7as de 6 meses a 5 anos incompletos, trabalhadores da sa\u00fade, professores das redes p\u00fablica e privada, povos ind\u00edgenas, gestantes, pu\u00e9rperas (at\u00e9 45 dias ap\u00f3s o parto), pessoas privadas de liberdade e funcion\u00e1rios do sistema prisional.<\/p>\n<p style=\"text-align: justify;\">Pessoas com doen\u00e7as cr\u00f4nicas e outras condi\u00e7\u00f5es cl\u00ednicas especiais tamb\u00e9m devem ser imunizadas. Neste caso, \u00e9 preciso apresentar uma prescri\u00e7\u00e3o m\u00e9dica no ato da vacina\u00e7\u00e3o. Pacientes cadastrados em programas de controle de doen\u00e7as cr\u00f4nicas do Sistema \u00danico de Sa\u00fade (SUS) devem procurar os postos em que est\u00e3o registrados para receber a dose, sem necessidade de prescri\u00e7\u00e3o m\u00e9dica.<\/p>\n<p style=\"text-align: justify;\"><strong>Prazo<\/strong><\/p>\n<p style=\"text-align: justify;\">\nA imuniza\u00e7\u00e3o come\u00e7ou no dia 23 de abril e vai at\u00e9 1\u00ba de junho. A expectativa do Minist\u00e9rio da Sa\u00fade \u00e9 vacinar 54,4 milh\u00f5es de pessoas que integram os grupos priorit\u00e1rios. Durante a campanha, ser\u00e3o distribu\u00eddas cerca de 60 milh\u00f5es de doses que, este ano, protegem contra tr\u00eas v\u00edrus do tipo influenza, incluindo o H1N1 e o H3N2.<\/p>\n<p style=\"text-align: justify;\">\n<p style=\"text-align: justify;\">Fonte: Jornal do Commercio<\/p>\n","protected":false},"excerpt":{"rendered":"<p>Dever\u00e3o ser imunizados: Idosos a partir de 60 anos; crian\u00e7as de 6 meses a 5 anos; trabalhadores de sa\u00fade; professores; ind\u00edgenas; gestantes; entre outros Postos de sa\u00fade em todo o pa\u00eds funcionam neste s\u00e1bado (12) para o chamado Dia D de mobiliza\u00e7\u00e3o contra a gripe. Devem ser imunizados idosos a partir de 60 anos, crian\u00e7as [&hellip;]<\/p>\n","protected":false},"author":1,"featured_media":0,"comment_status":"open","ping_status":"open","sticky":false,"template":"","format":"standard","meta":{"ocean_post_layout":"","ocean_both_sidebars_style":"","ocean_both_sidebars_content_width":0,"ocean_both_sidebars_sidebars_width":0,"ocean_sidebar":"","ocean_second_sidebar":"","ocean_disable_margins":"enable","ocean_add_body_class":"","ocean_shortcode_before_top_bar":"","ocean_shortcode_after_top_bar":"","ocean_shortcode_before_header":"","ocean_shortcode_after_header":"","ocean_has_shortcode":"","ocean_shortcode_after_title":"","ocean_shortcode_before_footer_widgets":"","ocean_shortcode_after_footer_widgets":"","ocean_shortcode_before_footer_bottom":"","ocean_shortcode_after_footer_bottom":"","ocean_display_top_bar":"default","ocean_display_header":"default","ocean_header_style":"","ocean_center_header_left_menu":"","ocean_custom_header_template":"","ocean_custom_logo":0,"ocean_custom_retina_logo":0,"ocean_custom_logo_max_width":0,"ocean_custom_logo_tablet_max_width":0,"ocean_custom_logo_mobile_max_width":0,"ocean_custom_logo_max_height":0,"ocean_custom_logo_tablet_max_height":0,"ocean_custom_logo_mobile_max_height":0,"ocean_header_custom_menu":"","ocean_menu_typo_font_family":"","ocean_menu_typo_font_subset":"","ocean_menu_typo_font_size":0,"ocean_menu_typo_font_size_tablet":0,"ocean_menu_typo_font_size_mobile":0,"ocean_menu_typo_font_size_unit":"px","ocean_menu_typo_font_weight":"","ocean_menu_typo_font_weight_tablet":"","ocean_menu_typo_font_weight_mobile":"","ocean_menu_typo_transform":"","ocean_menu_typo_transform_tablet":"","ocean_menu_typo_transform_mobile":"","ocean_menu_typo_line_height":0,"ocean_menu_typo_line_height_tablet":0,"ocean_menu_typo_line_height_mobile":0,"ocean_menu_typo_line_height_unit":"","ocean_menu_typo_spacing":0,"ocean_menu_typo_spacing_tablet":0,"ocean_menu_typo_spacing_mobile":0,"ocean_menu_typo_spacing_unit":"","ocean_menu_link_color":"","ocean_menu_link_color_hover":"","ocean_menu_link_color_active":"","ocean_menu_link_background":"","ocean_menu_link_hover_background":"","ocean_menu_link_active_background":"","ocean_menu_social_links_bg":"","ocean_menu_social_hover_links_bg":"","ocean_menu_social_links_color":"","ocean_menu_social_hover_links_color":"","ocean_disable_title":"default","ocean_disable_heading":"default","ocean_post_title":"","ocean_post_subheading":"","ocean_post_title_style":"","ocean_post_title_background_color":"","ocean_post_title_background":0,"ocean_post_title_bg_image_position":"","ocean_post_title_bg_image_attachment":"","ocean_post_title_bg_image_repeat":"","ocean_post_title_bg_image_size":"","ocean_post_title_height":0,"ocean_post_title_bg_overlay":0.5,"ocean_post_title_bg_overlay_color":"","ocean_disable_breadcrumbs":"default","ocean_breadcrumbs_color":"","ocean_breadcrumbs_separator_color":"","ocean_breadcrumbs_links_color":"","ocean_breadcrumbs_links_hover_color":"","ocean_display_footer_widgets":"default","ocean_display_footer_bottom":"default","ocean_custom_footer_template":"","ocean_post_oembed":"","ocean_post_self_hosted_media":"","ocean_post_video_embed":"","ocean_link_format":"","ocean_link_format_target":"self","ocean_quote_format":"","ocean_quote_format_link":"post","ocean_gallery_link_images":"on","ocean_gallery_id":[]},"categories":[9],"tags":[147,2808,466,467],"acf":[],"_links":{"self":[{"href":"https:\/\/www.simepe.com.br\/novo\/wp-json\/wp\/v2\/posts\/46105"}],"collection":[{"href":"https:\/\/www.simepe.com.br\/novo\/wp-json\/wp\/v2\/posts"}],"about":[{"href":"https:\/\/www.simepe.com.br\/novo\/wp-json\/wp\/v2\/types\/post"}],"author":[{"embeddable":true,"href":"https:\/\/www.simepe.com.br\/novo\/wp-json\/wp\/v2\/users\/1"}],"replies":[{"embeddable":true,"href":"https:\/\/www.simepe.com.br\/novo\/wp-json\/wp\/v2\/comments?post=46105"}],"version-history":[{"count":1,"href":"https:\/\/www.simepe.com.br\/novo\/wp-json\/wp\/v2\/posts\/46105\/revisions"}],"predecessor-version":[{"id":46106,"href":"https:\/\/www.simepe.com.br\/novo\/wp-json\/wp\/v2\/posts\/46105\/revisions\/46106"}],"wp:attachment":[{"href":"https:\/\/www.simepe.com.br\/novo\/wp-json\/wp\/v2\/media?parent=46105"}],"wp:term":[{"taxonomy":"category","embeddable":true,"href":"https:\/\/www.simepe.com.br\/novo\/wp-json\/wp\/v2\/categories?post=46105"},{"taxonomy":"post_tag","embeddable":true,"href":"https:\/\/www.simepe.com.br\/novo\/wp-json\/wp\/v2\/tags?post=46105"}],"curies":[{"name":"wp","href":"https:\/\/api.w.org\/{rel}","templated":true}]}}