{"id":46107,"date":"2018-05-11T08:36:28","date_gmt":"2018-05-11T11:36:28","guid":{"rendered":"http:\/\/www.simepe.com.br\/novo\/?p=46107"},"modified":"2018-05-11T08:36:28","modified_gmt":"2018-05-11T11:36:28","slug":"ministro-da-saude-quer-planos-de-saude-alternativos","status":"publish","type":"post","link":"https:\/\/www.simepe.com.br\/novo\/ministro-da-saude-quer-planos-de-saude-alternativos\/","title":{"rendered":"Ministro da Sa\u00fade quer planos de sa\u00fade alternativos"},"content":{"rendered":"<p style=\"text-align: justify;\">O ministro Gilberto Ochi disse que o objetivo \u00e9 garantir o atendimento mais \u00e1gil em casos mais simples<\/p>\n<p style=\"text-align: justify;\">O ministro da Sa\u00fade, Gilberto Occhi, encomendou \u00e0 Ag\u00eancia Nacional de Sa\u00fade Suplementar (ANS) a retomada da discuss\u00e3o sobre novos formatos de planos de sa\u00fade. Em uma iniciativa semelhante \u00e0 de seu antecessor, Ricardo Barros, que lan\u00e7ou a ideia de planos populares, Occhi defendeu a ado\u00e7\u00e3o de alternativas no setor. O objetivo, segundo ele, \u00e9 garantir o atendimento mais \u00e1gil em casos de procedimentos simples.<\/p>\n<p style=\"text-align: justify;\">Questionado se a proposta seria para limitar coberturas, de acordo com a regi\u00e3o do usu\u00e1rio, o ministro afirmou que o formato ainda ser\u00e1 avaliado. Ele se limitou a dizer que o debate ser\u00e1 retomado. &#8220;Isso j\u00e1 foi discutido em algum momento. Na ANS, a informa\u00e7\u00e3o \u00e9 de que a discuss\u00e3o foi suspensa. Vamos retomar&#8221;, disse. O ministro afirmou ainda que a decis\u00e3o ser\u00e1 tomada apenas se houver consenso.<\/p>\n<p style=\"text-align: justify;\"><strong>Franquias<\/strong><\/p>\n<p style=\"text-align: justify;\">\nOcchi defendeu a cobran\u00e7a de franquias em planos, proposta em discuss\u00e3o na ANS. A estrat\u00e9gia prev\u00ea que, em contratos novos, seja estabelecido um teto para o copagamento, a contrapartida que o usu\u00e1rio d\u00e1 quando faz determinados procedimentos ou a franquia.<\/p>\n<p style=\"text-align: justify;\">Atualmente, cerca de 6% dos contratos apresentam essas condi\u00e7\u00f5es, um n\u00famero considerado baixo. A ideia \u00e9 que limites sejam estabelecidos tanto para o copagamento quanto para franquias. Usu\u00e1rios que optarem por esse sistema pagariam mensalidades mais baixas. Pela proposta em avalia\u00e7\u00e3o da ANS, a franquia n\u00e3o poderia ser cobrada no caso de alguns procedimentos, como hemodi\u00e1lise, quimioterapia, exames para identifica\u00e7\u00e3o precoce e acompanhamento de algumas doen\u00e7as cr\u00f4nicas, pr\u00e9-natal e exames realizados logo depois do nascimento do beb\u00ea, como o teste do pezinho. &#8220;Defendo as alternativas. A escolha ser\u00e1 do cidad\u00e3o. A ag\u00eancia deve buscar proteger o cidad\u00e3o e evitar a\u00e7\u00f5es abusivas&#8221;, disse, logo depois de participar de uma audi\u00eancia p\u00fablica na C\u00e2mara dos Deputados.<\/p>\n<p style=\"text-align: justify;\">Occhi disse ser favor\u00e1vel \u00e0 concess\u00e3o de um reajuste para contratos particulares de planos de sa\u00fade, mesmo que ainda haja d\u00favidas sobre a forma de c\u00e1lculo para o porcentual. Auditoria do Tribunal de Contas da Uni\u00e3o (TCU) identificou falhas e sugeriu que uma revis\u00e3o sobre a metodologia fosse feita, para evitar dupla cobran\u00e7a.<\/p>\n<p style=\"text-align: justify;\">Com base no relat\u00f3rio, o Instituto de Defesa do Consumidor (Idec) ingressou com a\u00e7\u00e3o com pedido de liminar para suspender o reajuste. &#8220;N\u00e3o vou dar minha opini\u00e3o sobre a a\u00e7\u00e3o. O TCU encontrou algumas situa\u00e7\u00f5es e foi dado um prazo ao \u00f3rg\u00e3o fiscalizador para que justificativas sejam apresentadas.&#8221; As informa\u00e7\u00f5es s\u00e3o do jornal O Estado de S. Paulo.<\/p>\n<p style=\"text-align: justify;\">\n<p style=\"text-align: justify;\">Fonte: Jornal do Commercio<\/p>\n","protected":false},"excerpt":{"rendered":"<p>O ministro Gilberto Ochi disse que o objetivo \u00e9 garantir o atendimento mais \u00e1gil em casos mais simples O ministro da Sa\u00fade, Gilberto Occhi, encomendou \u00e0 Ag\u00eancia Nacional de Sa\u00fade Suplementar (ANS) a retomada da discuss\u00e3o sobre novos formatos de planos de sa\u00fade. Em uma iniciativa semelhante \u00e0 de seu antecessor, Ricardo Barros, que lan\u00e7ou [&hellip;]<\/p>\n","protected":false},"author":1,"featured_media":0,"comment_status":"open","ping_status":"open","sticky":false,"template":"","format":"standard","meta":{"ocean_post_layout":"","ocean_both_sidebars_style":"","ocean_both_sidebars_content_width":0,"ocean_both_sidebars_sidebars_width":0,"ocean_sidebar":"","ocean_second_sidebar":"","ocean_disable_margins":"enable","ocean_add_body_class":"","ocean_shortcode_before_top_bar":"","ocean_shortcode_after_top_bar":"","ocean_shortcode_before_header":"","ocean_shortcode_after_header":"","ocean_has_shortcode":"","ocean_shortcode_after_title":"","ocean_shortcode_before_footer_widgets":"","ocean_shortcode_after_footer_widgets":"","ocean_shortcode_before_footer_bottom":"","ocean_shortcode_after_footer_bottom":"","ocean_display_top_bar":"default","ocean_display_header":"default","ocean_header_style":"","ocean_center_header_left_menu":"","ocean_custom_header_template":"","ocean_custom_logo":0,"ocean_custom_retina_logo":0,"ocean_custom_logo_max_width":0,"ocean_custom_logo_tablet_max_width":0,"ocean_custom_logo_mobile_max_width":0,"ocean_custom_logo_max_height":0,"ocean_custom_logo_tablet_max_height":0,"ocean_custom_logo_mobile_max_height":0,"ocean_header_custom_menu":"","ocean_menu_typo_font_family":"","ocean_menu_typo_font_subset":"","ocean_menu_typo_font_size":0,"ocean_menu_typo_font_size_tablet":0,"ocean_menu_typo_font_size_mobile":0,"ocean_menu_typo_font_size_unit":"px","ocean_menu_typo_font_weight":"","ocean_menu_typo_font_weight_tablet":"","ocean_menu_typo_font_weight_mobile":"","ocean_menu_typo_transform":"","ocean_menu_typo_transform_tablet":"","ocean_menu_typo_transform_mobile":"","ocean_menu_typo_line_height":0,"ocean_menu_typo_line_height_tablet":0,"ocean_menu_typo_line_height_mobile":0,"ocean_menu_typo_line_height_unit":"","ocean_menu_typo_spacing":0,"ocean_menu_typo_spacing_tablet":0,"ocean_menu_typo_spacing_mobile":0,"ocean_menu_typo_spacing_unit":"","ocean_menu_link_color":"","ocean_menu_link_color_hover":"","ocean_menu_link_color_active":"","ocean_menu_link_background":"","ocean_menu_link_hover_background":"","ocean_menu_link_active_background":"","ocean_menu_social_links_bg":"","ocean_menu_social_hover_links_bg":"","ocean_menu_social_links_color":"","ocean_menu_social_hover_links_color":"","ocean_disable_title":"default","ocean_disable_heading":"default","ocean_post_title":"","ocean_post_subheading":"","ocean_post_title_style":"","ocean_post_title_background_color":"","ocean_post_title_background":0,"ocean_post_title_bg_image_position":"","ocean_post_title_bg_image_attachment":"","ocean_post_title_bg_image_repeat":"","ocean_post_title_bg_image_size":"","ocean_post_title_height":0,"ocean_post_title_bg_overlay":0.5,"ocean_post_title_bg_overlay_color":"","ocean_disable_breadcrumbs":"default","ocean_breadcrumbs_color":"","ocean_breadcrumbs_separator_color":"","ocean_breadcrumbs_links_color":"","ocean_breadcrumbs_links_hover_color":"","ocean_display_footer_widgets":"default","ocean_display_footer_bottom":"default","ocean_custom_footer_template":"","ocean_post_oembed":"","ocean_post_self_hosted_media":"","ocean_post_video_embed":"","ocean_link_format":"","ocean_link_format_target":"self","ocean_quote_format":"","ocean_quote_format_link":"post","ocean_gallery_link_images":"on","ocean_gallery_id":[]},"categories":[9],"tags":[97,2815,82],"acf":[],"_links":{"self":[{"href":"https:\/\/www.simepe.com.br\/novo\/wp-json\/wp\/v2\/posts\/46107"}],"collection":[{"href":"https:\/\/www.simepe.com.br\/novo\/wp-json\/wp\/v2\/posts"}],"about":[{"href":"https:\/\/www.simepe.com.br\/novo\/wp-json\/wp\/v2\/types\/post"}],"author":[{"embeddable":true,"href":"https:\/\/www.simepe.com.br\/novo\/wp-json\/wp\/v2\/users\/1"}],"replies":[{"embeddable":true,"href":"https:\/\/www.simepe.com.br\/novo\/wp-json\/wp\/v2\/comments?post=46107"}],"version-history":[{"count":1,"href":"https:\/\/www.simepe.com.br\/novo\/wp-json\/wp\/v2\/posts\/46107\/revisions"}],"predecessor-version":[{"id":46108,"href":"https:\/\/www.simepe.com.br\/novo\/wp-json\/wp\/v2\/posts\/46107\/revisions\/46108"}],"wp:attachment":[{"href":"https:\/\/www.simepe.com.br\/novo\/wp-json\/wp\/v2\/media?parent=46107"}],"wp:term":[{"taxonomy":"category","embeddable":true,"href":"https:\/\/www.simepe.com.br\/novo\/wp-json\/wp\/v2\/categories?post=46107"},{"taxonomy":"post_tag","embeddable":true,"href":"https:\/\/www.simepe.com.br\/novo\/wp-json\/wp\/v2\/tags?post=46107"}],"curies":[{"name":"wp","href":"https:\/\/api.w.org\/{rel}","templated":true}]}}