{"id":46132,"date":"2018-05-14T09:45:11","date_gmt":"2018-05-14T12:45:11","guid":{"rendered":"http:\/\/www.simepe.com.br\/novo\/?p=46132"},"modified":"2018-05-14T09:45:11","modified_gmt":"2018-05-14T12:45:11","slug":"como-o-desequilibrio-no-cerebro-adolescente-ajuda-a-explicar-suicidios-entre-jovens","status":"publish","type":"post","link":"https:\/\/www.simepe.com.br\/novo\/como-o-desequilibrio-no-cerebro-adolescente-ajuda-a-explicar-suicidios-entre-jovens\/","title":{"rendered":"Como o desequil\u00edbrio no c\u00e9rebro adolescente ajuda a explicar suic\u00eddios entre jovens"},"content":{"rendered":"<p style=\"text-align: justify;\">Regi\u00e3o cerebral respons\u00e1vel por regula\u00e7\u00e3o emocional demora a amadurecer; quest\u00e3o preocupa n\u00e3o s\u00f3 no Brasil, mas em todo o mundo.<\/p>\n<p>Quando o m\u00eas de setembro se aproxima, as autoridades japonesas come\u00e7am a redobrar a aten\u00e7\u00e3o.<\/p>\n<p style=\"text-align: justify;\">O in\u00edcio do ano escolar costuma ser um per\u00edodo de grande ansiedade no pa\u00eds, dono de um dos mais competitivos e rigorosos sistemas educacionais do mundo.<\/p>\n<p style=\"text-align: justify;\"><img src=\"https:\/\/s2.glbimg.com\/s3kFNhdwTz2eeVUgwnlnK_Ez3dE=\/0x0:624x503\/984x0\/smart\/filters:strip_icc()\/i.s3.glbimg.com\/v1\/AUTH_59edd422c0c84a879bd37670ae4f538a\/internal_photos\/bs\/2018\/B\/E\/jcBEWhQU2p28a26RrYKQ\/arte-2-.jpg\" alt=\"Quest\u00c3\u00b5es culturais e sociais tamb\u00c3\u00a9m influenciam no problema do suic\u00c3\u00addio entre jovens (Foto: BBC)\" \/><\/p>\n<p style=\"text-align: justify;\">E 1\u00ba de setembro \u00e9 conhecido como o &#8220;dia mais mort\u00edfero para um adolescente no Jap\u00e3o&#8221; &#8211; \u00e9 historicamente a data em que o maior n\u00famero de jovens de at\u00e9 18 anos tiram suas pr\u00f3prias vidas.<\/p>\n<p style=\"text-align: justify;\">Entre 1972 e 2013, mais de 18 mil jovens nessa faixa et\u00e1ria se mataram no Jap\u00e3o &#8211; por ano, em m\u00e9dia 131 escolheram a data do rein\u00edcio das aulas.<\/p>\n<p style=\"text-align: justify;\">\nApesar da redu\u00e7\u00e3o observada nas taxas globais nos \u00faltimos anos, o suic\u00eddio \u00e9 a segunda principal causa de mortes entre pessoas de 15 a 29 anos em todo o mundo, segundo dados da Organiza\u00e7\u00e3o Mundial da Sa\u00fade (OMS).<\/p>\n<p style=\"text-align: justify;\">Em alguns pa\u00edses, como o Jap\u00e3o, trata-se da principal causa de mortes nessa faixa et\u00e1ria.<\/p>\n<p style=\"text-align: justify;\">No Brasil, o suic\u00eddio entre crian\u00e7as de 10 a 14 anos cresceu mais de 65% entre 2000 e 2015, e o assunto voltou a causar extrema preocupa\u00e7\u00e3o com casos de jovens de escolas paulistanas que tiraram as pr\u00f3prias vidas nos \u00faltimos meses.<\/p>\n<p style=\"text-align: justify;\">Segundo especialistas, existe uma quest\u00e3o biol\u00f3gica importante a ser considerada nessa faixa et\u00e1ria: o desenvolvimento do c\u00e9rebro adolescente.<\/p>\n<p style=\"text-align: justify;\">\n<strong>Desequil\u00edbrio<\/strong><\/p>\n<p style=\"text-align: justify;\">\nNeurologistas j\u00e1 observaram que o c\u00e9rebro cresce de um modo desbalanceado. O hipocampo e a am\u00edgdala &#8211; as duas regi\u00f5es cerebrais respons\u00e1veis pelos sentimentos e pelo armazenamento de emo\u00e7\u00f5es &#8211; amadurecem mais rapidamente que o c\u00f3rtex pr\u00e9-frontal, respons\u00e1vel pela regula\u00e7\u00e3o emocional e de impulsos.<\/p>\n<p style=\"text-align: justify;\">Cientistas dizem que essa disparidade perdura at\u00e9 os 25 anos de idade.<\/p>\n<p style=\"text-align: justify;\">&#8220;Isso significa que (nesse per\u00edodo) h\u00e1 um risco aumentado para excessos emocionais acompanhado de pouco poder de discernimento&#8221;, explica Timothy Wilens, psiquiatra infantil no Massachusetts General Hospital (EUA) em artigo publicado no peri\u00f3dico Journal of the American Academy of Child and Adolescent Psychiatry.<\/p>\n<p style=\"text-align: justify;\">O desenvolvimento assim\u00e9trico do c\u00e9rebro tamb\u00e9m faz com que adolescentes fiquem mais vulner\u00e1veis ao uso de drogas e mais suscet\u00edveis a problemas de sa\u00fade mental, como depress\u00e3o &#8211; e todos esses fatores se relacionam ao suic\u00eddio.<\/p>\n<p style=\"text-align: justify;\">Para agravar o quadro, h\u00e1 pesquisas mostrando que a maioria das crian\u00e7as consegue, a partir dos 8 anos, entender o que a morte autoinfligida significa.<\/p>\n<p style=\"text-align: justify;\">Estudo da psic\u00f3loga americana Jean Twenge publicado no peri\u00f3dico Clinical Psychological Science explica que tem havido nos EUA um aumento nos casos de depress\u00e3o, suic\u00eddio ou tentativas entre jovens de todas as classes sociais, ra\u00e7as e etnias, e em todas as regi\u00f5es do pa\u00eds.<\/p>\n<p style=\"text-align: justify;\">\nUma das conclus\u00f5es do estudo, publicado em novembro de 2017, \u00e9 de que o excesso de tempo passado pelos jovens utilizando aparelhos eletr\u00f4nicos acaba exacerbando o problema.<\/p>\n<p style=\"text-align: justify;\">&#8220;Adolescentes que passam mais tempo em novas m\u00eddias (incluindo redes sociais e outras acess\u00edveis por aparelhos eletr\u00f4nicos, como smartphones) tinham mais propens\u00e3o a relatar problemas de sa\u00fade mental, e adolescentes que passavam mais tempo em atividades distantes das telas (intera\u00e7\u00e3o interpessoal, esportes, li\u00e7\u00e3o de casa, leitura ou atividades religiosas) tinham propens\u00e3o menor&#8221;, diz Twenge no texto.<\/p>\n<p style=\"text-align: justify;\">&#8220;(Mas) desde 2010, adolescentes t\u00eam passado mais tempo em atividades eletr\u00f4nicas e menos tempo distante das telas, o que pode levar ao aumento da depress\u00e3o e do suic\u00eddio.&#8221;<\/p>\n<p style=\"text-align: justify;\">Para o brasileiro Neury Botega, especialista em sa\u00fade mental pela Unicamp, \u00e9 importante lembrar que &#8220;a adolesc\u00eancia j\u00e1 \u00e9 um per\u00edodo turbulento, mas atualmente os jovens sofrem grande press\u00e3o da fam\u00edlia e da sociedade&#8221;.<\/p>\n<p style=\"text-align: justify;\">&#8220;O c\u00e9rebro adolescente n\u00e3o est\u00e1 preparado. Eles t\u00eam mais imediatismo e impulsos. O sistema de checagem e equil\u00edbrio (das emo\u00e7\u00f5es) precisa ser constru\u00eddo como parte de um projeto cultural e social&#8221;, prossegue Botega.<\/p>\n<p style=\"text-align: justify;\"><strong>Problema de grande alcance<\/strong><\/p>\n<p style=\"text-align: justify;\">\nA sa\u00fade mental juvenil \u00e9 uma quest\u00e3o global.<\/p>\n<p style=\"text-align: justify;\">Na \u00cdndia, estat\u00edsticas do governo apontam que houve 133 mil suic\u00eddios no pa\u00eds em 2015, sendo ao menos 40% deles de pessoas entre 10 e 30 anos. Segundo a OMS, mais de 800 mil pessoas tiram as pr\u00f3prias vidas anualmente, sendo 78% delas em pa\u00edses de renda m\u00e9dia e baixa.<\/p>\n<p style=\"text-align: justify;\">Alguns pa\u00edses de renda elevada tamb\u00e9m viveciam uma alta no n\u00famero de casos, particularmente entre jovens.<\/p>\n<p style=\"text-align: justify;\">Nos EUA, os suic\u00eddios de meninos e meninas de 15 a 19 anos cresceu continuamente entre 2007 e 2015 &#8211; no caso espec\u00edfico de meninas, ele dobrou.<\/p>\n<p style=\"text-align: justify;\">No Reino Unido, uma m\u00e9dia de quatro pessoas menores de 35 anos tiram a pr\u00f3pria vida diariamente.<\/p>\n<p style=\"text-align: justify;\">\nPesquisas sobre o suic\u00eddio revelam diferentes causas por tr\u00e1s de n\u00fameros t\u00e3o preocupantes.<\/p>\n<p style=\"text-align: justify;\">Em pa\u00edses de alta renda, o elo entre suic\u00eddio e problemas de sa\u00fade mental \u00e9 bastante documentado. Mas estresses como problemas financeiros, de relacionamento ou f\u00edsicos, bem como experi\u00eancias de preconceito e quest\u00f5es culturais podem desempenhar um papel importante nessa quest\u00e3o.<\/p>\n<p style=\"text-align: justify;\">Na Coreia do Sul, por exemplo, o modelo educacional extremamente competitivo \u00e9 apontado como uma das causas por tr\u00e1s do \u00edndice de suic\u00eddio &#8211; o mais alto entre os pa\u00edses desenvolvidos (32 a cada 100 mil habitantes) e tr\u00eas vezes maior do que a m\u00e9dia global.<\/p>\n<p style=\"text-align: justify;\">O suic\u00eddio \u00e9 a maior causa de mortes entre sul-coreanos de 10 a 30 anos. Especificamente entre adolescentes de 15 a 19 anos, a maior taxa \u00e9 registrada na Nova Zel\u00e2ndia: 15,6 casos a cada 100 mil habitantes.<\/p>\n<p style=\"text-align: justify;\"><strong>Complexidade<\/strong><\/p>\n<p style=\"text-align: justify;\">\nEnfrentar o problema \u00e9 uma miss\u00e3o complexa.<\/p>\n<p style=\"text-align: justify;\">A Organiza\u00e7\u00e3o Mundial da Sa\u00fade orienta que a preven\u00e7\u00e3o ao suic\u00eddio de jovens requer coordena\u00e7\u00e3o e colabora\u00e7\u00e3o entre m\u00faltiplos setores da sociedade, &#8220;j\u00e1 que n\u00e3o h\u00e1 uma abordagem \u00fanica que possa impactar por si s\u00f3 a quest\u00e3o&#8221;.<\/p>\n<p style=\"text-align: justify;\">Entre as medidas recomendadas h\u00e1 esfor\u00e7os indiretos, como pol\u00edticas para reduzir o uso de \u00e1lcool nessa faixa et\u00e1ria e interven\u00e7\u00f5es estruturais em locais como pontes ou esta\u00e7\u00f5es que possam virar locais de suic\u00eddio.<\/p>\n<p style=\"text-align: justify;\">Ao mesmo tempo, o artigo de Twenge diz que \u00e9 importante observar &#8220;o modo como adolescentes passam seu tempo&#8221; e estimular mais intera\u00e7\u00f5es interpessoais do que virtuais nessa fase.<\/p>\n<p style=\"text-align: justify;\">&#8220;\u00c9 importante lembrar que a arquitetura neural humana evoluiu sob condi\u00e7\u00f5es de contato cara a cara, pr\u00f3ximas, em geral cont\u00ednuas (incluindo contato n\u00e3o visual, como toque e olfato)&#8221;, diz a especialista.<\/p>\n<p style=\"text-align: justify;\">&#8220;A intera\u00e7\u00e3o feita pessoalmente oferece mais proximidade emocional do que a eletr\u00f4nica. (&#8230;) Algumas pesquisas sugerem que a comunica\u00e7\u00e3o eletr\u00f4nica, em especial a de redes sociais, pode at\u00e9 aumentar sentimentos de solid\u00e3o.&#8221;<\/p>\n<p style=\"text-align: justify;\">\n<p style=\"text-align: justify;\">Fonte: G1<\/p>\n","protected":false},"excerpt":{"rendered":"<p>Regi\u00e3o cerebral respons\u00e1vel por regula\u00e7\u00e3o emocional demora a amadurecer; quest\u00e3o preocupa n\u00e3o s\u00f3 no Brasil, mas em todo o mundo. Quando o m\u00eas de setembro se aproxima, as autoridades japonesas come\u00e7am a redobrar a aten\u00e7\u00e3o. O in\u00edcio do ano escolar costuma ser um per\u00edodo de grande ansiedade no pa\u00eds, dono de um dos mais competitivos [&hellip;]<\/p>\n","protected":false},"author":1,"featured_media":46133,"comment_status":"open","ping_status":"open","sticky":false,"template":"","format":"standard","meta":{"ocean_post_layout":"","ocean_both_sidebars_style":"","ocean_both_sidebars_content_width":0,"ocean_both_sidebars_sidebars_width":0,"ocean_sidebar":"","ocean_second_sidebar":"","ocean_disable_margins":"enable","ocean_add_body_class":"","ocean_shortcode_before_top_bar":"","ocean_shortcode_after_top_bar":"","ocean_shortcode_before_header":"","ocean_shortcode_after_header":"","ocean_has_shortcode":"","ocean_shortcode_after_title":"","ocean_shortcode_before_footer_widgets":"","ocean_shortcode_after_footer_widgets":"","ocean_shortcode_before_footer_bottom":"","ocean_shortcode_after_footer_bottom":"","ocean_display_top_bar":"default","ocean_display_header":"default","ocean_header_style":"","ocean_center_header_left_menu":"","ocean_custom_header_template":"","ocean_custom_logo":0,"ocean_custom_retina_logo":0,"ocean_custom_logo_max_width":0,"ocean_custom_logo_tablet_max_width":0,"ocean_custom_logo_mobile_max_width":0,"ocean_custom_logo_max_height":0,"ocean_custom_logo_tablet_max_height":0,"ocean_custom_logo_mobile_max_height":0,"ocean_header_custom_menu":"","ocean_menu_typo_font_family":"","ocean_menu_typo_font_subset":"","ocean_menu_typo_font_size":0,"ocean_menu_typo_font_size_tablet":0,"ocean_menu_typo_font_size_mobile":0,"ocean_menu_typo_font_size_unit":"px","ocean_menu_typo_font_weight":"","ocean_menu_typo_font_weight_tablet":"","ocean_menu_typo_font_weight_mobile":"","ocean_menu_typo_transform":"","ocean_menu_typo_transform_tablet":"","ocean_menu_typo_transform_mobile":"","ocean_menu_typo_line_height":0,"ocean_menu_typo_line_height_tablet":0,"ocean_menu_typo_line_height_mobile":0,"ocean_menu_typo_line_height_unit":"","ocean_menu_typo_spacing":0,"ocean_menu_typo_spacing_tablet":0,"ocean_menu_typo_spacing_mobile":0,"ocean_menu_typo_spacing_unit":"","ocean_menu_link_color":"","ocean_menu_link_color_hover":"","ocean_menu_link_color_active":"","ocean_menu_link_background":"","ocean_menu_link_hover_background":"","ocean_menu_link_active_background":"","ocean_menu_social_links_bg":"","ocean_menu_social_hover_links_bg":"","ocean_menu_social_links_color":"","ocean_menu_social_hover_links_color":"","ocean_disable_title":"default","ocean_disable_heading":"default","ocean_post_title":"","ocean_post_subheading":"","ocean_post_title_style":"","ocean_post_title_background_color":"","ocean_post_title_background":0,"ocean_post_title_bg_image_position":"","ocean_post_title_bg_image_attachment":"","ocean_post_title_bg_image_repeat":"","ocean_post_title_bg_image_size":"","ocean_post_title_height":0,"ocean_post_title_bg_overlay":0.5,"ocean_post_title_bg_overlay_color":"","ocean_disable_breadcrumbs":"default","ocean_breadcrumbs_color":"","ocean_breadcrumbs_separator_color":"","ocean_breadcrumbs_links_color":"","ocean_breadcrumbs_links_hover_color":"","ocean_display_footer_widgets":"default","ocean_display_footer_bottom":"default","ocean_custom_footer_template":"","ocean_post_oembed":"","ocean_post_self_hosted_media":"","ocean_post_video_embed":"","ocean_link_format":"","ocean_link_format_target":"self","ocean_quote_format":"","ocean_quote_format_link":"post","ocean_gallery_link_images":"on","ocean_gallery_id":[]},"categories":[1],"tags":[1654,658,2823,82],"acf":[],"_links":{"self":[{"href":"https:\/\/www.simepe.com.br\/novo\/wp-json\/wp\/v2\/posts\/46132"}],"collection":[{"href":"https:\/\/www.simepe.com.br\/novo\/wp-json\/wp\/v2\/posts"}],"about":[{"href":"https:\/\/www.simepe.com.br\/novo\/wp-json\/wp\/v2\/types\/post"}],"author":[{"embeddable":true,"href":"https:\/\/www.simepe.com.br\/novo\/wp-json\/wp\/v2\/users\/1"}],"replies":[{"embeddable":true,"href":"https:\/\/www.simepe.com.br\/novo\/wp-json\/wp\/v2\/comments?post=46132"}],"version-history":[{"count":1,"href":"https:\/\/www.simepe.com.br\/novo\/wp-json\/wp\/v2\/posts\/46132\/revisions"}],"predecessor-version":[{"id":46134,"href":"https:\/\/www.simepe.com.br\/novo\/wp-json\/wp\/v2\/posts\/46132\/revisions\/46134"}],"wp:featuredmedia":[{"embeddable":true,"href":"https:\/\/www.simepe.com.br\/novo\/wp-json\/wp\/v2\/media\/46133"}],"wp:attachment":[{"href":"https:\/\/www.simepe.com.br\/novo\/wp-json\/wp\/v2\/media?parent=46132"}],"wp:term":[{"taxonomy":"category","embeddable":true,"href":"https:\/\/www.simepe.com.br\/novo\/wp-json\/wp\/v2\/categories?post=46132"},{"taxonomy":"post_tag","embeddable":true,"href":"https:\/\/www.simepe.com.br\/novo\/wp-json\/wp\/v2\/tags?post=46132"}],"curies":[{"name":"wp","href":"https:\/\/api.w.org\/{rel}","templated":true}]}}