{"id":46143,"date":"2018-05-14T10:06:56","date_gmt":"2018-05-14T13:06:56","guid":{"rendered":"http:\/\/www.simepe.com.br\/novo\/?p=46143"},"modified":"2018-05-14T10:06:56","modified_gmt":"2018-05-14T13:06:56","slug":"horta-ajuda-no-tratamento-de-pacientes-do-ulysses-pernambucano","status":"publish","type":"post","link":"https:\/\/www.simepe.com.br\/novo\/horta-ajuda-no-tratamento-de-pacientes-do-ulysses-pernambucano\/","title":{"rendered":"Horta ajuda no tratamento de pacientes do Ulysses Pernambucano"},"content":{"rendered":"<p style=\"text-align: justify;\">Em parceria com a UFRPE, pacientes entram em contato com a terra e tem aux\u00edlio no tratamento, al\u00e9m de estimular a boa alimenta\u00e7\u00e3o no local<\/p>\n<p style=\"text-align: justify;\">Auxiliar no tratamento dos pacientes e estimular a boa alimenta\u00e7\u00e3o entre eles, funcion\u00e1rios e parentes s\u00e3o objetivos da horta cultivada no Hospital Psiqui\u00e1trico Ulysses Pernambucano, na Tamarineira, Zona Norte do Recife. Da \u00e1rea de aproximadamente 50 metros quadrados, semanalmente, s\u00e3o colhidas hortali\u00e7as como alfaces, berinjelas, tomates cerejas e manjeric\u00e3o, enviadas para a cozinha e integram o card\u00e1pio da unidade de sa\u00fade. O projeto tem parceria com a Universidade Federal Rural de Pernambuco e o Centro de Abastecimento e Log\u00edstica de Pernambuco (Ceasa) e conta com a atua\u00e7\u00e3o direta dos que est\u00e3o em atendimento no local.<\/p>\n<p style=\"text-align: justify;\">Iniciada em 2016, a ideia de cultivar os alimentos na entrada do hospital partiu de estudantes. \u201cAlunos do curso de engenharia agr\u00edcola me procuraram e falaram que tinham passado na frente do Ulysses Pernambucano e visto canteiros desativados e sugeriram trabalharmos com a hortaterapia. O hospital aceitou e come\u00e7amos o projeto de extens\u00e3o, inicialmente todo bancado pela universidade. Depois, o Ceasa virou parceiro\u201d, explicou o coordenador de educa\u00e7\u00e3o continuada da reitoria de pr\u00f3-extens\u00e3o da UFRPE, Roberto de Albuquerque. \u201cQueremos ampliar o projeto e o que \u00e9 plantado aqui, trazendo elementos como feij\u00e3o e milho, e tamb\u00e9m atender o pedido de hospitais particulares e cl\u00ednicas, que j\u00e1 solicitaram desenvolvermos algo semelhante para eles\u201d, detalha.<\/p>\n<p style=\"text-align: justify;\">Atualmente, duas vezes na semana um grupo de pacientes atendidos pela unidade entra em contato com a horta, ajudando na colheita, planta\u00e7\u00e3o e manuten\u00e7\u00e3o das plantas. \u201cA gente tem de forma emp\u00edrica essa resposta positiva vinda de quem participa. \u00c9 uma proposta indicada para todos os assistidos aqui na unidade\u201d, explica a terapeuta ocupacional Elisabete Rocha, que faz parte da iniciativa e h\u00e1 27 anos trabalha com sa\u00fade mental no Ulysses Pernambucano.<\/p>\n<p style=\"text-align: justify;\">A fala de Elisabete \u00e9 confirmada pela experi\u00eancia de quem entra em contato com a terra e as hortali\u00e7as. \u201cEu adoro, pois a gente aprende a plantar e cuidar das plantas\u201d, conta uma paciente de 42 anos, que est\u00e1 finalizando o tratamento na unidade. \u201cNa primeira vez em que eu vim mexer na terra gostei da sensa\u00e7\u00e3o. Gostei tamb\u00e9m de comer depois a salada\u201d, afirma outra mulher de 29 anos, em tratamento na unidade.<\/p>\n<p style=\"text-align: justify;\"><strong>Parceiros<\/strong><\/p>\n<p style=\"text-align: justify;\">\nOs parceiros do projeto ficam respons\u00e1veis por torn\u00e1-lo ainda mais profissional, com palestras e mecanismos. \u201cUma vez por semana a gente faz colheita daqui e leva para o hospital. Quem fica respons\u00e1vel pela distribui\u00e7\u00e3o \u00e9 o Horta em Todo Canto (programa coordenado pela C\u00e2mara Intersetorial de Seguran\u00e7a Alimentar e Nutricional de Pernambuco), e o Ceasa fornece o funcion\u00e1rio e a compostagem utilizada na planta\u00e7\u00e3o\u201d, explica o estudante da UFRPE Felipe Maranh\u00e3o, 20 anos, que cuida da horta.<\/p>\n<p style=\"text-align: justify;\">\u201cBeneficia todo mundo, al\u00e9m de aproveitarmos esse espa\u00e7o que era abandonado e ganhou nova vida. Para os pacientes, \u00e9 muito boa essa atividade. Deu outro aspecto ao hospital, gra\u00e7as aos estudantes\u201d, comemora a diretora da unidade, Ruth Thiel.<\/p>\n<p style=\"text-align: justify;\">\n<p style=\"text-align: justify;\">Fonte: Jornal do Commercio<\/p>\n","protected":false},"excerpt":{"rendered":"<p>Em parceria com a UFRPE, pacientes entram em contato com a terra e tem aux\u00edlio no tratamento, al\u00e9m de estimular a boa alimenta\u00e7\u00e3o no local Auxiliar no tratamento dos pacientes e estimular a boa alimenta\u00e7\u00e3o entre eles, funcion\u00e1rios e parentes s\u00e3o objetivos da horta cultivada no Hospital Psiqui\u00e1trico Ulysses Pernambucano, na Tamarineira, Zona Norte do [&hellip;]<\/p>\n","protected":false},"author":1,"featured_media":0,"comment_status":"open","ping_status":"open","sticky":false,"template":"","format":"standard","meta":{"ocean_post_layout":"","ocean_both_sidebars_style":"","ocean_both_sidebars_content_width":0,"ocean_both_sidebars_sidebars_width":0,"ocean_sidebar":"","ocean_second_sidebar":"","ocean_disable_margins":"enable","ocean_add_body_class":"","ocean_shortcode_before_top_bar":"","ocean_shortcode_after_top_bar":"","ocean_shortcode_before_header":"","ocean_shortcode_after_header":"","ocean_has_shortcode":"","ocean_shortcode_after_title":"","ocean_shortcode_before_footer_widgets":"","ocean_shortcode_after_footer_widgets":"","ocean_shortcode_before_footer_bottom":"","ocean_shortcode_after_footer_bottom":"","ocean_display_top_bar":"default","ocean_display_header":"default","ocean_header_style":"","ocean_center_header_left_menu":"","ocean_custom_header_template":"","ocean_custom_logo":0,"ocean_custom_retina_logo":0,"ocean_custom_logo_max_width":0,"ocean_custom_logo_tablet_max_width":0,"ocean_custom_logo_mobile_max_width":0,"ocean_custom_logo_max_height":0,"ocean_custom_logo_tablet_max_height":0,"ocean_custom_logo_mobile_max_height":0,"ocean_header_custom_menu":"","ocean_menu_typo_font_family":"","ocean_menu_typo_font_subset":"","ocean_menu_typo_font_size":0,"ocean_menu_typo_font_size_tablet":0,"ocean_menu_typo_font_size_mobile":0,"ocean_menu_typo_font_size_unit":"px","ocean_menu_typo_font_weight":"","ocean_menu_typo_font_weight_tablet":"","ocean_menu_typo_font_weight_mobile":"","ocean_menu_typo_transform":"","ocean_menu_typo_transform_tablet":"","ocean_menu_typo_transform_mobile":"","ocean_menu_typo_line_height":0,"ocean_menu_typo_line_height_tablet":0,"ocean_menu_typo_line_height_mobile":0,"ocean_menu_typo_line_height_unit":"","ocean_menu_typo_spacing":0,"ocean_menu_typo_spacing_tablet":0,"ocean_menu_typo_spacing_mobile":0,"ocean_menu_typo_spacing_unit":"","ocean_menu_link_color":"","ocean_menu_link_color_hover":"","ocean_menu_link_color_active":"","ocean_menu_link_background":"","ocean_menu_link_hover_background":"","ocean_menu_link_active_background":"","ocean_menu_social_links_bg":"","ocean_menu_social_hover_links_bg":"","ocean_menu_social_links_color":"","ocean_menu_social_hover_links_color":"","ocean_disable_title":"default","ocean_disable_heading":"default","ocean_post_title":"","ocean_post_subheading":"","ocean_post_title_style":"","ocean_post_title_background_color":"","ocean_post_title_background":0,"ocean_post_title_bg_image_position":"","ocean_post_title_bg_image_attachment":"","ocean_post_title_bg_image_repeat":"","ocean_post_title_bg_image_size":"","ocean_post_title_height":0,"ocean_post_title_bg_overlay":0.5,"ocean_post_title_bg_overlay_color":"","ocean_disable_breadcrumbs":"default","ocean_breadcrumbs_color":"","ocean_breadcrumbs_separator_color":"","ocean_breadcrumbs_links_color":"","ocean_breadcrumbs_links_hover_color":"","ocean_display_footer_widgets":"default","ocean_display_footer_bottom":"default","ocean_custom_footer_template":"","ocean_post_oembed":"","ocean_post_self_hosted_media":"","ocean_post_video_embed":"","ocean_link_format":"","ocean_link_format_target":"self","ocean_quote_format":"","ocean_quote_format_link":"post","ocean_gallery_link_images":"on","ocean_gallery_id":[]},"categories":[9],"tags":[484,424,2827],"acf":[],"_links":{"self":[{"href":"https:\/\/www.simepe.com.br\/novo\/wp-json\/wp\/v2\/posts\/46143"}],"collection":[{"href":"https:\/\/www.simepe.com.br\/novo\/wp-json\/wp\/v2\/posts"}],"about":[{"href":"https:\/\/www.simepe.com.br\/novo\/wp-json\/wp\/v2\/types\/post"}],"author":[{"embeddable":true,"href":"https:\/\/www.simepe.com.br\/novo\/wp-json\/wp\/v2\/users\/1"}],"replies":[{"embeddable":true,"href":"https:\/\/www.simepe.com.br\/novo\/wp-json\/wp\/v2\/comments?post=46143"}],"version-history":[{"count":1,"href":"https:\/\/www.simepe.com.br\/novo\/wp-json\/wp\/v2\/posts\/46143\/revisions"}],"predecessor-version":[{"id":46144,"href":"https:\/\/www.simepe.com.br\/novo\/wp-json\/wp\/v2\/posts\/46143\/revisions\/46144"}],"wp:attachment":[{"href":"https:\/\/www.simepe.com.br\/novo\/wp-json\/wp\/v2\/media?parent=46143"}],"wp:term":[{"taxonomy":"category","embeddable":true,"href":"https:\/\/www.simepe.com.br\/novo\/wp-json\/wp\/v2\/categories?post=46143"},{"taxonomy":"post_tag","embeddable":true,"href":"https:\/\/www.simepe.com.br\/novo\/wp-json\/wp\/v2\/tags?post=46143"}],"curies":[{"name":"wp","href":"https:\/\/api.w.org\/{rel}","templated":true}]}}