{"id":46221,"date":"2018-05-16T09:48:52","date_gmt":"2018-05-16T12:48:52","guid":{"rendered":"http:\/\/www.simepe.com.br\/novo\/?p=46221"},"modified":"2018-05-16T09:48:52","modified_gmt":"2018-05-16T12:48:52","slug":"presidente-michel-temer-destaca-avancos-na-saude","status":"publish","type":"post","link":"https:\/\/www.simepe.com.br\/novo\/presidente-michel-temer-destaca-avancos-na-saude\/","title":{"rendered":"Presidente Michel Temer destaca avan\u00e7os na sa\u00fade"},"content":{"rendered":"<p style=\"text-align: justify;\">Em cerim\u00f4nia no Pal\u00e1cio do Planalto, presidente lista medidas essenciais para o cuidado \u00e0 sa\u00fade da popula\u00e7\u00e3o<\/p>\n<p style=\"text-align: justify;\">O presidente da Rep\u00fablica, Michel Temer, realizou, nesta ter\u00e7a-feira (15), balan\u00e7o de a\u00e7\u00f5es adotadas ao longo dos dois anos de governo \u2013 completados no \u00faltimo s\u00e1bado (12) \u2013 que fizeram o pa\u00eds avan\u00e7ar em \u00e1reas como educa\u00e7\u00e3o, seguran\u00e7a e sa\u00fade p\u00fablica. Em cerim\u00f4nia no Pal\u00e1cio do Planalto, em Bras\u00edlia, Temer comemorou os resultados junto com ministros de Estado e autoridades. Em rela\u00e7\u00e3o aos avan\u00e7os na sa\u00fade, o presidente destacou esfor\u00e7os para ampliar o acesso do cidad\u00e3o aos servi\u00e7os p\u00fablicos, com mais oferta de atendimento e de medicamentos.<\/p>\n<p style=\"text-align: justify;\">A Aten\u00e7\u00e3o B\u00e1sica, principal porta de entrada para o Sistema \u00danico de Sa\u00fade (SUS), foi um dos principais destaques do evento, que tamb\u00e9m contemplou outras \u00e1reas estrat\u00e9gicas da sa\u00fade, como a Rede de Urg\u00eancia e Emerg\u00eancia, M\u00e9dia e Alta Complexidade e informatiza\u00e7\u00e3o de todo o sistema. O Programa Farm\u00e1cia Popular \u00e9 outra a\u00e7\u00e3o da pasta que recebeu destaque, uma vez que passou a destinar 100% da verba para a compra de rem\u00e9dios. Antes, nas unidades pr\u00f3prias do programa, 80% dos recursos eram destinados a custos administrativos, como alugu\u00e9is e contrata\u00e7\u00e3o de pessoal.<\/p>\n<p style=\"text-align: justify;\">O aumento do Piso de Aten\u00e7\u00e3o B\u00e1sica, que desde 2013 n\u00e3o tinha reajuste, foi um dos destaques. O valor foi alterado com base no c\u00e1lculo da corre\u00e7\u00e3o populacional do Instituto Brasileiro de Geografia e Estat\u00edstica (IBGE). \u201cDe 2013 a 2017, o valor repassado para todo o Brasil foi o mesmo: R$ 4,7 bilh\u00f5es. A partir desse ano ser\u00e3o R$ 5,1 bilh\u00f5es, porque n\u00f3s sabemos que na aten\u00e7\u00e3o b\u00e1sica \u00e9 que 80% dos problemas de sa\u00fade podem ser resolvidos\u201d, destacou o presidente da Rep\u00fablica, Michel Temer.<\/p>\n<p style=\"text-align: justify;\">Tamb\u00e9m receberam men\u00e7\u00f5es o refor\u00e7o dos investimentos na Aten\u00e7\u00e3o B\u00e1sica, como a habilita\u00e7\u00e3o de 14.105 novos Agentes Comunit\u00e1rios de Sa\u00fade, 3.781 Equipes de Sa\u00fade da Fam\u00edlia, 3.045 Equipes de Sa\u00fade Bucal, 1.194 N\u00facleos de Apoio \u00e0 Sa\u00fade da Fam\u00edlia, 446 Equipes de Academia da Sa\u00fade, 148 Equipes de Sa\u00fade Prisional e 41 novos Consult\u00f3rios nas Ruas. Atualmente, 75,8% da popula\u00e7\u00e3o brasileira est\u00e1 coberta com as a\u00e7\u00f5es e servi\u00e7os da Aten\u00e7\u00e3o B\u00e1sica, com 42.616 Unidades B\u00e1sicas de Sa\u00fade distribu\u00eddas em todo o Brasil, al\u00e9m da atua\u00e7\u00e3o de 272,4 mil Agentes Comunit\u00e1rios de Sa\u00fade e 43,9 mil Equipes de Sa\u00fade da Fam\u00edlia.<\/p>\n<p style=\"text-align: justify;\">Para qualificar ainda mais os servi\u00e7os na aten\u00e7\u00e3o b\u00e1sica, o Governo Federal tem investido na informatiza\u00e7\u00e3o do SUS, com a implanta\u00e7\u00e3o do Prontu\u00e1rio Eletr\u00f4nico, que traz todas as informa\u00e7\u00f5es do paciente, como prescri\u00e7\u00e3o de medicamentos, exames e consultas, e que ficar\u00e3o registrados nacionalmente, podendo consultados em qualquer Unidade B\u00e1sica de Sa\u00fade do pa\u00eds. Com isso, conseguiremos qualificar o atendimento e evitar repeti\u00e7\u00e3o de exames e encaminhamentos desnecess\u00e1rios, al\u00e9m do maior controle do gasto p\u00fablico.<\/p>\n<p style=\"text-align: justify;\"><strong>AVAN\u00c7OS NA SA\u00daDE<\/strong><\/p>\n<p style=\"text-align: justify;\">\nDurante o evento, o ministro da Sa\u00fade, Gilberto Occhi, destacou os avan\u00e7os na sa\u00fade na sa\u00fade p\u00fablica brasileira. \u201cO Pa\u00eds melhorou muito, em todos os aspectos. Muitos avan\u00e7os foram conquistados, mas ainda h\u00e1 muito o que ser feito. E \u00e9 exatamente esta nossa miss\u00e3o, vamos continuar avan\u00e7ando atrav\u00e9s do trabalho eficiente, concluindo o que est\u00e1 em andamento, como a informatiza\u00e7\u00e3o das Unidades B\u00e1sicas de Sa\u00fade, compra de equipamentos, amplia\u00e7\u00e3o do financiamento e abertura de novos servi\u00e7os de sa\u00fade. Estamos pagando em dia a todos e isso para garantir o cuidado com a sa\u00fade da popula\u00e7\u00e3o\u201d, refor\u00e7ou o ministro da Sa\u00fade, Gilberto Occhi.<\/p>\n<p style=\"text-align: justify;\">A partir da implanta\u00e7\u00e3o do digiSUS (estrat\u00e9gia para informa\u00e7\u00e3o do sistema), j\u00e1 \u00e9 poss\u00edvel observar um aumento expressivo no n\u00famero de Unidades B\u00e1sicas de Sa\u00fade com Prontu\u00e1rio Eletr\u00f4nico. Em dezembro de 2016 apenas 920 Unidades B\u00e1sicas de Sa\u00fade utilizavam o prontu\u00e1rio, hoje s\u00e3o 18.516 e at\u00e9 o fim do ano 40 mil unidades dever\u00e3o utilizar o servi\u00e7o.<\/p>\n<p style=\"text-align: justify;\"><strong>URG\u00caNCIA E EMERG\u00caNCIA<\/strong><\/p>\n<p style=\"text-align: justify;\">\nA Rede de Urg\u00eancia e Emerg\u00eancia, formada basicamente pelas Unidades de Pronto Atendimento (UPAS 24h) e pelo Servi\u00e7o de Atendimento M\u00f3vel de Urg\u00eancia (SAMU 192), tamb\u00e9m tiveram destaques durante a fala do presidente da Rep\u00fablica, Michel Temer.<\/p>\n<p style=\"text-align: justify;\">O governo est\u00e1 renovando 65,7% da frota do SAMU que tem cinco anos ou mais de uso. A medida beneficia diretamente a popula\u00e7\u00e3o, que passa a contar com ve\u00edculos mais novos e equipamentos modernos para atuar nas situa\u00e7\u00f5es de urg\u00eancia e emerg\u00eancia. J\u00e1 foram disponibilizadas para doa\u00e7\u00e3o 225 ambul\u00e2ncias em 2016, 337 em 2017 e 776 apenas este ano. Al\u00e9m dessas, foram empenhados entre 2016 e 2017, por meio de emendas parlamentares, recursos para aquisi\u00e7\u00e3o de mais 196 ve\u00edculos.<\/p>\n<p style=\"text-align: justify;\">\u201cHavia sete anos que o Brasil n\u00e3o recebia novas ambul\u00e2ncias do SAMU e n\u00f3s tivemos n\u00e3o apenas a oportunidade, mas a satisfa\u00e7\u00e3o de entregar ve\u00edculos novos em todos os anos da nossa gest\u00e3o. At\u00e9 o fim do ano, vamos entregar mais 2.176 ambul\u00e2ncias, quando ser\u00e1 poss\u00edvel renovar 65,7% da frota existente\u201d, concluiu o presidente Michel Temer.<\/p>\n<p style=\"text-align: justify;\">Em dois anos, tamb\u00e9m foram economizados R$ 2,5 bilh\u00f5es, com renegocia\u00e7\u00e3o e revis\u00e3o de contratos, e reinvestidos na amplia\u00e7\u00e3o e qualifica\u00e7\u00e3o da assist\u00eancia oferecida na \u00e1rea de m\u00e9dia e alta complexidade e custeio de UPAS, o que inclui mais exames, cirurgias e procedimentos hospitalares dispon\u00edveis para a popula\u00e7\u00e3o.<\/p>\n<p style=\"text-align: justify;\">\n<p style=\"text-align: justify;\">Fonte: Assessoria de Comunica\u00e7\u00e3o do Minist\u00e9rio da Sa\u00fade<\/p>\n","protected":false},"excerpt":{"rendered":"<p>Em cerim\u00f4nia no Pal\u00e1cio do Planalto, presidente lista medidas essenciais para o cuidado \u00e0 sa\u00fade da popula\u00e7\u00e3o O presidente da Rep\u00fablica, Michel Temer, realizou, nesta ter\u00e7a-feira (15), balan\u00e7o de a\u00e7\u00f5es adotadas ao longo dos dois anos de governo \u2013 completados no \u00faltimo s\u00e1bado (12) \u2013 que fizeram o pa\u00eds avan\u00e7ar em \u00e1reas como educa\u00e7\u00e3o, seguran\u00e7a [&hellip;]<\/p>\n","protected":false},"author":1,"featured_media":0,"comment_status":"open","ping_status":"open","sticky":false,"template":"","format":"standard","meta":{"ocean_post_layout":"","ocean_both_sidebars_style":"","ocean_both_sidebars_content_width":0,"ocean_both_sidebars_sidebars_width":0,"ocean_sidebar":"","ocean_second_sidebar":"","ocean_disable_margins":"enable","ocean_add_body_class":"","ocean_shortcode_before_top_bar":"","ocean_shortcode_after_top_bar":"","ocean_shortcode_before_header":"","ocean_shortcode_after_header":"","ocean_has_shortcode":"","ocean_shortcode_after_title":"","ocean_shortcode_before_footer_widgets":"","ocean_shortcode_after_footer_widgets":"","ocean_shortcode_before_footer_bottom":"","ocean_shortcode_after_footer_bottom":"","ocean_display_top_bar":"default","ocean_display_header":"default","ocean_header_style":"","ocean_center_header_left_menu":"","ocean_custom_header_template":"","ocean_custom_logo":0,"ocean_custom_retina_logo":0,"ocean_custom_logo_max_width":0,"ocean_custom_logo_tablet_max_width":0,"ocean_custom_logo_mobile_max_width":0,"ocean_custom_logo_max_height":0,"ocean_custom_logo_tablet_max_height":0,"ocean_custom_logo_mobile_max_height":0,"ocean_header_custom_menu":"","ocean_menu_typo_font_family":"","ocean_menu_typo_font_subset":"","ocean_menu_typo_font_size":0,"ocean_menu_typo_font_size_tablet":0,"ocean_menu_typo_font_size_mobile":0,"ocean_menu_typo_font_size_unit":"px","ocean_menu_typo_font_weight":"","ocean_menu_typo_font_weight_tablet":"","ocean_menu_typo_font_weight_mobile":"","ocean_menu_typo_transform":"","ocean_menu_typo_transform_tablet":"","ocean_menu_typo_transform_mobile":"","ocean_menu_typo_line_height":0,"ocean_menu_typo_line_height_tablet":0,"ocean_menu_typo_line_height_mobile":0,"ocean_menu_typo_line_height_unit":"","ocean_menu_typo_spacing":0,"ocean_menu_typo_spacing_tablet":0,"ocean_menu_typo_spacing_mobile":0,"ocean_menu_typo_spacing_unit":"","ocean_menu_link_color":"","ocean_menu_link_color_hover":"","ocean_menu_link_color_active":"","ocean_menu_link_background":"","ocean_menu_link_hover_background":"","ocean_menu_link_active_background":"","ocean_menu_social_links_bg":"","ocean_menu_social_hover_links_bg":"","ocean_menu_social_links_color":"","ocean_menu_social_hover_links_color":"","ocean_disable_title":"default","ocean_disable_heading":"default","ocean_post_title":"","ocean_post_subheading":"","ocean_post_title_style":"","ocean_post_title_background_color":"","ocean_post_title_background":0,"ocean_post_title_bg_image_position":"","ocean_post_title_bg_image_attachment":"","ocean_post_title_bg_image_repeat":"","ocean_post_title_bg_image_size":"","ocean_post_title_height":0,"ocean_post_title_bg_overlay":0.5,"ocean_post_title_bg_overlay_color":"","ocean_disable_breadcrumbs":"default","ocean_breadcrumbs_color":"","ocean_breadcrumbs_separator_color":"","ocean_breadcrumbs_links_color":"","ocean_breadcrumbs_links_hover_color":"","ocean_display_footer_widgets":"default","ocean_display_footer_bottom":"default","ocean_custom_footer_template":"","ocean_post_oembed":"","ocean_post_self_hosted_media":"","ocean_post_video_embed":"","ocean_link_format":"","ocean_link_format_target":"self","ocean_quote_format":"","ocean_quote_format_link":"post","ocean_gallery_link_images":"on","ocean_gallery_id":[]},"categories":[9],"tags":[2729,221,82],"acf":[],"_links":{"self":[{"href":"https:\/\/www.simepe.com.br\/novo\/wp-json\/wp\/v2\/posts\/46221"}],"collection":[{"href":"https:\/\/www.simepe.com.br\/novo\/wp-json\/wp\/v2\/posts"}],"about":[{"href":"https:\/\/www.simepe.com.br\/novo\/wp-json\/wp\/v2\/types\/post"}],"author":[{"embeddable":true,"href":"https:\/\/www.simepe.com.br\/novo\/wp-json\/wp\/v2\/users\/1"}],"replies":[{"embeddable":true,"href":"https:\/\/www.simepe.com.br\/novo\/wp-json\/wp\/v2\/comments?post=46221"}],"version-history":[{"count":1,"href":"https:\/\/www.simepe.com.br\/novo\/wp-json\/wp\/v2\/posts\/46221\/revisions"}],"predecessor-version":[{"id":46222,"href":"https:\/\/www.simepe.com.br\/novo\/wp-json\/wp\/v2\/posts\/46221\/revisions\/46222"}],"wp:attachment":[{"href":"https:\/\/www.simepe.com.br\/novo\/wp-json\/wp\/v2\/media?parent=46221"}],"wp:term":[{"taxonomy":"category","embeddable":true,"href":"https:\/\/www.simepe.com.br\/novo\/wp-json\/wp\/v2\/categories?post=46221"},{"taxonomy":"post_tag","embeddable":true,"href":"https:\/\/www.simepe.com.br\/novo\/wp-json\/wp\/v2\/tags?post=46221"}],"curies":[{"name":"wp","href":"https:\/\/api.w.org\/{rel}","templated":true}]}}