{"id":46232,"date":"2018-05-16T10:05:15","date_gmt":"2018-05-16T13:05:15","guid":{"rendered":"http:\/\/www.simepe.com.br\/novo\/?p=46232"},"modified":"2018-05-16T10:05:15","modified_gmt":"2018-05-16T13:05:15","slug":"entidades-medicas-hora-de-somar-forcas-para-a-defesa-da-medicina","status":"publish","type":"post","link":"https:\/\/www.simepe.com.br\/novo\/entidades-medicas-hora-de-somar-forcas-para-a-defesa-da-medicina\/","title":{"rendered":"Entidades M\u00e9dicas: hora de somar for\u00e7as para a defesa da Medicina"},"content":{"rendered":"<p style=\"text-align: justify;\"><em>Depois de um hiato de cinco anos, 2018 inicia com a confirma\u00e7\u00e3o da realiza\u00e7\u00e3o de mais um Encontro Nacional de Entidades M\u00e9dicas (Enem), nos dias 29 e 30 de maio, em Bras\u00edlia.<\/em><\/p>\n<p style=\"text-align: justify;\">\nEsse per\u00edodo, que pode parecer de estagna\u00e7\u00e3o, representa uma reorganiza\u00e7\u00e3o das entidades m\u00e9dicas ao passo que vivenciamos graves problemas em nosso Pa\u00eds, como esc\u00e2ndalos de corrup\u00e7\u00e3o e a troca de um presidente. Nesse mesmo per\u00edodo foi criada a Federa\u00e7\u00e3o M\u00e9dica Brasileira (FMB) e no ano passado, o lan\u00e7amento da Frente Parlamentar da Medicina, a primeira vez que os m\u00e9dicos t\u00eam de verdade uma representa\u00e7\u00e3o dentro do Congresso Nacional.<\/p>\n<p style=\"text-align: justify;\">\nO Enem tem objetivo pol\u00edtico. O ano \u00e9 importante para o Brasil e muito importante para a nossa categoria. A constru\u00e7\u00e3o de um documento que apresente aos candidatos \u00e0 presid\u00eancia os principais pontos de reivindica\u00e7\u00e3o da categoria e principalmente, a for\u00e7a dos mais de 400 mil m\u00e9dicos brasileiros, s\u00e3o os principais objetivos.<\/p>\n<p style=\"text-align: justify;\">\nInfelizmente n\u00e3o registramos evolu\u00e7\u00e3o em quest\u00f5es nevr\u00e1lgicas para os m\u00e9dicos brasileiros.<\/p>\n<p style=\"text-align: justify;\">Continuamos com problemas de distribui\u00e7\u00e3o de profissionais, temos muito que evoluir em estrutura de atendimento, precisamos cada vez mais acessar judicialmente os pacientes aos melhores tratamentos e o ponto importante do nosso debate: precisamos voltar a discutir a carreira m\u00e9dica \u2013 a PEC 454\/09 est\u00e1 parada e essa situa\u00e7\u00e3o, impacta frontalmente os itens citados anteriormente com o agravante da falta de remunera\u00e7\u00e3o adequada.<\/p>\n<p style=\"text-align: justify;\">\nCom a implanta\u00e7\u00e3o do programa Mais M\u00e9dicos, passamos a erguer mais uma bandeira: a da aplica\u00e7\u00e3o do Revalida para todos os estrangeiros ou formados no exterior que queiram praticar a medicina no Brasil.<\/p>\n<p style=\"text-align: justify;\">\nA abertura indiscriminada das escolas m\u00e9dicas nos apresenta uma nova realidade: a qualidade da forma\u00e7\u00e3o profissional. Se o Sistema \u00danico de Sa\u00fade (SUS) n\u00e3o for devidamente financiado, conseguimos projetar a sucess\u00e3o de desgra\u00e7as num futuro n\u00e3o muito distante com profissionais n\u00e3o preparados de forma adequada atuando em uma estrutura que s\u00f3 se mant\u00e9m em p\u00e9 pela nobreza de m\u00e9dicos e servidores da sa\u00fade. Que medidas efetivas ser\u00e3o tomadas quando esses estudantes e as institui\u00e7\u00f5es de ensino forem reprovados na Avalia\u00e7\u00e3o Seriada?<\/p>\n<p style=\"text-align: justify;\">\nOs m\u00e9dicos residentes seguem com a busca de melhor remunera\u00e7\u00e3o e lutando com a bonifica\u00e7\u00e3o do Provab e a remunera\u00e7\u00e3o at\u00e9 generosa praticada a quem ingressa no Mais M\u00e9dicos.<\/p>\n<p style=\"text-align: justify;\">\nIniciamos falando do sistema nacional, mas temos problemas nos estados e munic\u00edpios. \u00c9 urgente rever a pol\u00edtica nacional da Aten\u00e7\u00e3o B\u00e1sica que assegure o n\u00famero de m\u00e9dicos necess\u00e1rios para o bom atendimento \u00e0 popula\u00e7\u00e3o. N\u00e3o podemos mais conviver com leitos hospitalares desativados e casas de sa\u00fade beneficentes sobrevivendo \u00e0s custas de rifas e leil\u00f5es comunit\u00e1rios.<\/p>\n<p style=\"text-align: justify;\">\nPrecisamos voltar a falar sobre os planos de sa\u00fade, que reajustam seus valores anualmente ao passo que seguem remunerando mal os m\u00e9dicos, promovendo glosas injustificadas e atrasando os pagamentos.<br \/>\nSomos m\u00e9dicos, mas somos antes de tudo, cidad\u00e3os brasileiros e com plena consci\u00eancia do grave momento pelo qual passa nosso Pa\u00eds. \u00c9 o momento da participa\u00e7\u00e3o de todos, mesmo os que n\u00e3o est\u00e3o envolvidos com o sistema p\u00fablico de sa\u00fade. \u00c9 a hora de somar for\u00e7as pelo bem na nossa categoria profissional e pela sa\u00fade de qualidade em todas as esferas.<\/p>\n<p style=\"text-align: justify;\">\n<p>Fonte: Janice Painkow \u2013 vice-presidente da Federa\u00e7\u00e3o M\u00e9dica Brasileira (FMB)<\/p>\n","protected":false},"excerpt":{"rendered":"<p>Depois de um hiato de cinco anos, 2018 inicia com a confirma\u00e7\u00e3o da realiza\u00e7\u00e3o de mais um Encontro Nacional de Entidades M\u00e9dicas (Enem), nos dias 29 e 30 de maio, em Bras\u00edlia. Esse per\u00edodo, que pode parecer de estagna\u00e7\u00e3o, representa uma reorganiza\u00e7\u00e3o das entidades m\u00e9dicas ao passo que vivenciamos graves problemas em nosso Pa\u00eds, como [&hellip;]<\/p>\n","protected":false},"author":1,"featured_media":46233,"comment_status":"open","ping_status":"open","sticky":false,"template":"","format":"standard","meta":{"ocean_post_layout":"","ocean_both_sidebars_style":"","ocean_both_sidebars_content_width":0,"ocean_both_sidebars_sidebars_width":0,"ocean_sidebar":"","ocean_second_sidebar":"","ocean_disable_margins":"enable","ocean_add_body_class":"","ocean_shortcode_before_top_bar":"","ocean_shortcode_after_top_bar":"","ocean_shortcode_before_header":"","ocean_shortcode_after_header":"","ocean_has_shortcode":"","ocean_shortcode_after_title":"","ocean_shortcode_before_footer_widgets":"","ocean_shortcode_after_footer_widgets":"","ocean_shortcode_before_footer_bottom":"","ocean_shortcode_after_footer_bottom":"","ocean_display_top_bar":"default","ocean_display_header":"default","ocean_header_style":"","ocean_center_header_left_menu":"","ocean_custom_header_template":"","ocean_custom_logo":0,"ocean_custom_retina_logo":0,"ocean_custom_logo_max_width":0,"ocean_custom_logo_tablet_max_width":0,"ocean_custom_logo_mobile_max_width":0,"ocean_custom_logo_max_height":0,"ocean_custom_logo_tablet_max_height":0,"ocean_custom_logo_mobile_max_height":0,"ocean_header_custom_menu":"","ocean_menu_typo_font_family":"","ocean_menu_typo_font_subset":"","ocean_menu_typo_font_size":0,"ocean_menu_typo_font_size_tablet":0,"ocean_menu_typo_font_size_mobile":0,"ocean_menu_typo_font_size_unit":"px","ocean_menu_typo_font_weight":"","ocean_menu_typo_font_weight_tablet":"","ocean_menu_typo_font_weight_mobile":"","ocean_menu_typo_transform":"","ocean_menu_typo_transform_tablet":"","ocean_menu_typo_transform_mobile":"","ocean_menu_typo_line_height":0,"ocean_menu_typo_line_height_tablet":0,"ocean_menu_typo_line_height_mobile":0,"ocean_menu_typo_line_height_unit":"","ocean_menu_typo_spacing":0,"ocean_menu_typo_spacing_tablet":0,"ocean_menu_typo_spacing_mobile":0,"ocean_menu_typo_spacing_unit":"","ocean_menu_link_color":"","ocean_menu_link_color_hover":"","ocean_menu_link_color_active":"","ocean_menu_link_background":"","ocean_menu_link_hover_background":"","ocean_menu_link_active_background":"","ocean_menu_social_links_bg":"","ocean_menu_social_hover_links_bg":"","ocean_menu_social_links_color":"","ocean_menu_social_hover_links_color":"","ocean_disable_title":"default","ocean_disable_heading":"default","ocean_post_title":"","ocean_post_subheading":"","ocean_post_title_style":"","ocean_post_title_background_color":"","ocean_post_title_background":0,"ocean_post_title_bg_image_position":"","ocean_post_title_bg_image_attachment":"","ocean_post_title_bg_image_repeat":"","ocean_post_title_bg_image_size":"","ocean_post_title_height":0,"ocean_post_title_bg_overlay":0.5,"ocean_post_title_bg_overlay_color":"","ocean_disable_breadcrumbs":"default","ocean_breadcrumbs_color":"","ocean_breadcrumbs_separator_color":"","ocean_breadcrumbs_links_color":"","ocean_breadcrumbs_links_hover_color":"","ocean_display_footer_widgets":"default","ocean_display_footer_bottom":"default","ocean_custom_footer_template":"","ocean_post_oembed":"","ocean_post_self_hosted_media":"","ocean_post_video_embed":"","ocean_link_format":"","ocean_link_format_target":"self","ocean_quote_format":"","ocean_quote_format_link":"post","ocean_gallery_link_images":"on","ocean_gallery_id":[]},"categories":[9],"tags":[2805,215,229],"acf":[],"_links":{"self":[{"href":"https:\/\/www.simepe.com.br\/novo\/wp-json\/wp\/v2\/posts\/46232"}],"collection":[{"href":"https:\/\/www.simepe.com.br\/novo\/wp-json\/wp\/v2\/posts"}],"about":[{"href":"https:\/\/www.simepe.com.br\/novo\/wp-json\/wp\/v2\/types\/post"}],"author":[{"embeddable":true,"href":"https:\/\/www.simepe.com.br\/novo\/wp-json\/wp\/v2\/users\/1"}],"replies":[{"embeddable":true,"href":"https:\/\/www.simepe.com.br\/novo\/wp-json\/wp\/v2\/comments?post=46232"}],"version-history":[{"count":1,"href":"https:\/\/www.simepe.com.br\/novo\/wp-json\/wp\/v2\/posts\/46232\/revisions"}],"predecessor-version":[{"id":46234,"href":"https:\/\/www.simepe.com.br\/novo\/wp-json\/wp\/v2\/posts\/46232\/revisions\/46234"}],"wp:featuredmedia":[{"embeddable":true,"href":"https:\/\/www.simepe.com.br\/novo\/wp-json\/wp\/v2\/media\/46233"}],"wp:attachment":[{"href":"https:\/\/www.simepe.com.br\/novo\/wp-json\/wp\/v2\/media?parent=46232"}],"wp:term":[{"taxonomy":"category","embeddable":true,"href":"https:\/\/www.simepe.com.br\/novo\/wp-json\/wp\/v2\/categories?post=46232"},{"taxonomy":"post_tag","embeddable":true,"href":"https:\/\/www.simepe.com.br\/novo\/wp-json\/wp\/v2\/tags?post=46232"}],"curies":[{"name":"wp","href":"https:\/\/api.w.org\/{rel}","templated":true}]}}