{"id":46259,"date":"2018-05-18T08:59:55","date_gmt":"2018-05-18T11:59:55","guid":{"rendered":"http:\/\/www.simepe.com.br\/novo\/?p=46259"},"modified":"2018-05-18T08:59:55","modified_gmt":"2018-05-18T11:59:55","slug":"numero-de-mortes-por-h1n1-dobra-em-uma-semana","status":"publish","type":"post","link":"https:\/\/www.simepe.com.br\/novo\/numero-de-mortes-por-h1n1-dobra-em-uma-semana\/","title":{"rendered":"N\u00famero de mortes por H1N1 dobra em uma semana"},"content":{"rendered":"<p style=\"text-align: justify;\">Secretaria de Sa\u00fade faz alerta para a necessidade da vacina\u00e7\u00e3o, que continua sendo feita nos postos de sa\u00fade da cidade<\/p>\n<p style=\"text-align: justify;\">Em uma semana, seis pessoas que tiveram a S\u00edndrome Respirat\u00f3ria Aguda Grave (SRAG) faleceram em Pernambuco. Entre as v\u00edtimas, um beb\u00ea de um m\u00eas, que morava no muncipio de Carpina, na Mata Norte. At\u00e9 o \u00faltimo dia 5, a Secretaria Estadual de Sa\u00fade havia registrado 594 casos de SRAG, quadro que pode ser provocado por diversos agentes (v\u00edrus, bact\u00e9rias) e \u00e9 caracterizado pela necessidade de interna\u00e7\u00e3o de pacientes com febre, tosse ou dor de garganta associado \u00e0 dispneia ou desconforto respirat\u00f3rio. Do total de casos, 22 tiveram resultado laboratorial positivo para influenza A(H1N1), 11 para influenza A(H3N2) e 1 para v\u00edrus sincicial respirat\u00f3rio (VSR).<\/p>\n<p>Nas \u00faltimas semanas, a SES observou uma m\u00e9dia semanal de 75 casos de Srag, enquanto anteriormente estavam sendo 50, ou seja, houve um incremento de 50%. Diante disso, a Secretaria ressalta a import\u00e2ncia dos grupos priorit\u00e1rios para a vacina contra a influenza procurarem os postos de sa\u00fade para serem imunizados, medida que evita o agravamento da doen\u00e7a e \u00f3bitos. A SES tamb\u00e9m est\u00e1 encaminhando, nesta quarta-feira (16.05), uma nota de alerta para os munic\u00edpios com as informa\u00e7\u00f5es epidemiol\u00f3gicas e as orienta\u00e7\u00f5es.<\/p>\n<p>\u201cAnalisando os dados, verificamos um maior incremento de casos de Srag nas semanas epidemiol\u00f3gicas entre os dias 15 de abril e 5 de maio deste ano, al\u00e9m de um aumento da gravidade nos casos confirmados de influenza. Precisamos chamar a aten\u00e7\u00e3o do p\u00fablico alvo para a vacina\u00e7\u00e3o, bem como da import\u00e2ncia da ado\u00e7\u00e3o das demais medidas de preven\u00e7\u00e3o e do manejo adequado dos casos pelos servi\u00e7os de sa\u00fade\u201d, afirma a gerente de Controle de Doen\u00e7as Imunopreven\u00edveis da SES, Ana Antunes. A gerente ressalta, ainda, que, em 2018, n\u00e3o foi registrado nenhum v\u00edrus novo em circula\u00e7\u00e3o no Estado.<\/p>\n<p>Para os servi\u00e7os de sa\u00fade, Ana Antunes lembra a import\u00e2ncia da notifica\u00e7\u00e3o imediata dos casos de Srag, que \u00e9 obrigat\u00f3ria, e do tratamento com oseltamivir. Pessoas que possuem fatores de risco para o agravamento que apresentarem sintomas de s\u00edndrome gripal tamb\u00e9m devem utilizar essa medica\u00e7\u00e3o.<\/p>\n<p>A popula\u00e7\u00e3o em geral tamb\u00e9m pode adotar medidas simples para evitar a propaga\u00e7\u00e3o da doen\u00e7a, a exemplo de: sempre lavar as m\u00e3os com \u00e1gua e sab\u00e3o ou higieniz\u00e1-las com \u00e1lcool em gel; cobrir o nariz e a boca com o antebra\u00e7o ou len\u00e7o ao tossir ou espirrar e descartar o len\u00e7o no lixo ap\u00f3s uso; evitar tocar olhos, nariz ou boca; evitar contato pr\u00f3ximo com pessoas doentes.<\/p>\n<p>Em 2018, tamb\u00e9m foram registrados seis \u00f3bitos de Srag com resultados laboratoriais confirmados para influenza \u2013 cinco de influenza A(H1N1) e um de influenza A(H3N2) \u2013 , enquanto que em 2017, no mesmo per\u00edodo, foram cinco \u00f3bitos, todos com identifica\u00e7\u00e3o da influenza A(H3N2).<\/p>\n<p><strong>SRAG EM 2017<\/strong> \u2013 No ano passado, no mesmo per\u00edodo deste ano, foram registrados 741 casos de Srag, sendo 62 de influenza A(H3N2), 8 de influenza B, 3 de VSR e 1 de parainfluenza1.<\/p>\n<p><strong>S\u00cdNDROME GRIPAL<\/strong> \u2013 No caso da s\u00edndrome gripal (SG), que engloba os casos leves, o Estado faz o acompanhamento em quatro unidades sentinelas, localizadas no Recife (3) e em Jaboat\u00e3o dos Guararapes (1). Nessas unidades s\u00e3o realizadas semanalmente algumas coletas de amostras dos pacientes para identificar os v\u00edrus em circula\u00e7\u00e3o no Estado. At\u00e9 o dia 5 de maio, j\u00e1 foram confirmados 23 casos de influenza A(H1N1), 12 de influenza A(H3N2), 1 de influenza B e 1 de v\u00edrus sincicial respirat\u00f3rio (VSR).<\/p>\n<p><strong>VACINA\u00c7\u00c3O<\/strong> \u2013 Ap\u00f3s 24 dias da Campanha Nacional de Vacina\u00e7\u00e3o contra a Influenza, 1.185.794 pessoas foram imunizadas com a vacina que protege contra a influenza A(H1N1), A(H3N2) e B. O quantitativo representa 49,4% do total do p\u00fablico alvo em Pernambuco (2.399.361). A meta \u00e9 imunizar, no m\u00ednimo, 90% desse contingente.<\/p>\n<p>\u201cEntre os grupos priorit\u00e1rios, at\u00e9 o momento, as crian\u00e7as est\u00e3o com o menor percentual de imuniza\u00e7\u00e3o (39,5%). Por isso, \u00e9 importante que os pais ou respons\u00e1veis as levem aos postos de sa\u00fade para que seja feita a vacina\u00e7\u00e3o. Esse \u00e9 um direito da popula\u00e7\u00e3o inclusa nos grupos priorit\u00e1rios e uma a\u00e7\u00e3o essencial de sa\u00fade para evitar o agravamento e os \u00f3bitos pelos v\u00edrus da influenza\u201d, destaca a coordenadora do Programa Estadual de Imuniza\u00e7\u00e3o da SES, Ana Catarina de Melo.<\/p>\n<p>As pu\u00e9rperas e os trabalhadores de sa\u00fade s\u00e3o os grupos priorit\u00e1rios com as maiores coberturas vacinais (68,1% e 60,9%, respectivamente). \u201cTemos mais 16 dias de campanha para vacinar mais de 1,2 milh\u00e3o de pernambucanos. Os postos est\u00e3o abastecidos e recebendo normalmente a demanda at\u00e9 o dia 1\u00ba de junho\u201d, pontua Ana Catarina.<\/p>\n<p style=\"text-align: justify;\">\n<p style=\"text-align: justify;\">Fonte: Diario de Pernambuco<\/p>\n","protected":false},"excerpt":{"rendered":"<p>Secretaria de Sa\u00fade faz alerta para a necessidade da vacina\u00e7\u00e3o, que continua sendo feita nos postos de sa\u00fade da cidade Em uma semana, seis pessoas que tiveram a S\u00edndrome Respirat\u00f3ria Aguda Grave (SRAG) faleceram em Pernambuco. Entre as v\u00edtimas, um beb\u00ea de um m\u00eas, que morava no muncipio de Carpina, na Mata Norte. At\u00e9 o [&hellip;]<\/p>\n","protected":false},"author":1,"featured_media":0,"comment_status":"open","ping_status":"open","sticky":false,"template":"","format":"standard","meta":{"ocean_post_layout":"","ocean_both_sidebars_style":"","ocean_both_sidebars_content_width":0,"ocean_both_sidebars_sidebars_width":0,"ocean_sidebar":"","ocean_second_sidebar":"","ocean_disable_margins":"enable","ocean_add_body_class":"","ocean_shortcode_before_top_bar":"","ocean_shortcode_after_top_bar":"","ocean_shortcode_before_header":"","ocean_shortcode_after_header":"","ocean_has_shortcode":"","ocean_shortcode_after_title":"","ocean_shortcode_before_footer_widgets":"","ocean_shortcode_after_footer_widgets":"","ocean_shortcode_before_footer_bottom":"","ocean_shortcode_after_footer_bottom":"","ocean_display_top_bar":"default","ocean_display_header":"default","ocean_header_style":"","ocean_center_header_left_menu":"","ocean_custom_header_template":"","ocean_custom_logo":0,"ocean_custom_retina_logo":0,"ocean_custom_logo_max_width":0,"ocean_custom_logo_tablet_max_width":0,"ocean_custom_logo_mobile_max_width":0,"ocean_custom_logo_max_height":0,"ocean_custom_logo_tablet_max_height":0,"ocean_custom_logo_mobile_max_height":0,"ocean_header_custom_menu":"","ocean_menu_typo_font_family":"","ocean_menu_typo_font_subset":"","ocean_menu_typo_font_size":0,"ocean_menu_typo_font_size_tablet":0,"ocean_menu_typo_font_size_mobile":0,"ocean_menu_typo_font_size_unit":"px","ocean_menu_typo_font_weight":"","ocean_menu_typo_font_weight_tablet":"","ocean_menu_typo_font_weight_mobile":"","ocean_menu_typo_transform":"","ocean_menu_typo_transform_tablet":"","ocean_menu_typo_transform_mobile":"","ocean_menu_typo_line_height":0,"ocean_menu_typo_line_height_tablet":0,"ocean_menu_typo_line_height_mobile":0,"ocean_menu_typo_line_height_unit":"","ocean_menu_typo_spacing":0,"ocean_menu_typo_spacing_tablet":0,"ocean_menu_typo_spacing_mobile":0,"ocean_menu_typo_spacing_unit":"","ocean_menu_link_color":"","ocean_menu_link_color_hover":"","ocean_menu_link_color_active":"","ocean_menu_link_background":"","ocean_menu_link_hover_background":"","ocean_menu_link_active_background":"","ocean_menu_social_links_bg":"","ocean_menu_social_hover_links_bg":"","ocean_menu_social_links_color":"","ocean_menu_social_hover_links_color":"","ocean_disable_title":"default","ocean_disable_heading":"default","ocean_post_title":"","ocean_post_subheading":"","ocean_post_title_style":"","ocean_post_title_background_color":"","ocean_post_title_background":0,"ocean_post_title_bg_image_position":"","ocean_post_title_bg_image_attachment":"","ocean_post_title_bg_image_repeat":"","ocean_post_title_bg_image_size":"","ocean_post_title_height":0,"ocean_post_title_bg_overlay":0.5,"ocean_post_title_bg_overlay_color":"","ocean_disable_breadcrumbs":"default","ocean_breadcrumbs_color":"","ocean_breadcrumbs_separator_color":"","ocean_breadcrumbs_links_color":"","ocean_breadcrumbs_links_hover_color":"","ocean_display_footer_widgets":"default","ocean_display_footer_bottom":"default","ocean_custom_footer_template":"","ocean_post_oembed":"","ocean_post_self_hosted_media":"","ocean_post_video_embed":"","ocean_link_format":"","ocean_link_format_target":"self","ocean_quote_format":"","ocean_quote_format_link":"post","ocean_gallery_link_images":"on","ocean_gallery_id":[]},"categories":[9],"tags":[1723,339,411,82],"acf":[],"_links":{"self":[{"href":"https:\/\/www.simepe.com.br\/novo\/wp-json\/wp\/v2\/posts\/46259"}],"collection":[{"href":"https:\/\/www.simepe.com.br\/novo\/wp-json\/wp\/v2\/posts"}],"about":[{"href":"https:\/\/www.simepe.com.br\/novo\/wp-json\/wp\/v2\/types\/post"}],"author":[{"embeddable":true,"href":"https:\/\/www.simepe.com.br\/novo\/wp-json\/wp\/v2\/users\/1"}],"replies":[{"embeddable":true,"href":"https:\/\/www.simepe.com.br\/novo\/wp-json\/wp\/v2\/comments?post=46259"}],"version-history":[{"count":1,"href":"https:\/\/www.simepe.com.br\/novo\/wp-json\/wp\/v2\/posts\/46259\/revisions"}],"predecessor-version":[{"id":46260,"href":"https:\/\/www.simepe.com.br\/novo\/wp-json\/wp\/v2\/posts\/46259\/revisions\/46260"}],"wp:attachment":[{"href":"https:\/\/www.simepe.com.br\/novo\/wp-json\/wp\/v2\/media?parent=46259"}],"wp:term":[{"taxonomy":"category","embeddable":true,"href":"https:\/\/www.simepe.com.br\/novo\/wp-json\/wp\/v2\/categories?post=46259"},{"taxonomy":"post_tag","embeddable":true,"href":"https:\/\/www.simepe.com.br\/novo\/wp-json\/wp\/v2\/tags?post=46259"}],"curies":[{"name":"wp","href":"https:\/\/api.w.org\/{rel}","templated":true}]}}