{"id":46263,"date":"2018-05-18T09:04:00","date_gmt":"2018-05-18T12:04:00","guid":{"rendered":"http:\/\/www.simepe.com.br\/novo\/?p=46263"},"modified":"2018-05-18T09:04:00","modified_gmt":"2018-05-18T12:04:00","slug":"xiii-encontro-nacional-das-entidades-medicas-marca-reuni%ef%ac%81cacao-do-movimento-medico","status":"publish","type":"post","link":"https:\/\/www.simepe.com.br\/novo\/xiii-encontro-nacional-das-entidades-medicas-marca-reuni%ef%ac%81cacao-do-movimento-medico\/","title":{"rendered":"XIII Encontro Nacional das Entidades M\u00e9dicas marca reuni\ufb01ca\u00e7\u00e3o do movimento m\u00e9dico"},"content":{"rendered":"<p style=\"text-align: justify;\"><img src=\"http:\/\/portal.cfm.org.br\/images\/super_banners\/enem2018.jpg\" alt=\"enem2018\" \/><\/p>\n<p style=\"text-align: justify;\">Forma\u00e7\u00e3o m\u00e9dica, mercado de trabalho e assist\u00eancia \u00e0 sa\u00fade no Brasil. Estes s\u00e3o os tr\u00eas eixos tem\u00e1ticos que devem conduzir os debates no XIII Encontro Nacional das Entidades M\u00e9dicas (Enem), a ser realizado nos dias 29 e 30 de maio, em Bras\u00edlia (DF). Os \u00faltimos preparativos, entre eles a defini\u00e7\u00e3o da programa\u00e7\u00e3o e a formula\u00e7\u00e3o do regimento interno do evento, estiveram na pauta de abril da Comiss\u00e3o Nacional Pr\u00f3-SUS, que re\u00fane representantes do Conselho Federal de Medicina (CFM), da Associa\u00e7\u00e3o M\u00e9dica Brasileira (AMB), da Federa\u00e7\u00e3o Nacional dos M\u00e9dicos (Fenam) e da Federa\u00e7\u00e3o M\u00e9dica Brasileira (FMB).<\/p>\n<p style=\"text-align: justify;\">Durante os dois dias do evento, que acontecer\u00e1 no audit\u00f3rio da Associa\u00e7\u00e3o M\u00e9dica de Bras\u00edlia (AMBr), s\u00e3o esperadas cerca de 500 pessoas, entre delegados estaduais, representantes dos Conselhos Regionais de Medicina (CRMs), sindicatos e associa\u00e7\u00f5es m\u00e9dicas, sociedades de especialidades e outras lideran\u00e7as da \u00e1rea.<\/p>\n<p style=\"text-align: justify;\">\u201cEsperamos promover, nestes dias, um debate consistente sobre as necessidades e as prioridades da popula\u00e7\u00e3o e dos m\u00e9dicos, indicando, ao final do evento, a\u00e7\u00f5es fundamentais para manter a obedi\u00eancia \u00e0s diretrizes e aos princ\u00edpios constitucionais que regulam a assist\u00eancia na rede p\u00fablica, suplementar e privada no Brasil\u201d, destacou Carlos Vital, presidente do CFM.<\/p>\n<p style=\"text-align: justify;\">Segundo ele, o relat\u00f3rio final ser\u00e1 encaminhado \u00e0s autoridades e tamb\u00e9m aos candidatos a cargos eletivos nas Elei\u00e7\u00f5es Gerais de 2018. O objetivo \u00e9 contribuir com a formula\u00e7\u00e3o de iniciativas de defesa da sa\u00fade e da medicina em todo o territ\u00f3rio nacional.<\/p>\n<p style=\"text-align: justify;\">O presidente da Fenam, Jorge Darze, destacou que \u201co resultado do Enem ser\u00e1 um instrumento da luta m\u00e9dica no Brasil e ajudar\u00e1 os nossos colegas m\u00e9dicos que tentar\u00e3o uma vagaa no Congresso Nacional\u201d.<br \/>\nTemas \u2013 Os eixos tem\u00e1ticos do evento indicam que a situa\u00e7\u00e3o do aparelho formador de futuros m\u00e9dicos ser\u00e1 um dos pontos centrais dos debates. Atualmente, h\u00e1 314 escolas m\u00e9dicas no Brasil, que oferecem um total de quase 30 mil vagas apenas no primeiro ano de curso. Al\u00e9m do excesso de escolas, entre os problemas que preocupam as lideran\u00e7as, est\u00e3o a insufici\u00eancia dos ambientes de pr\u00e1ticas e a fragilidade dos sistemas de avalia\u00e7\u00e3o dos estudantes e dos cursos de medicina no Pa\u00eds.<\/p>\n<p style=\"text-align: justify;\">Outros temas que devem se destacar na pauta s\u00e3o a necessidade de ado\u00e7\u00e3o de uma pol\u00edtica de financiamento adequado para o Sistema \u00danico de Sa\u00fade (SUS); a inser\u00e7\u00e3o do m\u00e9dico no mercado de trabalho; a cria\u00e7\u00e3o de uma carreira de estado para o profissional que atua no SUS; os problemas decorrentes da precariza\u00e7\u00e3o dos contratos de trabalho; e os abusos das operadoras de planos de sa\u00fade.<br \/>\nPara Lincoln Lopes Ferreira, presidente da AMB, historicamente a uni\u00e3o das entidades m\u00e9dicas tem sido fundamental para obter conquistas importantes, \u201cmas, ainda \u00e9 preciso alinhar outras quest\u00f5es relevantes, como o Revalida e a cria\u00e7\u00e3o do exame nacional obrigat\u00f3rio de profici\u00eancia\u201d.<\/p>\n<p style=\"text-align: justify;\">Presidente da FMB, Waldir Ara\u00fajo Cardoso defendeu a realiza\u00e7\u00e3o do evento e garantiu que a representa\u00e7\u00e3o sindical est\u00e1 empenhada. \u201cOs m\u00e9dicos brasileiros v\u00e3o dar sua contribui\u00e7\u00e3o em documento oriundo dos debates do Enem. Se queremos \u2013 e precisamos da mudan\u00e7a \u2013, temos que nos apresentar para o debate e as proposi\u00e7\u00f5es\u201d, enfatizou.<\/p>\n<table class=\"contentpaneopen\">\n<tbody>\n<tr>\n<td valign=\"top\">&nbsp;<\/p>\n<table border=\"1\" cellspacing=\"0\" cellpadding=\"0\" align=\"center\">\n<tbody>\n<tr>\n<td valign=\"top\" width=\"566\"><em>CONFIRA OS EIXOS DO DEBATE<\/em><\/td>\n<\/tr>\n<tr>\n<td valign=\"top\" width=\"566\">\n<p style=\"text-align: center;\"><strong>FORMA\u00c7\u00c3O M\u00c9DICA<\/strong><\/p>\n<\/td>\n<\/tr>\n<tr>\n<td valign=\"top\" width=\"566\">Gradua\u00e7\u00e3o<\/p>\n<p>P\u00f3s- gradua\u00e7\u00e3o<\/p>\n<p>Exames de avalia\u00e7\u00e3o para o exerc\u00edcio profissional<\/td>\n<\/tr>\n<tr>\n<td valign=\"top\" width=\"566\">\n<p style=\"text-align: center;\"><strong>MERCADO DE TRABALHO DO M\u00c9DICO<\/strong><\/p>\n<\/td>\n<\/tr>\n<tr>\n<td valign=\"top\" width=\"566\">Presta\u00e7\u00e3o de trabalho no SUS<\/p>\n<p>Como o Mais M\u00e9dicos impacta no mercado de trabalho<\/p>\n<p>Sistema suplementar de sa\u00fade<\/td>\n<\/tr>\n<tr>\n<td valign=\"top\" width=\"566\">\n<p style=\"text-align: center;\"><strong>ASSIST\u00caNCIA M\u00c9DICA \u00c0 SA\u00daDE NO BRASIL<\/strong><\/p>\n<\/td>\n<\/tr>\n<tr>\n<td valign=\"top\" width=\"566\">Gradua\u00e7\u00e3o<\/p>\n<p>P\u00f3s- gradua\u00e7\u00e3o<\/p>\n<p>Exames de avalia\u00e7\u00e3o para o exerc\u00edcio profissional<\/td>\n<\/tr>\n<\/tbody>\n<\/table>\n<\/td>\n<\/tr>\n<\/tbody>\n<\/table>\n<p><span class=\"article_separator\">\u00a0<\/span><\/p>\n<p>Fonte: Assessoria de Comunica\u00e7\u00e3o do Conselho Federal de Medicina (CFM)<\/p>\n","protected":false},"excerpt":{"rendered":"<p>Forma\u00e7\u00e3o m\u00e9dica, mercado de trabalho e assist\u00eancia \u00e0 sa\u00fade no Brasil. Estes s\u00e3o os tr\u00eas eixos tem\u00e1ticos que devem conduzir os debates no XIII Encontro Nacional das Entidades M\u00e9dicas (Enem), a ser realizado nos dias 29 e 30 de maio, em Bras\u00edlia (DF). Os \u00faltimos preparativos, entre eles a defini\u00e7\u00e3o da programa\u00e7\u00e3o e a formula\u00e7\u00e3o [&hellip;]<\/p>\n","protected":false},"author":1,"featured_media":0,"comment_status":"open","ping_status":"open","sticky":false,"template":"","format":"standard","meta":{"ocean_post_layout":"","ocean_both_sidebars_style":"","ocean_both_sidebars_content_width":0,"ocean_both_sidebars_sidebars_width":0,"ocean_sidebar":"","ocean_second_sidebar":"","ocean_disable_margins":"enable","ocean_add_body_class":"","ocean_shortcode_before_top_bar":"","ocean_shortcode_after_top_bar":"","ocean_shortcode_before_header":"","ocean_shortcode_after_header":"","ocean_has_shortcode":"","ocean_shortcode_after_title":"","ocean_shortcode_before_footer_widgets":"","ocean_shortcode_after_footer_widgets":"","ocean_shortcode_before_footer_bottom":"","ocean_shortcode_after_footer_bottom":"","ocean_display_top_bar":"default","ocean_display_header":"default","ocean_header_style":"","ocean_center_header_left_menu":"","ocean_custom_header_template":"","ocean_custom_logo":0,"ocean_custom_retina_logo":0,"ocean_custom_logo_max_width":0,"ocean_custom_logo_tablet_max_width":0,"ocean_custom_logo_mobile_max_width":0,"ocean_custom_logo_max_height":0,"ocean_custom_logo_tablet_max_height":0,"ocean_custom_logo_mobile_max_height":0,"ocean_header_custom_menu":"","ocean_menu_typo_font_family":"","ocean_menu_typo_font_subset":"","ocean_menu_typo_font_size":0,"ocean_menu_typo_font_size_tablet":0,"ocean_menu_typo_font_size_mobile":0,"ocean_menu_typo_font_size_unit":"px","ocean_menu_typo_font_weight":"","ocean_menu_typo_font_weight_tablet":"","ocean_menu_typo_font_weight_mobile":"","ocean_menu_typo_transform":"","ocean_menu_typo_transform_tablet":"","ocean_menu_typo_transform_mobile":"","ocean_menu_typo_line_height":0,"ocean_menu_typo_line_height_tablet":0,"ocean_menu_typo_line_height_mobile":0,"ocean_menu_typo_line_height_unit":"","ocean_menu_typo_spacing":0,"ocean_menu_typo_spacing_tablet":0,"ocean_menu_typo_spacing_mobile":0,"ocean_menu_typo_spacing_unit":"","ocean_menu_link_color":"","ocean_menu_link_color_hover":"","ocean_menu_link_color_active":"","ocean_menu_link_background":"","ocean_menu_link_hover_background":"","ocean_menu_link_active_background":"","ocean_menu_social_links_bg":"","ocean_menu_social_hover_links_bg":"","ocean_menu_social_links_color":"","ocean_menu_social_hover_links_color":"","ocean_disable_title":"default","ocean_disable_heading":"default","ocean_post_title":"","ocean_post_subheading":"","ocean_post_title_style":"","ocean_post_title_background_color":"","ocean_post_title_background":0,"ocean_post_title_bg_image_position":"","ocean_post_title_bg_image_attachment":"","ocean_post_title_bg_image_repeat":"","ocean_post_title_bg_image_size":"","ocean_post_title_height":0,"ocean_post_title_bg_overlay":0.5,"ocean_post_title_bg_overlay_color":"","ocean_disable_breadcrumbs":"default","ocean_breadcrumbs_color":"","ocean_breadcrumbs_separator_color":"","ocean_breadcrumbs_links_color":"","ocean_breadcrumbs_links_hover_color":"","ocean_display_footer_widgets":"default","ocean_display_footer_bottom":"default","ocean_custom_footer_template":"","ocean_post_oembed":"","ocean_post_self_hosted_media":"","ocean_post_video_embed":"","ocean_link_format":"","ocean_link_format_target":"self","ocean_quote_format":"","ocean_quote_format_link":"post","ocean_gallery_link_images":"on","ocean_gallery_id":[]},"categories":[9],"tags":[67,2805,75],"acf":[],"_links":{"self":[{"href":"https:\/\/www.simepe.com.br\/novo\/wp-json\/wp\/v2\/posts\/46263"}],"collection":[{"href":"https:\/\/www.simepe.com.br\/novo\/wp-json\/wp\/v2\/posts"}],"about":[{"href":"https:\/\/www.simepe.com.br\/novo\/wp-json\/wp\/v2\/types\/post"}],"author":[{"embeddable":true,"href":"https:\/\/www.simepe.com.br\/novo\/wp-json\/wp\/v2\/users\/1"}],"replies":[{"embeddable":true,"href":"https:\/\/www.simepe.com.br\/novo\/wp-json\/wp\/v2\/comments?post=46263"}],"version-history":[{"count":1,"href":"https:\/\/www.simepe.com.br\/novo\/wp-json\/wp\/v2\/posts\/46263\/revisions"}],"predecessor-version":[{"id":46264,"href":"https:\/\/www.simepe.com.br\/novo\/wp-json\/wp\/v2\/posts\/46263\/revisions\/46264"}],"wp:attachment":[{"href":"https:\/\/www.simepe.com.br\/novo\/wp-json\/wp\/v2\/media?parent=46263"}],"wp:term":[{"taxonomy":"category","embeddable":true,"href":"https:\/\/www.simepe.com.br\/novo\/wp-json\/wp\/v2\/categories?post=46263"},{"taxonomy":"post_tag","embeddable":true,"href":"https:\/\/www.simepe.com.br\/novo\/wp-json\/wp\/v2\/tags?post=46263"}],"curies":[{"name":"wp","href":"https:\/\/api.w.org\/{rel}","templated":true}]}}