{"id":46269,"date":"2018-05-18T09:27:42","date_gmt":"2018-05-18T12:27:42","guid":{"rendered":"http:\/\/www.simepe.com.br\/novo\/?p=46269"},"modified":"2018-05-18T09:27:42","modified_gmt":"2018-05-18T12:27:42","slug":"familias-de-pacientes-denunciam-ar-condicionado-quebrado-em-uti-pediatrica-no-recife","status":"publish","type":"post","link":"https:\/\/www.simepe.com.br\/novo\/familias-de-pacientes-denunciam-ar-condicionado-quebrado-em-uti-pediatrica-no-recife\/","title":{"rendered":"Fam\u00edlias de pacientes denunciam ar-condicionado quebrado em UTI pedi\u00e1trica no Recife"},"content":{"rendered":"<p style=\"text-align: justify;\">Do p\u00e1tio, \u00e9 poss\u00edvel ver janelas do Hospital Ot\u00e1vio de Freitas abertas. Governo estadual afirmou que vai resolver o problema.<\/p>\n<p style=\"text-align: justify;\">M\u00e3es de crian\u00e7as internadas no Hospital Ot\u00e1vio de Freitas (HOF), na Zona Oeste do Recife, denunciam que o ar-condicionado da Unidade de Terapia Intensiva (UTI) pedi\u00e1trica est\u00e1 quebrado. Al\u00e9m do desconforto, elas relatam preocupa\u00e7\u00e3o com entrada de insetos e bact\u00e9rias. (<a href=\"https:\/\/g1.globo.com\/pe\/pernambuco\/noticia\/familias-de-pacientes-denunciam-ar-condicionado-quebrado-em-uti-pediatrica-no-recife.ghtml\">Veja v\u00eddeo<\/a>)<\/p>\n<p style=\"text-align: justify;\">Do p\u00e1tio da unidade de sa\u00fade, \u00e9 poss\u00edvel ver as janelas abertas. V\u00eddeos enviados para o WhatsApp da TV Globo mostram a rotina de desconforto. As m\u00e3es passam o dia inteiro abanando os filhos devido a falta do ar-condicionado.<\/p>\n<p style=\"text-align: justify;\">Moradora de Limoeiro, no Agreste do estado, Adriana do Nascimento veio para o Recife h\u00e1 duas semanas. &#8220;As duas semanas a gente abanando e n\u00e3o dorme de noite. Nem a gente [m\u00e3es], e nem os meninos. Os meninos com calor, horr\u00edvel. A gente muda [as roupa] dos meninos e quando vai ver, o menino est\u00e1 molhado de suor de novo&#8221;, conta.<\/p>\n<p style=\"text-align: justify;\"><img src=\"https:\/\/s2.glbimg.com\/y3J_Ni0RF4IXDpttzqRLHEhqRKQ=\/0x13:1920x1058\/984x0\/smart\/filters:strip_icc()\/i.s3.glbimg.com\/v1\/AUTH_59edd422c0c84a879bd37670ae4f538a\/internal_photos\/bs\/2018\/E\/k\/0xQPHmRAqrJVygFYhXFA\/frame-00-00-11.980.jpg\" alt=\"M\u00c3\u00a3es precisam abanar seus filhos por falta de arcondicionados na UTI pedi\u00c3\u00a1trica do Hospital Ot\u00c3\u00a1vio de Freitas (Foto: Reprodu\u00c3\u00a7\u00c3\u00a3o\/TV Globo)\" \/><\/p>\n<p style=\"text-align: justify;\">O Ot\u00e1vio de Freitas \u00e9 um hospital estadual. As m\u00e3es relatam que nem os funcion\u00e1rios est\u00e3o aguentando o calor. \u201cTeve uma [funcion\u00e1ria] mesmo que estava com meu filho e ela teve que sair por causa do calor. Ela come\u00e7ou a ficar p\u00e1lida e teve que se sentar&#8221;, relata a dona de casa Tatiane Lins.<\/p>\n<p style=\"text-align: justify;\">Algumas das crian\u00e7as est\u00e3o internadas h\u00e1 meses e as m\u00e3es delas relatam que esta n\u00e3o \u00e9 a primeira vez que isso ocorre. Al\u00e9m disso, elas percebem que, cada vez que o ar-condicionado para de funcionar, a sa\u00fade das crian\u00e7as acaba piorando.<\/p>\n<p style=\"text-align: justify;\">Por meio de nota, o Governo do Estado informou que equipes est\u00e3o no local tentando solucionar o problema e que, ainda nesta sexta-feira (18), a refrigera\u00e7\u00e3o da UTI pedi\u00e1trica vai ser reestabelecida.<\/p>\n<p style=\"text-align: justify;\">\n<p style=\"text-align: justify;\">Fonte: G1<\/p>\n","protected":false},"excerpt":{"rendered":"<p>Do p\u00e1tio, \u00e9 poss\u00edvel ver janelas do Hospital Ot\u00e1vio de Freitas abertas. Governo estadual afirmou que vai resolver o problema. M\u00e3es de crian\u00e7as internadas no Hospital Ot\u00e1vio de Freitas (HOF), na Zona Oeste do Recife, denunciam que o ar-condicionado da Unidade de Terapia Intensiva (UTI) pedi\u00e1trica est\u00e1 quebrado. Al\u00e9m do desconforto, elas relatam preocupa\u00e7\u00e3o com [&hellip;]<\/p>\n","protected":false},"author":1,"featured_media":0,"comment_status":"open","ping_status":"open","sticky":false,"template":"","format":"standard","meta":{"ocean_post_layout":"","ocean_both_sidebars_style":"","ocean_both_sidebars_content_width":0,"ocean_both_sidebars_sidebars_width":0,"ocean_sidebar":"","ocean_second_sidebar":"","ocean_disable_margins":"enable","ocean_add_body_class":"","ocean_shortcode_before_top_bar":"","ocean_shortcode_after_top_bar":"","ocean_shortcode_before_header":"","ocean_shortcode_after_header":"","ocean_has_shortcode":"","ocean_shortcode_after_title":"","ocean_shortcode_before_footer_widgets":"","ocean_shortcode_after_footer_widgets":"","ocean_shortcode_before_footer_bottom":"","ocean_shortcode_after_footer_bottom":"","ocean_display_top_bar":"default","ocean_display_header":"default","ocean_header_style":"","ocean_center_header_left_menu":"","ocean_custom_header_template":"","ocean_custom_logo":0,"ocean_custom_retina_logo":0,"ocean_custom_logo_max_width":0,"ocean_custom_logo_tablet_max_width":0,"ocean_custom_logo_mobile_max_width":0,"ocean_custom_logo_max_height":0,"ocean_custom_logo_tablet_max_height":0,"ocean_custom_logo_mobile_max_height":0,"ocean_header_custom_menu":"","ocean_menu_typo_font_family":"","ocean_menu_typo_font_subset":"","ocean_menu_typo_font_size":0,"ocean_menu_typo_font_size_tablet":0,"ocean_menu_typo_font_size_mobile":0,"ocean_menu_typo_font_size_unit":"px","ocean_menu_typo_font_weight":"","ocean_menu_typo_font_weight_tablet":"","ocean_menu_typo_font_weight_mobile":"","ocean_menu_typo_transform":"","ocean_menu_typo_transform_tablet":"","ocean_menu_typo_transform_mobile":"","ocean_menu_typo_line_height":0,"ocean_menu_typo_line_height_tablet":0,"ocean_menu_typo_line_height_mobile":0,"ocean_menu_typo_line_height_unit":"","ocean_menu_typo_spacing":0,"ocean_menu_typo_spacing_tablet":0,"ocean_menu_typo_spacing_mobile":0,"ocean_menu_typo_spacing_unit":"","ocean_menu_link_color":"","ocean_menu_link_color_hover":"","ocean_menu_link_color_active":"","ocean_menu_link_background":"","ocean_menu_link_hover_background":"","ocean_menu_link_active_background":"","ocean_menu_social_links_bg":"","ocean_menu_social_hover_links_bg":"","ocean_menu_social_links_color":"","ocean_menu_social_hover_links_color":"","ocean_disable_title":"default","ocean_disable_heading":"default","ocean_post_title":"","ocean_post_subheading":"","ocean_post_title_style":"","ocean_post_title_background_color":"","ocean_post_title_background":0,"ocean_post_title_bg_image_position":"","ocean_post_title_bg_image_attachment":"","ocean_post_title_bg_image_repeat":"","ocean_post_title_bg_image_size":"","ocean_post_title_height":0,"ocean_post_title_bg_overlay":0.5,"ocean_post_title_bg_overlay_color":"","ocean_disable_breadcrumbs":"default","ocean_breadcrumbs_color":"","ocean_breadcrumbs_separator_color":"","ocean_breadcrumbs_links_color":"","ocean_breadcrumbs_links_hover_color":"","ocean_display_footer_widgets":"default","ocean_display_footer_bottom":"default","ocean_custom_footer_template":"","ocean_post_oembed":"","ocean_post_self_hosted_media":"","ocean_post_video_embed":"","ocean_link_format":"","ocean_link_format_target":"self","ocean_quote_format":"","ocean_quote_format_link":"post","ocean_gallery_link_images":"on","ocean_gallery_id":[]},"categories":[9],"tags":[2845,582,2150,411,82,298],"acf":[],"_links":{"self":[{"href":"https:\/\/www.simepe.com.br\/novo\/wp-json\/wp\/v2\/posts\/46269"}],"collection":[{"href":"https:\/\/www.simepe.com.br\/novo\/wp-json\/wp\/v2\/posts"}],"about":[{"href":"https:\/\/www.simepe.com.br\/novo\/wp-json\/wp\/v2\/types\/post"}],"author":[{"embeddable":true,"href":"https:\/\/www.simepe.com.br\/novo\/wp-json\/wp\/v2\/users\/1"}],"replies":[{"embeddable":true,"href":"https:\/\/www.simepe.com.br\/novo\/wp-json\/wp\/v2\/comments?post=46269"}],"version-history":[{"count":1,"href":"https:\/\/www.simepe.com.br\/novo\/wp-json\/wp\/v2\/posts\/46269\/revisions"}],"predecessor-version":[{"id":46270,"href":"https:\/\/www.simepe.com.br\/novo\/wp-json\/wp\/v2\/posts\/46269\/revisions\/46270"}],"wp:attachment":[{"href":"https:\/\/www.simepe.com.br\/novo\/wp-json\/wp\/v2\/media?parent=46269"}],"wp:term":[{"taxonomy":"category","embeddable":true,"href":"https:\/\/www.simepe.com.br\/novo\/wp-json\/wp\/v2\/categories?post=46269"},{"taxonomy":"post_tag","embeddable":true,"href":"https:\/\/www.simepe.com.br\/novo\/wp-json\/wp\/v2\/tags?post=46269"}],"curies":[{"name":"wp","href":"https:\/\/api.w.org\/{rel}","templated":true}]}}