{"id":46271,"date":"2018-05-18T09:32:03","date_gmt":"2018-05-18T12:32:03","guid":{"rendered":"http:\/\/www.simepe.com.br\/novo\/?p=46271"},"modified":"2018-05-18T09:32:03","modified_gmt":"2018-05-18T12:32:03","slug":"pernambuco-tem-pior-surto-de-conjuntivite-desde-2008-diz-hospital","status":"publish","type":"post","link":"https:\/\/www.simepe.com.br\/novo\/pernambuco-tem-pior-surto-de-conjuntivite-desde-2008-diz-hospital\/","title":{"rendered":"Pernambuco tem pior surto de conjuntivite desde 2008, diz hospital"},"content":{"rendered":"<p style=\"text-align: justify;\">Funda\u00e7\u00e3o Altino Ventura atendeu 37 mil pacientes no per\u00edodo entre janeiro e 14 de maio. Nos 12 meses de 2017, foram 27.281 casos da doen\u00e7a.<\/p>\n<p style=\"text-align: justify;\">De janeiro de 2018 at\u00e9 14 de maio, a Funda\u00e7\u00e3o Altino Ventura, no bairro da Boa Vista, no Centro do Recife, atendeu 37.047 pacientes com conjuntivite. A maioria deles \u00e9 de Pernambuco, que enfrenta o pior surto da doen\u00e7a desde 2008. Isso levou a funda\u00e7\u00e3o a pedir apoio ao governo do estado para que os pacientes possam ser atendidos nas Unidades de Pronto-Atendimento (UPA). (<a href=\"https:\/\/g1.globo.com\/pe\/pernambuco\/noticia\/pernambuco-tem-pior-surto-de-conjuntivite-desde-2008-diz-hospital.ghtml\">Veja v\u00eddeo<\/a>)<\/p>\n<p style=\"text-align: justify;\">O n\u00famero de casos neste ano j\u00e1 supera o total registrado em 2017 inteiro, quando houve 27.281 casos da doen\u00e7a.Refer\u00eancia em oftalmologia nas regi\u00f5es Norte e Nordeste, a Funda\u00e7\u00e3o Altino Ventura informou que aumento no n\u00famero de casos come\u00e7ou em novembro do ano passado e que aproximadamente 3% das pessoas atendidas na emerg\u00eancia da unidade de sa\u00fade s\u00e3o turistas.<\/p>\n<p style=\"text-align: justify;\">Os m\u00e9dicos n\u00e3o conseguem explicar os motivos do acr\u00e9scimo. De acordo com a oftalmologista Edilana S\u00e1, o surto surpreendeu os profissionais de sa\u00fade pela intensidade e dura\u00e7\u00e3o.<\/p>\n<p style=\"text-align: justify;\">&#8220;Este \u00e9 o maior surto que vivenciamos em dez anos e est\u00e1 surpreendendo pela dura\u00e7\u00e3o e pelo maior n\u00famero de pacientes acometidos. Como o cont\u00e1gio da conjuntivite ocorre basicamente por meio de secre\u00e7\u00f5es, \u00e9 importante lavar as m\u00e3os com frequ\u00eancia e, na impossibilidade de fazer isso, usar \u00e1lcool em gel. Em hip\u00f3tese nenhuma, deve-se p\u00f4r as m\u00e3os nos olhos&#8221;, afirma a m\u00e9dica.<\/p>\n<p style=\"text-align: justify;\"><img src=\"https:\/\/s2.glbimg.com\/W6XuwsBAc64C8cQSuud1Dlk57FU=\/0x0:1920x1080\/984x0\/smart\/filters:strip_icc()\/i.s3.glbimg.com\/v1\/AUTH_59edd422c0c84a879bd37670ae4f538a\/internal_photos\/bs\/2018\/4\/Q\/0pfVfNSsGkTJEKekqd1Q\/conjuntivite-pernambuco.jpg\" alt=\"Funda\u00c3\u00a7\u00c3\u00a3o Altino Ventura atende pacientes com a doen\u00c3\u00a7a (Foto: Reprodu\u00c3\u00a7\u00c3\u00a3o\/TV Globo)\" \/><\/p>\n<p style=\"text-align: justify;\">Por causa do surto, a emerg\u00eancia da Funda\u00e7\u00e3o Altino Ventura, que tem capacidade para 400 atendimentos por dia, est\u00e1 superlotada. Por vezes, o local chegou a receber 1.400 pessoas em um \u00fanico dia. A m\u00e9dia \u00e9 de mil consultas di\u00e1rias.<\/p>\n<p style=\"text-align: justify;\">&#8220;A gente n\u00e3o tem como dizer o que est\u00e1 causando o surto, que vem se estendendo. Estamos aguardando que a Secretaria Estadual de Sa\u00fade mande as unidades que est\u00e3o dispon\u00edveis para que possam fazer esse atendimento&#8221;, ressalta a m\u00e9dica Adriana Gois.<\/p>\n<p style=\"text-align: justify;\">A Secretaria Estadual de Sa\u00fade informou que realizou uma capacita\u00e7\u00e3o na rede prim\u00e1ria e de urg\u00eancia para refor\u00e7ar o protocolo de atendimento para casos da doen\u00e7a. Com isso, as equipes de sa\u00fade da fam\u00edlia, postos de sa\u00fade, UPAs e Upinhas est\u00e3o capacitadas para prestar o atendimento inicial.<\/p>\n<p style=\"text-align: justify;\">\n<p style=\"text-align: justify;\">Fonte: G1<\/p>\n","protected":false},"excerpt":{"rendered":"<p>Funda\u00e7\u00e3o Altino Ventura atendeu 37 mil pacientes no per\u00edodo entre janeiro e 14 de maio. Nos 12 meses de 2017, foram 27.281 casos da doen\u00e7a. De janeiro de 2018 at\u00e9 14 de maio, a Funda\u00e7\u00e3o Altino Ventura, no bairro da Boa Vista, no Centro do Recife, atendeu 37.047 pacientes com conjuntivite. A maioria deles \u00e9 [&hellip;]<\/p>\n","protected":false},"author":1,"featured_media":0,"comment_status":"open","ping_status":"open","sticky":false,"template":"","format":"standard","meta":{"ocean_post_layout":"","ocean_both_sidebars_style":"","ocean_both_sidebars_content_width":0,"ocean_both_sidebars_sidebars_width":0,"ocean_sidebar":"","ocean_second_sidebar":"","ocean_disable_margins":"enable","ocean_add_body_class":"","ocean_shortcode_before_top_bar":"","ocean_shortcode_after_top_bar":"","ocean_shortcode_before_header":"","ocean_shortcode_after_header":"","ocean_has_shortcode":"","ocean_shortcode_after_title":"","ocean_shortcode_before_footer_widgets":"","ocean_shortcode_after_footer_widgets":"","ocean_shortcode_before_footer_bottom":"","ocean_shortcode_after_footer_bottom":"","ocean_display_top_bar":"default","ocean_display_header":"default","ocean_header_style":"","ocean_center_header_left_menu":"","ocean_custom_header_template":"","ocean_custom_logo":0,"ocean_custom_retina_logo":0,"ocean_custom_logo_max_width":0,"ocean_custom_logo_tablet_max_width":0,"ocean_custom_logo_mobile_max_width":0,"ocean_custom_logo_max_height":0,"ocean_custom_logo_tablet_max_height":0,"ocean_custom_logo_mobile_max_height":0,"ocean_header_custom_menu":"","ocean_menu_typo_font_family":"","ocean_menu_typo_font_subset":"","ocean_menu_typo_font_size":0,"ocean_menu_typo_font_size_tablet":0,"ocean_menu_typo_font_size_mobile":0,"ocean_menu_typo_font_size_unit":"px","ocean_menu_typo_font_weight":"","ocean_menu_typo_font_weight_tablet":"","ocean_menu_typo_font_weight_mobile":"","ocean_menu_typo_transform":"","ocean_menu_typo_transform_tablet":"","ocean_menu_typo_transform_mobile":"","ocean_menu_typo_line_height":0,"ocean_menu_typo_line_height_tablet":0,"ocean_menu_typo_line_height_mobile":0,"ocean_menu_typo_line_height_unit":"","ocean_menu_typo_spacing":0,"ocean_menu_typo_spacing_tablet":0,"ocean_menu_typo_spacing_mobile":0,"ocean_menu_typo_spacing_unit":"","ocean_menu_link_color":"","ocean_menu_link_color_hover":"","ocean_menu_link_color_active":"","ocean_menu_link_background":"","ocean_menu_link_hover_background":"","ocean_menu_link_active_background":"","ocean_menu_social_links_bg":"","ocean_menu_social_hover_links_bg":"","ocean_menu_social_links_color":"","ocean_menu_social_hover_links_color":"","ocean_disable_title":"default","ocean_disable_heading":"default","ocean_post_title":"","ocean_post_subheading":"","ocean_post_title_style":"","ocean_post_title_background_color":"","ocean_post_title_background":0,"ocean_post_title_bg_image_position":"","ocean_post_title_bg_image_attachment":"","ocean_post_title_bg_image_repeat":"","ocean_post_title_bg_image_size":"","ocean_post_title_height":0,"ocean_post_title_bg_overlay":0.5,"ocean_post_title_bg_overlay_color":"","ocean_disable_breadcrumbs":"default","ocean_breadcrumbs_color":"","ocean_breadcrumbs_separator_color":"","ocean_breadcrumbs_links_color":"","ocean_breadcrumbs_links_hover_color":"","ocean_display_footer_widgets":"default","ocean_display_footer_bottom":"default","ocean_custom_footer_template":"","ocean_post_oembed":"","ocean_post_self_hosted_media":"","ocean_post_video_embed":"","ocean_link_format":"","ocean_link_format_target":"self","ocean_quote_format":"","ocean_quote_format_link":"post","ocean_gallery_link_images":"on","ocean_gallery_id":[]},"categories":[9],"tags":[2528,411,639],"acf":[],"_links":{"self":[{"href":"https:\/\/www.simepe.com.br\/novo\/wp-json\/wp\/v2\/posts\/46271"}],"collection":[{"href":"https:\/\/www.simepe.com.br\/novo\/wp-json\/wp\/v2\/posts"}],"about":[{"href":"https:\/\/www.simepe.com.br\/novo\/wp-json\/wp\/v2\/types\/post"}],"author":[{"embeddable":true,"href":"https:\/\/www.simepe.com.br\/novo\/wp-json\/wp\/v2\/users\/1"}],"replies":[{"embeddable":true,"href":"https:\/\/www.simepe.com.br\/novo\/wp-json\/wp\/v2\/comments?post=46271"}],"version-history":[{"count":1,"href":"https:\/\/www.simepe.com.br\/novo\/wp-json\/wp\/v2\/posts\/46271\/revisions"}],"predecessor-version":[{"id":46272,"href":"https:\/\/www.simepe.com.br\/novo\/wp-json\/wp\/v2\/posts\/46271\/revisions\/46272"}],"wp:attachment":[{"href":"https:\/\/www.simepe.com.br\/novo\/wp-json\/wp\/v2\/media?parent=46271"}],"wp:term":[{"taxonomy":"category","embeddable":true,"href":"https:\/\/www.simepe.com.br\/novo\/wp-json\/wp\/v2\/categories?post=46271"},{"taxonomy":"post_tag","embeddable":true,"href":"https:\/\/www.simepe.com.br\/novo\/wp-json\/wp\/v2\/tags?post=46271"}],"curies":[{"name":"wp","href":"https:\/\/api.w.org\/{rel}","templated":true}]}}