{"id":46332,"date":"2018-05-22T09:11:07","date_gmt":"2018-05-22T12:11:07","guid":{"rendered":"http:\/\/www.simepe.com.br\/novo\/?p=46332"},"modified":"2018-05-22T09:11:07","modified_gmt":"2018-05-22T12:11:07","slug":"unidade-saude-da-familia-de-fernando-de-noronha-e-aberta-ao-publico","status":"publish","type":"post","link":"https:\/\/www.simepe.com.br\/novo\/unidade-saude-da-familia-de-fernando-de-noronha-e-aberta-ao-publico\/","title":{"rendered":"Unidade Sa\u00fade da Fam\u00edlia de Fernando de Noronha \u00e9 aberta ao p\u00fablico"},"content":{"rendered":"<p style=\"text-align: justify;\">O local foi inaugurado h\u00e1 quatro meses<\/p>\n<p style=\"text-align: justify;\"><img src=\"https:\/\/s2.glbimg.com\/Ytwzqm6d3eY0t5oNTmWGJadZKYM=\/0x0:780x633\/984x0\/smart\/filters:strip_icc()\/i.s3.glbimg.com\/v1\/AUTH_59edd422c0c84a879bd37670ae4f538a\/internal_photos\/bs\/2018\/s\/2\/vx8v2hQxKuP3Y3gP2uGg\/psf-novo-.jpg\" alt=\"A Unidade Sa\u00c3\u00bade da Fam\u00c3\u00adlia est\u00c3\u00a1 aberta  (Foto: Divulga\u00c3\u00a7\u00c3\u00a3o )\" \/><\/p>\n<p style=\"text-align: justify;\">Depois de quatro meses da inaugura\u00e7\u00e3o, a Unidade de Sa\u00fade da Fam\u00edlia Dois Irm\u00e3os \u2013 USF, foi aberta para uso nesta segunda-feira (21). Na obra foram investidos R$ 1.400.000,00. A placa de finaliza\u00e7\u00e3o do trabalho foi descerrada pelo ex-administrador de Fernando de Noronha, Lu\u00eds Eduardo Antunes, em janeiro. O atual administrador da ilha, Pl\u00ednio Pimentel, esteve no local, mas fez quest\u00e3o de enfatizar que a visita n\u00e3o se tratava de uma nova inaugura\u00e7\u00e3o. O administrador justificou os motivos do pr\u00e9dio estar fechado esses meses.<\/p>\n<p style=\"text-align: justify;\">\u201cN\u00f3s precisamos concluir a obra, demorou por conta da chuva, chegada de material, tem ainda a burocracia do sistema p\u00fablico, por isso a demora de alguns meses, mas agora est\u00e1 entregue a popula\u00e7\u00e3o. A partir de hoje a unidade estar\u00e1 aberta das 8 \u00e0s 17h \u201d, explicou Pimentel.<\/p>\n<p style=\"text-align: justify;\"><img src=\"https:\/\/s2.glbimg.com\/ZQZ9Nm1JqxU1QKohyD1M37MdvCQ=\/0x0:728x565\/984x0\/smart\/filters:strip_icc()\/i.s3.glbimg.com\/v1\/AUTH_59edd422c0c84a879bd37670ae4f538a\/internal_photos\/bs\/2018\/T\/q\/ue5uo6S4qAjtfO2c3LsA\/visita-psf.jpg\" alt=\"Fernando Magalh\u00c3\u00a3es e Pl\u00c3\u00adnio Pimentel visitaram as salas  (Foto: Ana Clara Marinho\/TV Globo )\" \/><\/p>\n<p style=\"text-align: justify;\">O novo pr\u00e9dio \u00e9 localizado as margens da BR 363, em frente a Escola Arquip\u00e9lago. O espa\u00e7o conta com 12 salas onde ser\u00e3o realizados atendimento de terapeuta ocupacional, psic\u00f3logo, assistente social, fisioterapeuta, cl\u00ednico geral, dentista, al\u00e9m do funcionamento de uma farm\u00e1cia.<\/p>\n<p style=\"text-align: justify;\"><img src=\"https:\/\/s2.glbimg.com\/ATWId0qM1zwxwv95yX7RRj9xJ9U=\/0x0:728x595\/984x0\/smart\/filters:strip_icc()\/i.s3.glbimg.com\/v1\/AUTH_59edd422c0c84a879bd37670ae4f538a\/internal_photos\/bs\/2018\/l\/E\/LRGikmQ9et1GJ7XBuJvQ\/consultorio-dentario-.jpg\" alt=\"Consult\u00c3\u00b3rio dent\u00c3\u00a1rio  (Foto: Ana Clara Marinho\/TV Globo )\" \/><\/p>\n<p style=\"text-align: justify;\">\u201cContemplamos todos os servi\u00e7os de aten\u00e7\u00e3o b\u00e1sicas. S\u00e3o cinco consult\u00f3rios, uma sala de enfermagem, sala de triagem, sala de procedimento, administrativo, arquivo, banheiros com acessibilidade, tudo que o Minist\u00e9rio da Sa\u00fade indica para um N\u00facleo de Sa\u00fade da Fam\u00edlia\u2019, falou o superintendente de Sa\u00fade da Administra\u00e7\u00e3o da Ilha, Fernando Magalh\u00e3es.<\/p>\n<p style=\"text-align: justify;\">O superintendente tamb\u00e9m informou que na unidade ser\u00e3o promovidos os atendimentos de especialistas, como ginecologia, psiquiatria e exames de ultrassom com uma programa\u00e7\u00e3o especial por m\u00eas.<\/p>\n<p style=\"text-align: justify;\"><img src=\"https:\/\/s2.glbimg.com\/UENwUAxh-tVJB0Z3VEtvqMMy5NI=\/0x0:728x460\/984x0\/smart\/filters:strip_icc()\/i.s3.glbimg.com\/v1\/AUTH_59edd422c0c84a879bd37670ae4f538a\/internal_photos\/bs\/2018\/b\/P\/4DNZ84RNACEPhKAywmSA\/farmacia-psf-.jpg\" alt=\"A farm\u00c3\u00a1cia vai fornecer medicamentos  (Foto: Ana Clara Marinho\/TV Globo )\" \/><\/p>\n<p style=\"text-align: justify;\">\u201cEssa unidade, como toda estrutura, vai possibilitar aos profissionais melhor condi\u00e7\u00e3o de trabalho e a popula\u00e7\u00e3o ter\u00e1 acesso a promo\u00e7\u00e3o \u00e0 sa\u00fade. A gente vai evitar que as pessoas cheguem a ser internadas e precisem do servi\u00e7o do hospital\u201d, informou a gestora da Primeira Ger\u00eancia Regional de Sa\u00fade, \u00c2ngela Lessa.<\/p>\n<p style=\"text-align: justify;\"><img src=\"https:\/\/s2.glbimg.com\/WQFfKdVgUXjdRxcYnqkdGFiBPZA=\/0x0:728x474\/984x0\/smart\/filters:strip_icc()\/i.s3.glbimg.com\/v1\/AUTH_59edd422c0c84a879bd37670ae4f538a\/internal_photos\/bs\/2018\/1\/T\/rwghY8ScWnCHpJaREtWw\/afericao-de-pressao-.jpg\" alt=\"O servi\u00c3\u00a7o de aferi\u00c3\u00a7\u00c3\u00a3o de press\u00c3\u00a3o est\u00c3\u00a1 sendo feito  (Foto: Ana Clara Marinho\/TV Globo )\" \/><\/p>\n<p style=\"text-align: justify;\">Os atendimentos come\u00e7aram na pr\u00e1tica. \u201cEu vim aferir a press\u00e3o, estou fazendo um acompanhamento. O pr\u00e9dio est\u00e1 lindo, agora vamos ver se o atendimento \u00e9 t\u00e3o bom quanto o espa\u00e7o\u201d, falou a funcion\u00e1ria p\u00fablica, Dione Maria da Silva. \u201cEu vim para uma consulta com o cl\u00ednico geral, o espa\u00e7o est\u00e1 uma maravilha, fiquei surpreso, a unidade est\u00e1 aprovada\u201d, avaliou o artista pl\u00e1stico, Washington Paiva.<\/p>\n<p style=\"text-align: justify;\">\n<p style=\"text-align: justify;\">Fonte: G1<\/p>\n","protected":false},"excerpt":{"rendered":"<p>O local foi inaugurado h\u00e1 quatro meses Depois de quatro meses da inaugura\u00e7\u00e3o, a Unidade de Sa\u00fade da Fam\u00edlia Dois Irm\u00e3os \u2013 USF, foi aberta para uso nesta segunda-feira (21). Na obra foram investidos R$ 1.400.000,00. A placa de finaliza\u00e7\u00e3o do trabalho foi descerrada pelo ex-administrador de Fernando de Noronha, Lu\u00eds Eduardo Antunes, em janeiro. [&hellip;]<\/p>\n","protected":false},"author":1,"featured_media":0,"comment_status":"open","ping_status":"open","sticky":false,"template":"","format":"standard","meta":{"ocean_post_layout":"","ocean_both_sidebars_style":"","ocean_both_sidebars_content_width":0,"ocean_both_sidebars_sidebars_width":0,"ocean_sidebar":"","ocean_second_sidebar":"","ocean_disable_margins":"enable","ocean_add_body_class":"","ocean_shortcode_before_top_bar":"","ocean_shortcode_after_top_bar":"","ocean_shortcode_before_header":"","ocean_shortcode_after_header":"","ocean_has_shortcode":"","ocean_shortcode_after_title":"","ocean_shortcode_before_footer_widgets":"","ocean_shortcode_after_footer_widgets":"","ocean_shortcode_before_footer_bottom":"","ocean_shortcode_after_footer_bottom":"","ocean_display_top_bar":"default","ocean_display_header":"default","ocean_header_style":"","ocean_center_header_left_menu":"","ocean_custom_header_template":"","ocean_custom_logo":0,"ocean_custom_retina_logo":0,"ocean_custom_logo_max_width":0,"ocean_custom_logo_tablet_max_width":0,"ocean_custom_logo_mobile_max_width":0,"ocean_custom_logo_max_height":0,"ocean_custom_logo_tablet_max_height":0,"ocean_custom_logo_mobile_max_height":0,"ocean_header_custom_menu":"","ocean_menu_typo_font_family":"","ocean_menu_typo_font_subset":"","ocean_menu_typo_font_size":0,"ocean_menu_typo_font_size_tablet":0,"ocean_menu_typo_font_size_mobile":0,"ocean_menu_typo_font_size_unit":"px","ocean_menu_typo_font_weight":"","ocean_menu_typo_font_weight_tablet":"","ocean_menu_typo_font_weight_mobile":"","ocean_menu_typo_transform":"","ocean_menu_typo_transform_tablet":"","ocean_menu_typo_transform_mobile":"","ocean_menu_typo_line_height":0,"ocean_menu_typo_line_height_tablet":0,"ocean_menu_typo_line_height_mobile":0,"ocean_menu_typo_line_height_unit":"","ocean_menu_typo_spacing":0,"ocean_menu_typo_spacing_tablet":0,"ocean_menu_typo_spacing_mobile":0,"ocean_menu_typo_spacing_unit":"","ocean_menu_link_color":"","ocean_menu_link_color_hover":"","ocean_menu_link_color_active":"","ocean_menu_link_background":"","ocean_menu_link_hover_background":"","ocean_menu_link_active_background":"","ocean_menu_social_links_bg":"","ocean_menu_social_hover_links_bg":"","ocean_menu_social_links_color":"","ocean_menu_social_hover_links_color":"","ocean_disable_title":"default","ocean_disable_heading":"default","ocean_post_title":"","ocean_post_subheading":"","ocean_post_title_style":"","ocean_post_title_background_color":"","ocean_post_title_background":0,"ocean_post_title_bg_image_position":"","ocean_post_title_bg_image_attachment":"","ocean_post_title_bg_image_repeat":"","ocean_post_title_bg_image_size":"","ocean_post_title_height":0,"ocean_post_title_bg_overlay":0.5,"ocean_post_title_bg_overlay_color":"","ocean_disable_breadcrumbs":"default","ocean_breadcrumbs_color":"","ocean_breadcrumbs_separator_color":"","ocean_breadcrumbs_links_color":"","ocean_breadcrumbs_links_hover_color":"","ocean_display_footer_widgets":"default","ocean_display_footer_bottom":"default","ocean_custom_footer_template":"","ocean_post_oembed":"","ocean_post_self_hosted_media":"","ocean_post_video_embed":"","ocean_link_format":"","ocean_link_format_target":"self","ocean_quote_format":"","ocean_quote_format_link":"post","ocean_gallery_link_images":"on","ocean_gallery_id":[]},"categories":[9],"tags":[2858,82,2859],"acf":[],"_links":{"self":[{"href":"https:\/\/www.simepe.com.br\/novo\/wp-json\/wp\/v2\/posts\/46332"}],"collection":[{"href":"https:\/\/www.simepe.com.br\/novo\/wp-json\/wp\/v2\/posts"}],"about":[{"href":"https:\/\/www.simepe.com.br\/novo\/wp-json\/wp\/v2\/types\/post"}],"author":[{"embeddable":true,"href":"https:\/\/www.simepe.com.br\/novo\/wp-json\/wp\/v2\/users\/1"}],"replies":[{"embeddable":true,"href":"https:\/\/www.simepe.com.br\/novo\/wp-json\/wp\/v2\/comments?post=46332"}],"version-history":[{"count":1,"href":"https:\/\/www.simepe.com.br\/novo\/wp-json\/wp\/v2\/posts\/46332\/revisions"}],"predecessor-version":[{"id":46333,"href":"https:\/\/www.simepe.com.br\/novo\/wp-json\/wp\/v2\/posts\/46332\/revisions\/46333"}],"wp:attachment":[{"href":"https:\/\/www.simepe.com.br\/novo\/wp-json\/wp\/v2\/media?parent=46332"}],"wp:term":[{"taxonomy":"category","embeddable":true,"href":"https:\/\/www.simepe.com.br\/novo\/wp-json\/wp\/v2\/categories?post=46332"},{"taxonomy":"post_tag","embeddable":true,"href":"https:\/\/www.simepe.com.br\/novo\/wp-json\/wp\/v2\/tags?post=46332"}],"curies":[{"name":"wp","href":"https:\/\/api.w.org\/{rel}","templated":true}]}}