{"id":46334,"date":"2018-05-22T09:14:01","date_gmt":"2018-05-22T12:14:01","guid":{"rendered":"http:\/\/www.simepe.com.br\/novo\/?p=46334"},"modified":"2018-05-22T09:14:01","modified_gmt":"2018-05-22T12:14:01","slug":"video-mostra-precariedade-nos-servicos-no-hospital-agamenon-magalhaes","status":"publish","type":"post","link":"https:\/\/www.simepe.com.br\/novo\/video-mostra-precariedade-nos-servicos-no-hospital-agamenon-magalhaes\/","title":{"rendered":"V\u00eddeo mostra precariedade nos servi\u00e7os no Hospital Agamenon Magalh\u00e3es"},"content":{"rendered":"<p><img src=\"http:\/\/img2.ne10.uol.com.br\/tvjornal\/imagem\/noticia\/normal\/2018\/05\/22\/63d1579bbd12181e89c785d4572435ec.jpg\" alt=\"\" \/><\/p>\n<p style=\"text-align: justify;\">A superlota\u00e7\u00e3o do Hospital Agamemnon Magalh\u00e3es, localizado no bairro de Casa Amarela, Zona Norte do Recife, mostra o descaso com a sa\u00fade p\u00fablica e a precariedade no atendimento ao paciente. Dona Severina, de 70 anos, \u00e9 uma dessas pessoas que espera para ser atendida.<\/p>\n<p style=\"text-align: justify;\">A idosa sofre de press\u00e3o alta, chegou ao hospital quase desmaiando e demorou quase 20 minutos para receber o aux\u00edlio m\u00e9dico. &#8220;Para a pessoa que paga imposto tudo em dia, o m\u00ednimo que poderia ter \u00e9 sa\u00fade p\u00fablica de qualidade. Principalmente no caso da minha m\u00e3e, que j\u00e1 \u00e9 uma mulher de idade avan\u00e7ada. Deveria-se ter mais respeito&#8221;, explica Alisson Fook, filho de Severina.<\/p>\n<p style=\"text-align: justify;\">Na unidade, os pacientes disputam espa\u00e7o na emerg\u00eancia e sofrem nas macas, sem conforto, alguns, inclusive deixados no ch\u00e3o, junto a material hospitalar espalhado pelo piso. &#8220;Se eu sou paciente, eu n\u00e3o deveria ser tratada como um animal. Eu sei que a culpa n\u00e3o \u00e9 dos m\u00e9dicos e sim dos governadores, mas n\u00e3o posso ficar calada&#8221;, afirma a estudante Ana Paula Souza. A realidade vista \u00e9 confirmada por m\u00e9dicos que trabalham no local. Sem querer se identificar, eles afirmam que a superlota\u00e7\u00e3o existe, porque a amplia\u00e7\u00e3o do hospital nunca saiu do papel.<\/p>\n<p style=\"text-align: justify;\">A superlota\u00e7\u00e3o n\u00e3o \u00e9 o \u00fanico problema do Hospital Agamenon Magalh\u00e3es. Quem precisa da unidade reclama de falta de estrutura, falta de leitos e medicamentos, sujeira e, principalmente, de demora na marca\u00e7\u00e3o de exames. De acordo com a den\u00fancia, a unidade sofre ainda com a falta de profissionais de sa\u00fade.<\/p>\n<p style=\"text-align: justify;\">Assista o v\u00eddeo <a href=\"http:\/\/tvjornal.ne10.uol.com.br\/noticia\/ultimas\/2018\/05\/22\/video-mostra-precariedade-nos-servicos-no-hospital-agamenon-magalhaes-43051.php\">aqui<\/a>.<\/p>\n<p style=\"text-align: justify;\"><strong>Sindicato<\/strong><\/p>\n<p style=\"text-align: justify;\">\nAs condi\u00e7\u00f5es de trabalho e atendimento da unidade chamaram a aten\u00e7\u00e3o do Sindicato dos M\u00e9dicos de Pernambuco (Simepe). Representantes chegaram a visitar o local para constatar a precariedade. Agora, o pr\u00f3ximo passo \u00e9 acionar o Minist\u00e9rio P\u00fablico e prestar a den\u00fancia para o Governo.<\/p>\n<p style=\"text-align: justify;\">Por conta disso, o deputado estadual Silvio Costa Filho, l\u00edder da oposi\u00e7\u00e3o, solicitou uma reuni\u00e3o de emerg\u00eancia com o Governo do Estado. Caso nada seja feito, o Conselho Regional de Medicina de Pernambuco (Cremepe) poder\u00e1 ser acionado.<\/p>\n<p style=\"text-align: justify;\"><strong>Den\u00fancia<\/strong><\/p>\n<p style=\"text-align: justify;\">\nAinda na \u00faltima semana, pacientes do hospital denunciaram o descaso em um v\u00eddeo gravado dentro da unidade e expondo a situa\u00e7\u00e3o do local. Em resposta \u00e0s imagens, a Secretaria Estadual da Sa\u00fade (SES), afirmou em nota que n\u00e3o h\u00e1 profissionais suficientes para garantir um refor\u00e7o no atendimento aos pacientes que usufruem dos servi\u00e7os do Sistema \u00danico de Sa\u00fade (SUS).<\/p>\n<p style=\"text-align: justify;\">A Secretaria ressaltou ainda que a unidade de sa\u00fade segue cumprindo o papel de prestar assist\u00eancia com prioridade aos casos mais graves, atendendo por m\u00eas mais de 5 mil pacientes nas emerg\u00eancias.<\/p>\n<p style=\"text-align: justify;\">\n<p style=\"text-align: justify;\">Fonte: TV Jornal<\/p>\n","protected":false},"excerpt":{"rendered":"<p>A superlota\u00e7\u00e3o do Hospital Agamemnon Magalh\u00e3es, localizado no bairro de Casa Amarela, Zona Norte do Recife, mostra o descaso com a sa\u00fade p\u00fablica e a precariedade no atendimento ao paciente. Dona Severina, de 70 anos, \u00e9 uma dessas pessoas que espera para ser atendida. A idosa sofre de press\u00e3o alta, chegou ao hospital quase desmaiando [&hellip;]<\/p>\n","protected":false},"author":1,"featured_media":0,"comment_status":"open","ping_status":"open","sticky":false,"template":"","format":"standard","meta":{"ocean_post_layout":"","ocean_both_sidebars_style":"","ocean_both_sidebars_content_width":0,"ocean_both_sidebars_sidebars_width":0,"ocean_sidebar":"","ocean_second_sidebar":"","ocean_disable_margins":"enable","ocean_add_body_class":"","ocean_shortcode_before_top_bar":"","ocean_shortcode_after_top_bar":"","ocean_shortcode_before_header":"","ocean_shortcode_after_header":"","ocean_has_shortcode":"","ocean_shortcode_after_title":"","ocean_shortcode_before_footer_widgets":"","ocean_shortcode_after_footer_widgets":"","ocean_shortcode_before_footer_bottom":"","ocean_shortcode_after_footer_bottom":"","ocean_display_top_bar":"default","ocean_display_header":"default","ocean_header_style":"","ocean_center_header_left_menu":"","ocean_custom_header_template":"","ocean_custom_logo":0,"ocean_custom_retina_logo":0,"ocean_custom_logo_max_width":0,"ocean_custom_logo_tablet_max_width":0,"ocean_custom_logo_mobile_max_width":0,"ocean_custom_logo_max_height":0,"ocean_custom_logo_tablet_max_height":0,"ocean_custom_logo_mobile_max_height":0,"ocean_header_custom_menu":"","ocean_menu_typo_font_family":"","ocean_menu_typo_font_subset":"","ocean_menu_typo_font_size":0,"ocean_menu_typo_font_size_tablet":0,"ocean_menu_typo_font_size_mobile":0,"ocean_menu_typo_font_size_unit":"px","ocean_menu_typo_font_weight":"","ocean_menu_typo_font_weight_tablet":"","ocean_menu_typo_font_weight_mobile":"","ocean_menu_typo_transform":"","ocean_menu_typo_transform_tablet":"","ocean_menu_typo_transform_mobile":"","ocean_menu_typo_line_height":0,"ocean_menu_typo_line_height_tablet":0,"ocean_menu_typo_line_height_mobile":0,"ocean_menu_typo_line_height_unit":"","ocean_menu_typo_spacing":0,"ocean_menu_typo_spacing_tablet":0,"ocean_menu_typo_spacing_mobile":0,"ocean_menu_typo_spacing_unit":"","ocean_menu_link_color":"","ocean_menu_link_color_hover":"","ocean_menu_link_color_active":"","ocean_menu_link_background":"","ocean_menu_link_hover_background":"","ocean_menu_link_active_background":"","ocean_menu_social_links_bg":"","ocean_menu_social_hover_links_bg":"","ocean_menu_social_links_color":"","ocean_menu_social_hover_links_color":"","ocean_disable_title":"default","ocean_disable_heading":"default","ocean_post_title":"","ocean_post_subheading":"","ocean_post_title_style":"","ocean_post_title_background_color":"","ocean_post_title_background":0,"ocean_post_title_bg_image_position":"","ocean_post_title_bg_image_attachment":"","ocean_post_title_bg_image_repeat":"","ocean_post_title_bg_image_size":"","ocean_post_title_height":0,"ocean_post_title_bg_overlay":0.5,"ocean_post_title_bg_overlay_color":"","ocean_disable_breadcrumbs":"default","ocean_breadcrumbs_color":"","ocean_breadcrumbs_separator_color":"","ocean_breadcrumbs_links_color":"","ocean_breadcrumbs_links_hover_color":"","ocean_display_footer_widgets":"default","ocean_display_footer_bottom":"default","ocean_custom_footer_template":"","ocean_post_oembed":"","ocean_post_self_hosted_media":"","ocean_post_video_embed":"","ocean_link_format":"","ocean_link_format_target":"self","ocean_quote_format":"","ocean_quote_format_link":"post","ocean_gallery_link_images":"on","ocean_gallery_id":[]},"categories":[9],"tags":[55,582,927,75,4,108],"acf":[],"_links":{"self":[{"href":"https:\/\/www.simepe.com.br\/novo\/wp-json\/wp\/v2\/posts\/46334"}],"collection":[{"href":"https:\/\/www.simepe.com.br\/novo\/wp-json\/wp\/v2\/posts"}],"about":[{"href":"https:\/\/www.simepe.com.br\/novo\/wp-json\/wp\/v2\/types\/post"}],"author":[{"embeddable":true,"href":"https:\/\/www.simepe.com.br\/novo\/wp-json\/wp\/v2\/users\/1"}],"replies":[{"embeddable":true,"href":"https:\/\/www.simepe.com.br\/novo\/wp-json\/wp\/v2\/comments?post=46334"}],"version-history":[{"count":1,"href":"https:\/\/www.simepe.com.br\/novo\/wp-json\/wp\/v2\/posts\/46334\/revisions"}],"predecessor-version":[{"id":46335,"href":"https:\/\/www.simepe.com.br\/novo\/wp-json\/wp\/v2\/posts\/46334\/revisions\/46335"}],"wp:attachment":[{"href":"https:\/\/www.simepe.com.br\/novo\/wp-json\/wp\/v2\/media?parent=46334"}],"wp:term":[{"taxonomy":"category","embeddable":true,"href":"https:\/\/www.simepe.com.br\/novo\/wp-json\/wp\/v2\/categories?post=46334"},{"taxonomy":"post_tag","embeddable":true,"href":"https:\/\/www.simepe.com.br\/novo\/wp-json\/wp\/v2\/tags?post=46334"}],"curies":[{"name":"wp","href":"https:\/\/api.w.org\/{rel}","templated":true}]}}