{"id":46348,"date":"2018-05-22T09:55:16","date_gmt":"2018-05-22T12:55:16","guid":{"rendered":"http:\/\/www.simepe.com.br\/novo\/?p=46348"},"modified":"2018-05-22T09:55:16","modified_gmt":"2018-05-22T12:55:16","slug":"cremepe-mppe-e-apevisa-voltam-a-fiscalizar-o-hospital-de-belo-jardim","status":"publish","type":"post","link":"https:\/\/www.simepe.com.br\/novo\/cremepe-mppe-e-apevisa-voltam-a-fiscalizar-o-hospital-de-belo-jardim\/","title":{"rendered":"Cremepe, MPPE e Apevisa voltam a fiscalizar o Hospital de Belo Jardim"},"content":{"rendered":"<p style=\"text-align: justify;\">O Cremepe participou na manh\u00e3 desta ter\u00e7a-feira (15\/05) de uma a\u00e7\u00e3o conjunta com o Minist\u00e9rio P\u00fablico de Pernambuco (MPPE) e a Ag\u00eancia Pernambucana de Vigil\u00e2ncia Sanit\u00e1ria (Apevisa) em unidades de sa\u00fade p\u00fablicas e privadas de Belo Jardim que fica a 184 km do Recife. A a\u00e7\u00e3o teve in\u00edcio na sede do MPPE, onde o grupo foi recebido pelo promotor da cidade Daniel Ata\u00edde Martins que fez um breve hist\u00f3rico da situa\u00e7\u00e3o.<\/p>\n<p style=\"text-align: justify;\">O objetivo desta a\u00e7\u00e3o foi de dar continuidade a um procedimento que existe no MPPE desde 2014, onde j\u00e1 foi firmado um Termo de Ajustamento e Conduta (TAC), al\u00e9m da constru\u00e7\u00e3o da Unidade de Pronto Atendimento (UPA) que \u00e9 anexa ao Hospital J\u00falio Alves de Lira. O promotor reafirmou que a vistoria \u00e9 para atualiza\u00e7\u00e3o das informa\u00e7\u00f5es relacionadas \u00e0s cirurgias, recursos humanos e tamb\u00e9m condi\u00e7\u00f5es de funcionamento \u2013 verificadas pela vigil\u00e2ncia.<\/p>\n<p style=\"text-align: justify;\"><strong>Hospital<\/strong> \u2013 Durante a vistoria foi verificado que a unidade est\u00e1 realizando cirurgias ginecol\u00f3gicas \u2013 ces\u00e1reas, curetagem, laqueaduras -, mas com pediatra apenas para evolu\u00e7\u00f5es. Conta com enfermeira obst\u00e9trica 24h, todos os dias da semana. Gestantes com parto normal s\u00e3o evolu\u00eddas pelo clinico e as de ces\u00e1reas s\u00e3o evolu\u00eddas pelo obstetra, este ano foram realizadas 147 cirurgias obst\u00e9tricas.<\/p>\n<p style=\"text-align: justify;\">As outras cirurgias est\u00e3o sendo realizadas atrav\u00e9s de um conv\u00eanio com um hospital privado da cidade para a realiza\u00e7\u00e3o de cerca de 1500 cirurgias, onde foram pactuadas 100 cirurgias por m\u00eas, mas por quest\u00f5es financeiras est\u00e3o sendo realizadas cerca de 70 cirurgias por m\u00eas. Os pacientes da cirurgia geral s\u00e3o triados pelos ambulat\u00f3rios das policl\u00ednicas.<\/p>\n<p style=\"text-align: justify;\">Sobre a escala de plant\u00e3o: h\u00e1 um m\u00e9dico plantonista respons\u00e1vel pelas intercorr\u00eancia e evolu\u00e7\u00f5es (24h). N\u00e3o tem diarista. S\u00e3o 56 leitos no total \u2013 12 de pediatria, 9 da obstetr\u00edcia, 4 da cirurgia masculina, 12 da cirurgia feminina, 12 clinica medica feminina, 7 clinica medica masculina. Tem raio x e laborat\u00f3rio. Est\u00e3o sendo implantados 9 leitos de retaguarda. No total, a unidade conta com 7 m\u00e9dicos, 8 enfermeiros, 56 t\u00e9cnicos de enfermagem, farmac\u00eautico, psic\u00f3logo. N\u00e3o tem fonoaudi\u00f3logo e nem fisioterapeuta.<\/p>\n<p style=\"text-align: justify;\"><strong>Unidade de Pronto Atendimento<\/strong> \u2013 A emerg\u00eancia do Hospital tem funcionado na UPA que funciona no mesmo pr\u00e9dio, apenas uma porta divide os dois servi\u00e7os, por isso, a fiscaliza\u00e7\u00e3o tamb\u00e9m vistoriou a emerg\u00eancia. Na UPA a escala esta completa com 25 m\u00e9dicos que s\u00e3o respons\u00e1veis pelos atendimentos de urg\u00eancia e transfer\u00eancias. A m\u00e9dia de atendimento \u00e9 de 350 pacientes nas 24h. O servi\u00e7o tem classifica\u00e7\u00e3o de risco.<\/p>\n<p style=\"text-align: justify;\"><strong>APEVISA<\/strong> \u2013 A vigil\u00e2ncia Sanit\u00e1ria verificou diversas irregularidades tais como medica\u00e7\u00f5es vencidas, aus\u00eancia de Controle de Infec\u00e7\u00e3o Hospitalar (CCIH). Na parte da limpeza os funcion\u00e1rios n\u00e3o tinham equipamentos de prote\u00e7\u00e3o e os produtos de uso dom\u00e9stico.<\/p>\n<p style=\"text-align: justify;\">Todas as irregularidades constatadas pelos \u00f3rg\u00e3os de fiscaliza\u00e7\u00e3o ser\u00e3o encaminhadas atrav\u00e9s do Relat\u00f3rio para o MPPE.<\/p>\n<p style=\"text-align: justify;\">\n<p style=\"text-align: justify;\">Fonte: Assessoria de Comunica\u00e7\u00e3o do Cremepe<\/p>\n","protected":false},"excerpt":{"rendered":"<p>O Cremepe participou na manh\u00e3 desta ter\u00e7a-feira (15\/05) de uma a\u00e7\u00e3o conjunta com o Minist\u00e9rio P\u00fablico de Pernambuco (MPPE) e a Ag\u00eancia Pernambucana de Vigil\u00e2ncia Sanit\u00e1ria (Apevisa) em unidades de sa\u00fade p\u00fablicas e privadas de Belo Jardim que fica a 184 km do Recife. A a\u00e7\u00e3o teve in\u00edcio na sede do MPPE, onde o grupo [&hellip;]<\/p>\n","protected":false},"author":1,"featured_media":0,"comment_status":"open","ping_status":"open","sticky":false,"template":"","format":"standard","meta":{"ocean_post_layout":"","ocean_both_sidebars_style":"","ocean_both_sidebars_content_width":0,"ocean_both_sidebars_sidebars_width":0,"ocean_sidebar":"","ocean_second_sidebar":"","ocean_disable_margins":"enable","ocean_add_body_class":"","ocean_shortcode_before_top_bar":"","ocean_shortcode_after_top_bar":"","ocean_shortcode_before_header":"","ocean_shortcode_after_header":"","ocean_has_shortcode":"","ocean_shortcode_after_title":"","ocean_shortcode_before_footer_widgets":"","ocean_shortcode_after_footer_widgets":"","ocean_shortcode_before_footer_bottom":"","ocean_shortcode_after_footer_bottom":"","ocean_display_top_bar":"default","ocean_display_header":"default","ocean_header_style":"","ocean_center_header_left_menu":"","ocean_custom_header_template":"","ocean_custom_logo":0,"ocean_custom_retina_logo":0,"ocean_custom_logo_max_width":0,"ocean_custom_logo_tablet_max_width":0,"ocean_custom_logo_mobile_max_width":0,"ocean_custom_logo_max_height":0,"ocean_custom_logo_tablet_max_height":0,"ocean_custom_logo_mobile_max_height":0,"ocean_header_custom_menu":"","ocean_menu_typo_font_family":"","ocean_menu_typo_font_subset":"","ocean_menu_typo_font_size":0,"ocean_menu_typo_font_size_tablet":0,"ocean_menu_typo_font_size_mobile":0,"ocean_menu_typo_font_size_unit":"px","ocean_menu_typo_font_weight":"","ocean_menu_typo_font_weight_tablet":"","ocean_menu_typo_font_weight_mobile":"","ocean_menu_typo_transform":"","ocean_menu_typo_transform_tablet":"","ocean_menu_typo_transform_mobile":"","ocean_menu_typo_line_height":0,"ocean_menu_typo_line_height_tablet":0,"ocean_menu_typo_line_height_mobile":0,"ocean_menu_typo_line_height_unit":"","ocean_menu_typo_spacing":0,"ocean_menu_typo_spacing_tablet":0,"ocean_menu_typo_spacing_mobile":0,"ocean_menu_typo_spacing_unit":"","ocean_menu_link_color":"","ocean_menu_link_color_hover":"","ocean_menu_link_color_active":"","ocean_menu_link_background":"","ocean_menu_link_hover_background":"","ocean_menu_link_active_background":"","ocean_menu_social_links_bg":"","ocean_menu_social_hover_links_bg":"","ocean_menu_social_links_color":"","ocean_menu_social_hover_links_color":"","ocean_disable_title":"default","ocean_disable_heading":"default","ocean_post_title":"","ocean_post_subheading":"","ocean_post_title_style":"","ocean_post_title_background_color":"","ocean_post_title_background":0,"ocean_post_title_bg_image_position":"","ocean_post_title_bg_image_attachment":"","ocean_post_title_bg_image_repeat":"","ocean_post_title_bg_image_size":"","ocean_post_title_height":0,"ocean_post_title_bg_overlay":0.5,"ocean_post_title_bg_overlay_color":"","ocean_disable_breadcrumbs":"default","ocean_breadcrumbs_color":"","ocean_breadcrumbs_separator_color":"","ocean_breadcrumbs_links_color":"","ocean_breadcrumbs_links_hover_color":"","ocean_display_footer_widgets":"default","ocean_display_footer_bottom":"default","ocean_custom_footer_template":"","ocean_post_oembed":"","ocean_post_self_hosted_media":"","ocean_post_video_embed":"","ocean_link_format":"","ocean_link_format_target":"self","ocean_quote_format":"","ocean_quote_format_link":"post","ocean_gallery_link_images":"on","ocean_gallery_id":[]},"categories":[9],"tags":[2217,55,1207,2861,105],"acf":[],"_links":{"self":[{"href":"https:\/\/www.simepe.com.br\/novo\/wp-json\/wp\/v2\/posts\/46348"}],"collection":[{"href":"https:\/\/www.simepe.com.br\/novo\/wp-json\/wp\/v2\/posts"}],"about":[{"href":"https:\/\/www.simepe.com.br\/novo\/wp-json\/wp\/v2\/types\/post"}],"author":[{"embeddable":true,"href":"https:\/\/www.simepe.com.br\/novo\/wp-json\/wp\/v2\/users\/1"}],"replies":[{"embeddable":true,"href":"https:\/\/www.simepe.com.br\/novo\/wp-json\/wp\/v2\/comments?post=46348"}],"version-history":[{"count":1,"href":"https:\/\/www.simepe.com.br\/novo\/wp-json\/wp\/v2\/posts\/46348\/revisions"}],"predecessor-version":[{"id":46349,"href":"https:\/\/www.simepe.com.br\/novo\/wp-json\/wp\/v2\/posts\/46348\/revisions\/46349"}],"wp:attachment":[{"href":"https:\/\/www.simepe.com.br\/novo\/wp-json\/wp\/v2\/media?parent=46348"}],"wp:term":[{"taxonomy":"category","embeddable":true,"href":"https:\/\/www.simepe.com.br\/novo\/wp-json\/wp\/v2\/categories?post=46348"},{"taxonomy":"post_tag","embeddable":true,"href":"https:\/\/www.simepe.com.br\/novo\/wp-json\/wp\/v2\/tags?post=46348"}],"curies":[{"name":"wp","href":"https:\/\/api.w.org\/{rel}","templated":true}]}}