{"id":46430,"date":"2018-05-24T21:17:26","date_gmt":"2018-05-25T00:17:26","guid":{"rendered":"http:\/\/www.simepe.com.br\/novo\/?p=46430"},"modified":"2018-06-07T11:07:08","modified_gmt":"2018-06-07T14:07:08","slug":"saude-mental-do-recife-pede-socorro","status":"publish","type":"post","link":"https:\/\/www.simepe.com.br\/novo\/saude-mental-do-recife-pede-socorro\/","title":{"rendered":"Sa\u00fade mental do Recife pede socorro"},"content":{"rendered":"<p style=\"text-align: justify;\">N\u00e3o \u00e9 de hoje que a precariedade prejudica o trabalho dos profissionais e o tratamento de pacientes na rede de sa\u00fade do Recife. Assim como em outros setores desta pasta municipal, os m\u00e9dicos que atendem \u00e0 rede de sa\u00fade mental da capital pernambucana tamb\u00e9m n\u00e3o suportam mais tanto descaso e desrespeito. A categoria se reuniu nesta ter\u00e7a-feira (23\/05), na sede do Simepe, com a dire\u00e7\u00e3o da entidade. O encontro foi comandado pelos diretores executivos Walber Steffano e Maria de Fatima Campos.<\/p>\n<p style=\"text-align: justify;\">Na oportunidade, o grupo discutiu as prec\u00e1rias condi\u00e7\u00f5es de trabalho as quais os profissionais s\u00e3o submetidos para realizar atendimento psiqui\u00e1trico nos Centros de Aten\u00e7\u00e3o Psicossociais (CAPs) da rede. Al\u00e9m disso, a categoria denunciou a falta de exames laboratoriais primordiais para o acompanhamento dos pacientes; de medica\u00e7\u00f5es importantes, como Diazepam e Clonazepam, que n\u00e3o tem nem previs\u00e3o de chegada; e aus\u00eancia de um transporte adequado para o servi\u00e7o. Al\u00e9m disso, os locais sofrem com a constante inseguran\u00e7a, inadequada regula\u00e7\u00e3o dos pacientes para refer\u00eancia e contra-refer\u00eancia, sem contar o n\u00famero de profissionais insuficiente para a demanda necess\u00e1ria.<\/p>\n<p style=\"text-align: justify;\">Ao final da AGE, os m\u00e9dicos deliberaram pela ades\u00e3o \u00e0 grande Assembleia Geral Extraordin\u00e1ria do dia 07 de junho, \u00e0s 19h, no audit\u00f3rio da Associa\u00e7\u00e3o M\u00e9dica de Pernambuco (AMPE), juntamente com os profissionais que atendem \u00e0s urg\u00eancias e emerg\u00eancias, al\u00e9m das maternidades. Al\u00e9m disso, o grupo tamb\u00e9m definiu o envio de um of\u00edcio \u00e0 Secretaria Municipal de Sa\u00fade em conjunto com a coordena\u00e7\u00e3o da rede de sa\u00fade mental do CAPs \u2013 com o intuito de discutir os problemas.<\/p>\n<p style=\"text-align: justify;\">\u201cN\u00f3s percebemos uma falta de estrutura, tanto do ponto de vista f\u00edsico quanto administrativo, ap\u00f3s relatos dos profissionais que atendem nos CAPs. Isso precisa ser discutido o mais brevemente com a gest\u00e3o municipal para atenuarmos os problemas desses pacientes, que sofrem continuamente\u201d, ressalta o diretor executivo Walber Steffano.<\/p>\n","protected":false},"excerpt":{"rendered":"<p>N\u00e3o \u00e9 de hoje que a precariedade prejudica o trabalho dos profissionais e o tratamento de pacientes na rede de sa\u00fade do Recife. Assim como em outros setores desta pasta municipal, os m\u00e9dicos que atendem \u00e0 rede de sa\u00fade mental da capital pernambucana tamb\u00e9m n\u00e3o suportam mais tanto descaso e desrespeito. A categoria se reuniu [&hellip;]<\/p>\n","protected":false},"author":1,"featured_media":46431,"comment_status":"open","ping_status":"open","sticky":false,"template":"","format":"standard","meta":{"ocean_post_layout":"","ocean_both_sidebars_style":"","ocean_both_sidebars_content_width":0,"ocean_both_sidebars_sidebars_width":0,"ocean_sidebar":"","ocean_second_sidebar":"","ocean_disable_margins":"enable","ocean_add_body_class":"","ocean_shortcode_before_top_bar":"","ocean_shortcode_after_top_bar":"","ocean_shortcode_before_header":"","ocean_shortcode_after_header":"","ocean_has_shortcode":"","ocean_shortcode_after_title":"","ocean_shortcode_before_footer_widgets":"","ocean_shortcode_after_footer_widgets":"","ocean_shortcode_before_footer_bottom":"","ocean_shortcode_after_footer_bottom":"","ocean_display_top_bar":"default","ocean_display_header":"default","ocean_header_style":"","ocean_center_header_left_menu":"","ocean_custom_header_template":"","ocean_custom_logo":0,"ocean_custom_retina_logo":0,"ocean_custom_logo_max_width":0,"ocean_custom_logo_tablet_max_width":0,"ocean_custom_logo_mobile_max_width":0,"ocean_custom_logo_max_height":0,"ocean_custom_logo_tablet_max_height":0,"ocean_custom_logo_mobile_max_height":0,"ocean_header_custom_menu":"","ocean_menu_typo_font_family":"","ocean_menu_typo_font_subset":"","ocean_menu_typo_font_size":0,"ocean_menu_typo_font_size_tablet":0,"ocean_menu_typo_font_size_mobile":0,"ocean_menu_typo_font_size_unit":"px","ocean_menu_typo_font_weight":"","ocean_menu_typo_font_weight_tablet":"","ocean_menu_typo_font_weight_mobile":"","ocean_menu_typo_transform":"","ocean_menu_typo_transform_tablet":"","ocean_menu_typo_transform_mobile":"","ocean_menu_typo_line_height":0,"ocean_menu_typo_line_height_tablet":0,"ocean_menu_typo_line_height_mobile":0,"ocean_menu_typo_line_height_unit":"","ocean_menu_typo_spacing":0,"ocean_menu_typo_spacing_tablet":0,"ocean_menu_typo_spacing_mobile":0,"ocean_menu_typo_spacing_unit":"","ocean_menu_link_color":"","ocean_menu_link_color_hover":"","ocean_menu_link_color_active":"","ocean_menu_link_background":"","ocean_menu_link_hover_background":"","ocean_menu_link_active_background":"","ocean_menu_social_links_bg":"","ocean_menu_social_hover_links_bg":"","ocean_menu_social_links_color":"","ocean_menu_social_hover_links_color":"","ocean_disable_title":"default","ocean_disable_heading":"default","ocean_post_title":"","ocean_post_subheading":"","ocean_post_title_style":"","ocean_post_title_background_color":"","ocean_post_title_background":0,"ocean_post_title_bg_image_position":"","ocean_post_title_bg_image_attachment":"","ocean_post_title_bg_image_repeat":"","ocean_post_title_bg_image_size":"","ocean_post_title_height":0,"ocean_post_title_bg_overlay":0.5,"ocean_post_title_bg_overlay_color":"","ocean_disable_breadcrumbs":"default","ocean_breadcrumbs_color":"","ocean_breadcrumbs_separator_color":"","ocean_breadcrumbs_links_color":"","ocean_breadcrumbs_links_hover_color":"","ocean_display_footer_widgets":"default","ocean_display_footer_bottom":"default","ocean_custom_footer_template":"","ocean_post_oembed":"","ocean_post_self_hosted_media":"","ocean_post_video_embed":"","ocean_link_format":"","ocean_link_format_target":"self","ocean_quote_format":"","ocean_quote_format_link":"post","ocean_gallery_link_images":"on","ocean_gallery_id":[]},"categories":[1],"tags":[],"acf":[],"_links":{"self":[{"href":"https:\/\/www.simepe.com.br\/novo\/wp-json\/wp\/v2\/posts\/46430"}],"collection":[{"href":"https:\/\/www.simepe.com.br\/novo\/wp-json\/wp\/v2\/posts"}],"about":[{"href":"https:\/\/www.simepe.com.br\/novo\/wp-json\/wp\/v2\/types\/post"}],"author":[{"embeddable":true,"href":"https:\/\/www.simepe.com.br\/novo\/wp-json\/wp\/v2\/users\/1"}],"replies":[{"embeddable":true,"href":"https:\/\/www.simepe.com.br\/novo\/wp-json\/wp\/v2\/comments?post=46430"}],"version-history":[{"count":1,"href":"https:\/\/www.simepe.com.br\/novo\/wp-json\/wp\/v2\/posts\/46430\/revisions"}],"predecessor-version":[{"id":46432,"href":"https:\/\/www.simepe.com.br\/novo\/wp-json\/wp\/v2\/posts\/46430\/revisions\/46432"}],"wp:featuredmedia":[{"embeddable":true,"href":"https:\/\/www.simepe.com.br\/novo\/wp-json\/wp\/v2\/media\/46431"}],"wp:attachment":[{"href":"https:\/\/www.simepe.com.br\/novo\/wp-json\/wp\/v2\/media?parent=46430"}],"wp:term":[{"taxonomy":"category","embeddable":true,"href":"https:\/\/www.simepe.com.br\/novo\/wp-json\/wp\/v2\/categories?post=46430"},{"taxonomy":"post_tag","embeddable":true,"href":"https:\/\/www.simepe.com.br\/novo\/wp-json\/wp\/v2\/tags?post=46430"}],"curies":[{"name":"wp","href":"https:\/\/api.w.org\/{rel}","templated":true}]}}