{"id":46436,"date":"2018-05-25T08:13:29","date_gmt":"2018-05-25T11:13:29","guid":{"rendered":"http:\/\/www.simepe.com.br\/novo\/?p=46436"},"modified":"2018-05-25T08:13:29","modified_gmt":"2018-05-25T11:13:29","slug":"transplantes-negativa-familiar-sobe-para-52","status":"publish","type":"post","link":"https:\/\/www.simepe.com.br\/novo\/transplantes-negativa-familiar-sobe-para-52\/","title":{"rendered":"Transplantes: negativa familiar sobe para 52%"},"content":{"rendered":"<p style=\"text-align: justify;\">Em 2017, ano de maior n\u00famero de transplantes da hist\u00f3ria de Pernambuco, foram entrevistadas 341 fam\u00edlias de potenciais doadores de \u00f3rg\u00e3os e tecidos. Desse total, 188 autorizaram a doa\u00e7\u00e3o (57%) e 150 recusaram (43%). J\u00e1 neste ano, at\u00e9 o m\u00eas de abril, o percentual de recusas est\u00e1 maior do que o das autoriza\u00e7\u00f5es: foram 48 doa\u00e7\u00f5es (48%) e 53 negativas familiares (52%). Os dados chamam a aten\u00e7\u00e3o da Central de Transplantes de Pernambuco (CT-PE), que tem investido na capacita\u00e7\u00e3o dos profissionais envolvidos no processo para qualificar o diagn\u00f3stico da morte encef\u00e1lica e o acolhimento das fam\u00edlias, para que elas possam ter os subs\u00eddios necess\u00e1rios para exercer seu direito de doar \u00f3rg\u00e3os.<\/p>\n<p style=\"text-align: justify;\">Nesta quinta-feira (24.05), das 8h \u00e0s 12h, a Central de Transplantes re\u00fane profissionais de sa\u00fade no curso de atualiza\u00e7\u00e3o sobre morte encef\u00e1lica e doa\u00e7\u00e3o de \u00f3rg\u00e3os. O evento, que tamb\u00e9m marca a abertura oficial da Campanha Estadual de Doa\u00e7\u00e3o de \u00d3rg\u00e3os e Tecidos para Transplantes, ocorre no audit\u00f3rio da Secretaria Estadual de Sa\u00fade (SES), no Bongi.<\/p>\n<p style=\"text-align: justify;\">\u201cA recusa familiar pode ser um reflexo da falta de informa\u00e7\u00e3o ou dos mitos que rodeiam a doa\u00e7\u00e3o de \u00f3rg\u00e3os e tecidos. Por isso, precisamos, permanentemente, divulgar a import\u00e2ncia do ato e incentivar que a popula\u00e7\u00e3o converse sobre o assunto em casa e externe ainda em vida seu desejo de doar. A doa\u00e7\u00e3o n\u00e3o mutila o corpo do doador, que \u00e9 entregue \u00edntegro para a fam\u00edlia realizar suas cerim\u00f4nias de despedida. Uma \u00fanica pessoa pode tirar outras sete da fila de espera, o que mostra a import\u00e2ncia desse ato\u201d, afirma a coordenadora da CT-PE, Noemy Gomes. \u201cTemos equipes captadoras e transplantadoras treinadas e prontas para realizar os procedimentos necess\u00e1rios, mas precisamos da doa\u00e7\u00e3o para que um transplante seja efetivado\u201d, pontua Noemy.<\/p>\n<p style=\"text-align: justify;\">Entre janeiro de abril deste ano, foram realizados 540 transplantes de \u00f3rg\u00e3os e tecidos em Pernambuco. O quantitativo est\u00e1 3,7% menor do que o mesmo per\u00edodo de 2017, com 561 procedimentos. \u201cA diminui\u00e7\u00e3o \u00e9 pequena, mas j\u00e1 nos deixa atentos para buscarmos alternativas para ampliar as doa\u00e7\u00f5es no Estado. Desde o final de 2017, com as mudan\u00e7as no diagn\u00f3stico da morte encef\u00e1lica, estamos intensificando as capacita\u00e7\u00f5es com as equipes hospitalares, que s\u00e3o essenciais para que haja o sucesso em todo o processo. Esse novo protocolo de determina\u00e7\u00e3o da morte encef\u00e1lica foi atualizado seguindo as boas pr\u00e1ticas internacionais, garantindo seguran\u00e7a \u00e0 confirma\u00e7\u00e3o e o acesso ao diagn\u00f3stico, uma vez que ampliou o leque de profissionais aptos para esse diagn\u00f3stico\u201d, refor\u00e7a Noemy Gomes.<\/p>\n<p style=\"text-align: justify;\">A morte encef\u00e1lica acontece quando o c\u00e9rebro perde a capacidade de comandar as fun\u00e7\u00f5es do corpo, como consequ\u00eancia de uma les\u00e3o conhecida e comprovada. Na morte encef\u00e1lica, o indiv\u00edduo pode ser doador de \u00f3rg\u00e3os e tecidos (cora\u00e7\u00e3o, rins, p\u00e2ncreas, f\u00edgado e c\u00f3rneas). De acordo com as novas normas, ela pode ser diagnosticada por mais especialidades m\u00e9dicas, al\u00e9m da neurologia. A resolu\u00e7\u00e3o prev\u00ea, ainda, que os procedimentos para a determina\u00e7\u00e3o da morte encef\u00e1lica devem ser iniciados em todos os pacientes que apresentem coma n\u00e3o perceptivo, aus\u00eancia de reatividade supraespinhal e apneia persistente.<\/p>\n<p style=\"text-align: justify;\">Na pr\u00f3xima ter\u00e7a-feira (29.05), na UPE Petrolina, a Central de Transplantes, em parceria com o Cremepe, realiza o curso de determina\u00e7\u00e3o de morte encef\u00e1lica para m\u00e9dicos da regi\u00e3o, seguindo o compromisso do programa de educa\u00e7\u00e3o permanente sobre o processo de doa\u00e7\u00e3o para profissionais de sa\u00fade.<\/p>\n<p style=\"text-align: justify;\">DADOS \u2013 Dos 540 transplantes realizados at\u00e9 abril deste ano, 264 foram de c\u00f3rnea (308 em 2017, redu\u00e7\u00e3o de 14%), 143 de rim (115 em 2017 \u2013 crescimento de 24%), 73 de medula \u00f3ssea (70 em 2017 \u2013 aumento de 4%), 42 de f\u00edgado (41 em 2017 \u2013 2% de acr\u00e9scimo) e 18 de cora\u00e7\u00e3o (21 em 2017 \u2013 queda de 14%). Em 2017, no mesmo per\u00edodo, ainda ocorreram 3 transplantes de rim\/p\u00e2ncreas, 1 de f\u00edgado\/rim e 2 de v\u00e1lvula card\u00edaca.<\/p>\n<p style=\"text-align: justify;\">A fila de espera totaliza 990 pacientes, sendo 787 aguardando um rim, 98 de f\u00edgado, 56 de c\u00f3rnea, 14 de cora\u00e7\u00e3o e 5 de rim\/p\u00e2ncreas. \u00c9 importante ressaltar que, desde 2017, Pernambuco possui o status de c\u00f3rnea zero. Isso significa que o paciente, depois de realizar os exames necess\u00e1rios para ser inscrito na fila de espera, faz o transplante em at\u00e9 30 dias.<\/p>\n<p style=\"text-align: justify;\"><strong>RANKING NACIONAL<\/strong> \u2013 De acordo com o balan\u00e7o de 2017 da Associa\u00e7\u00e3o Brasileira de Transplantes de \u00d3rg\u00e3os (ABTO), divulgado no \u00faltimo m\u00eas de mar\u00e7o, Pernambuco ficou em primeiro lugar do Norte e Nordeste no n\u00famero de procedimentos de cora\u00e7\u00e3o, rim, p\u00e2ncreas, c\u00f3rnea e medula \u00f3ssea, que, juntos, totalizam mais de 1,6 mil pessoas transplantadas no ano passado. O Estado ainda figura na segunda coloca\u00e7\u00e3o do Brasil no caso do cora\u00e7\u00e3o.<\/p>\n<p style=\"text-align: justify;\">\n<p style=\"text-align: justify;\">Fonte: Assessoria de Comunica\u00e7\u00e3o da Secretaria Estadual de Sa\u00fade (SES)<\/p>\n","protected":false},"excerpt":{"rendered":"<p>Em 2017, ano de maior n\u00famero de transplantes da hist\u00f3ria de Pernambuco, foram entrevistadas 341 fam\u00edlias de potenciais doadores de \u00f3rg\u00e3os e tecidos. Desse total, 188 autorizaram a doa\u00e7\u00e3o (57%) e 150 recusaram (43%). J\u00e1 neste ano, at\u00e9 o m\u00eas de abril, o percentual de recusas est\u00e1 maior do que o das autoriza\u00e7\u00f5es: foram 48 [&hellip;]<\/p>\n","protected":false},"author":1,"featured_media":0,"comment_status":"open","ping_status":"open","sticky":false,"template":"","format":"standard","meta":{"ocean_post_layout":"","ocean_both_sidebars_style":"","ocean_both_sidebars_content_width":0,"ocean_both_sidebars_sidebars_width":0,"ocean_sidebar":"","ocean_second_sidebar":"","ocean_disable_margins":"enable","ocean_add_body_class":"","ocean_shortcode_before_top_bar":"","ocean_shortcode_after_top_bar":"","ocean_shortcode_before_header":"","ocean_shortcode_after_header":"","ocean_has_shortcode":"","ocean_shortcode_after_title":"","ocean_shortcode_before_footer_widgets":"","ocean_shortcode_after_footer_widgets":"","ocean_shortcode_before_footer_bottom":"","ocean_shortcode_after_footer_bottom":"","ocean_display_top_bar":"default","ocean_display_header":"default","ocean_header_style":"","ocean_center_header_left_menu":"","ocean_custom_header_template":"","ocean_custom_logo":0,"ocean_custom_retina_logo":0,"ocean_custom_logo_max_width":0,"ocean_custom_logo_tablet_max_width":0,"ocean_custom_logo_mobile_max_width":0,"ocean_custom_logo_max_height":0,"ocean_custom_logo_tablet_max_height":0,"ocean_custom_logo_mobile_max_height":0,"ocean_header_custom_menu":"","ocean_menu_typo_font_family":"","ocean_menu_typo_font_subset":"","ocean_menu_typo_font_size":0,"ocean_menu_typo_font_size_tablet":0,"ocean_menu_typo_font_size_mobile":0,"ocean_menu_typo_font_size_unit":"px","ocean_menu_typo_font_weight":"","ocean_menu_typo_font_weight_tablet":"","ocean_menu_typo_font_weight_mobile":"","ocean_menu_typo_transform":"","ocean_menu_typo_transform_tablet":"","ocean_menu_typo_transform_mobile":"","ocean_menu_typo_line_height":0,"ocean_menu_typo_line_height_tablet":0,"ocean_menu_typo_line_height_mobile":0,"ocean_menu_typo_line_height_unit":"","ocean_menu_typo_spacing":0,"ocean_menu_typo_spacing_tablet":0,"ocean_menu_typo_spacing_mobile":0,"ocean_menu_typo_spacing_unit":"","ocean_menu_link_color":"","ocean_menu_link_color_hover":"","ocean_menu_link_color_active":"","ocean_menu_link_background":"","ocean_menu_link_hover_background":"","ocean_menu_link_active_background":"","ocean_menu_social_links_bg":"","ocean_menu_social_hover_links_bg":"","ocean_menu_social_links_color":"","ocean_menu_social_hover_links_color":"","ocean_disable_title":"default","ocean_disable_heading":"default","ocean_post_title":"","ocean_post_subheading":"","ocean_post_title_style":"","ocean_post_title_background_color":"","ocean_post_title_background":0,"ocean_post_title_bg_image_position":"","ocean_post_title_bg_image_attachment":"","ocean_post_title_bg_image_repeat":"","ocean_post_title_bg_image_size":"","ocean_post_title_height":0,"ocean_post_title_bg_overlay":0.5,"ocean_post_title_bg_overlay_color":"","ocean_disable_breadcrumbs":"default","ocean_breadcrumbs_color":"","ocean_breadcrumbs_separator_color":"","ocean_breadcrumbs_links_color":"","ocean_breadcrumbs_links_hover_color":"","ocean_display_footer_widgets":"default","ocean_display_footer_bottom":"default","ocean_custom_footer_template":"","ocean_post_oembed":"","ocean_post_self_hosted_media":"","ocean_post_video_embed":"","ocean_link_format":"","ocean_link_format_target":"self","ocean_quote_format":"","ocean_quote_format_link":"post","ocean_gallery_link_images":"on","ocean_gallery_id":[]},"categories":[9],"tags":[411,82,24,711],"acf":[],"_links":{"self":[{"href":"https:\/\/www.simepe.com.br\/novo\/wp-json\/wp\/v2\/posts\/46436"}],"collection":[{"href":"https:\/\/www.simepe.com.br\/novo\/wp-json\/wp\/v2\/posts"}],"about":[{"href":"https:\/\/www.simepe.com.br\/novo\/wp-json\/wp\/v2\/types\/post"}],"author":[{"embeddable":true,"href":"https:\/\/www.simepe.com.br\/novo\/wp-json\/wp\/v2\/users\/1"}],"replies":[{"embeddable":true,"href":"https:\/\/www.simepe.com.br\/novo\/wp-json\/wp\/v2\/comments?post=46436"}],"version-history":[{"count":1,"href":"https:\/\/www.simepe.com.br\/novo\/wp-json\/wp\/v2\/posts\/46436\/revisions"}],"predecessor-version":[{"id":46437,"href":"https:\/\/www.simepe.com.br\/novo\/wp-json\/wp\/v2\/posts\/46436\/revisions\/46437"}],"wp:attachment":[{"href":"https:\/\/www.simepe.com.br\/novo\/wp-json\/wp\/v2\/media?parent=46436"}],"wp:term":[{"taxonomy":"category","embeddable":true,"href":"https:\/\/www.simepe.com.br\/novo\/wp-json\/wp\/v2\/categories?post=46436"},{"taxonomy":"post_tag","embeddable":true,"href":"https:\/\/www.simepe.com.br\/novo\/wp-json\/wp\/v2\/tags?post=46436"}],"curies":[{"name":"wp","href":"https:\/\/api.w.org\/{rel}","templated":true}]}}