{"id":46444,"date":"2018-05-25T08:22:10","date_gmt":"2018-05-25T11:22:10","guid":{"rendered":"http:\/\/www.simepe.com.br\/novo\/?p=46444"},"modified":"2018-05-25T08:22:10","modified_gmt":"2018-05-25T11:22:10","slug":"enem-deve-reunir-mais-de-300-liderancas-medicas-na-proxima-semana-em-brasilia","status":"publish","type":"post","link":"https:\/\/www.simepe.com.br\/novo\/enem-deve-reunir-mais-de-300-liderancas-medicas-na-proxima-semana-em-brasilia\/","title":{"rendered":"Enem deve reunir mais de 300 lideran\u00e7as m\u00e9dicas na pr\u00f3xima semana em Bras\u00edlia"},"content":{"rendered":"<p style=\"text-align: justify;\"><img src=\"https:\/\/i1.wp.com\/portalfmb.org.br\/wp-content\/uploads\/2018\/05\/posts.jpg?fit=770%2C770\" alt=\"\" \/><\/p>\n<p style=\"text-align: justify;\">Evento ser\u00e1 transmitido ao vivo pela internet <a href=\"http:\/\/www.eventos.cfm.org.br\/\">neste link<\/a><\/p>\n<p style=\"text-align: justify;\">O presidente da Federa\u00e7\u00e3o M\u00e9dica Brasileira (FMB), Waldir Ara\u00fajo Cardoso, representou a entidade nesta ter\u00e7a-feira (22\/05) na \u00faltima reuni\u00e3o da coordena\u00e7\u00e3o do 13\u00ba Encontro Nacional de Entidades M\u00e9dicas (Enem), evento que ser\u00e1 realizado dos dias 29 e 30 de maio, na sede da Associa\u00e7\u00e3o M\u00e9dica (AMBr), em Bras\u00edlia. O Encontro discutir\u00e1 os rumos e prioridades do movimento m\u00e9dico nacional.<\/p>\n<p style=\"text-align: justify;\">Os coordenadores afinaram os \u00faltimos pontos do evento e confirmaram a participa\u00e7\u00e3o de pelo menos 350 delegados de todas as regi\u00f5es do pa\u00eds, que ser\u00e3o representantes do Conselho Federal de Medicina (CFM), Associa\u00e7\u00e3o M\u00e9dica Brasileira (AMB), Federa\u00e7\u00e3o M\u00e9dica Brasileira (FMB) e Federa\u00e7\u00e3o Nacional dos M\u00e9dicos (Fenam). Tamb\u00e9m foi ratificada a transmiss\u00e3o do Enem online.<\/p>\n<p style=\"text-align: justify;\">\u201cO Enem vai consolidar a articula\u00e7\u00e3o e unidade de a\u00e7\u00e3o das entidades m\u00e9dicas nas elei\u00e7\u00f5es deste ano. Vamos apresentar aos pol\u00edticos candidatos aos executivos e legislativos a pauta dos m\u00e9dicos, resultado do Enem, e buscar compromet\u00ea-los com nossos objetivos\u201d, comenta o presidente da FMB.<\/p>\n<p style=\"text-align: justify;\">Confira os eixos do XIII ENEM 2018:<br \/>\n<em>1. Forma\u00e7\u00e3o M\u00e9dica<\/em><br \/>\n<em>Gradua\u00e7\u00e3o<\/em><br \/>\n<em>P\u00f3s-Gradua\u00e7\u00e3o<\/em><br \/>\n<em>Exames de Avalia\u00e7\u00e3o para o Exerc\u00edcio Profissional<\/em><\/p>\n<p style=\"text-align: justify;\">\n<em>2. Mercado de Trabalho do M\u00e9dico <\/em><br \/>\n<em>Presta\u00e7\u00e3o de Trabalho no SUS<\/em><br \/>\n<em>Como o Mais M\u00e9dicos Impacta o Mercado de Trabalho?<\/em><br \/>\n<em>Sistema Suplementar de Sa\u00fade<\/em><\/p>\n<p style=\"text-align: justify;\">\n<em>3. Assist\u00eancia M\u00e9dica \u00e0 Sa\u00fade no Brasil<\/em><br \/>\n<em>Modelos de Gest\u00e3o de Sistemas de Sa\u00fade; <\/em><br \/>\n<em>Financiamento<\/em><br \/>\n<em>ANS e a Assist\u00eancia M\u00e9dica<\/em><\/p>\n<p style=\"text-align: justify;\">\n<p style=\"text-align: justify;\">Fonte: Assessoria de Comunica\u00e7\u00e3o da Federa\u00e7\u00e3o M\u00e9dica Brasileira (FMB)<\/p>\n","protected":false},"excerpt":{"rendered":"<p>Evento ser\u00e1 transmitido ao vivo pela internet neste link O presidente da Federa\u00e7\u00e3o M\u00e9dica Brasileira (FMB), Waldir Ara\u00fajo Cardoso, representou a entidade nesta ter\u00e7a-feira (22\/05) na \u00faltima reuni\u00e3o da coordena\u00e7\u00e3o do 13\u00ba Encontro Nacional de Entidades M\u00e9dicas (Enem), evento que ser\u00e1 realizado dos dias 29 e 30 de maio, na sede da Associa\u00e7\u00e3o M\u00e9dica (AMBr), [&hellip;]<\/p>\n","protected":false},"author":1,"featured_media":0,"comment_status":"open","ping_status":"open","sticky":false,"template":"","format":"standard","meta":{"ocean_post_layout":"","ocean_both_sidebars_style":"","ocean_both_sidebars_content_width":0,"ocean_both_sidebars_sidebars_width":0,"ocean_sidebar":"","ocean_second_sidebar":"","ocean_disable_margins":"enable","ocean_add_body_class":"","ocean_shortcode_before_top_bar":"","ocean_shortcode_after_top_bar":"","ocean_shortcode_before_header":"","ocean_shortcode_after_header":"","ocean_has_shortcode":"","ocean_shortcode_after_title":"","ocean_shortcode_before_footer_widgets":"","ocean_shortcode_after_footer_widgets":"","ocean_shortcode_before_footer_bottom":"","ocean_shortcode_after_footer_bottom":"","ocean_display_top_bar":"default","ocean_display_header":"default","ocean_header_style":"","ocean_center_header_left_menu":"","ocean_custom_header_template":"","ocean_custom_logo":0,"ocean_custom_retina_logo":0,"ocean_custom_logo_max_width":0,"ocean_custom_logo_tablet_max_width":0,"ocean_custom_logo_mobile_max_width":0,"ocean_custom_logo_max_height":0,"ocean_custom_logo_tablet_max_height":0,"ocean_custom_logo_mobile_max_height":0,"ocean_header_custom_menu":"","ocean_menu_typo_font_family":"","ocean_menu_typo_font_subset":"","ocean_menu_typo_font_size":0,"ocean_menu_typo_font_size_tablet":0,"ocean_menu_typo_font_size_mobile":0,"ocean_menu_typo_font_size_unit":"px","ocean_menu_typo_font_weight":"","ocean_menu_typo_font_weight_tablet":"","ocean_menu_typo_font_weight_mobile":"","ocean_menu_typo_transform":"","ocean_menu_typo_transform_tablet":"","ocean_menu_typo_transform_mobile":"","ocean_menu_typo_line_height":0,"ocean_menu_typo_line_height_tablet":0,"ocean_menu_typo_line_height_mobile":0,"ocean_menu_typo_line_height_unit":"","ocean_menu_typo_spacing":0,"ocean_menu_typo_spacing_tablet":0,"ocean_menu_typo_spacing_mobile":0,"ocean_menu_typo_spacing_unit":"","ocean_menu_link_color":"","ocean_menu_link_color_hover":"","ocean_menu_link_color_active":"","ocean_menu_link_background":"","ocean_menu_link_hover_background":"","ocean_menu_link_active_background":"","ocean_menu_social_links_bg":"","ocean_menu_social_hover_links_bg":"","ocean_menu_social_links_color":"","ocean_menu_social_hover_links_color":"","ocean_disable_title":"default","ocean_disable_heading":"default","ocean_post_title":"","ocean_post_subheading":"","ocean_post_title_style":"","ocean_post_title_background_color":"","ocean_post_title_background":0,"ocean_post_title_bg_image_position":"","ocean_post_title_bg_image_attachment":"","ocean_post_title_bg_image_repeat":"","ocean_post_title_bg_image_size":"","ocean_post_title_height":0,"ocean_post_title_bg_overlay":0.5,"ocean_post_title_bg_overlay_color":"","ocean_disable_breadcrumbs":"default","ocean_breadcrumbs_color":"","ocean_breadcrumbs_separator_color":"","ocean_breadcrumbs_links_color":"","ocean_breadcrumbs_links_hover_color":"","ocean_display_footer_widgets":"default","ocean_display_footer_bottom":"default","ocean_custom_footer_template":"","ocean_post_oembed":"","ocean_post_self_hosted_media":"","ocean_post_video_embed":"","ocean_link_format":"","ocean_link_format_target":"self","ocean_quote_format":"","ocean_quote_format_link":"post","ocean_gallery_link_images":"on","ocean_gallery_id":[]},"categories":[9],"tags":[2805,2033,75],"acf":[],"_links":{"self":[{"href":"https:\/\/www.simepe.com.br\/novo\/wp-json\/wp\/v2\/posts\/46444"}],"collection":[{"href":"https:\/\/www.simepe.com.br\/novo\/wp-json\/wp\/v2\/posts"}],"about":[{"href":"https:\/\/www.simepe.com.br\/novo\/wp-json\/wp\/v2\/types\/post"}],"author":[{"embeddable":true,"href":"https:\/\/www.simepe.com.br\/novo\/wp-json\/wp\/v2\/users\/1"}],"replies":[{"embeddable":true,"href":"https:\/\/www.simepe.com.br\/novo\/wp-json\/wp\/v2\/comments?post=46444"}],"version-history":[{"count":1,"href":"https:\/\/www.simepe.com.br\/novo\/wp-json\/wp\/v2\/posts\/46444\/revisions"}],"predecessor-version":[{"id":46445,"href":"https:\/\/www.simepe.com.br\/novo\/wp-json\/wp\/v2\/posts\/46444\/revisions\/46445"}],"wp:attachment":[{"href":"https:\/\/www.simepe.com.br\/novo\/wp-json\/wp\/v2\/media?parent=46444"}],"wp:term":[{"taxonomy":"category","embeddable":true,"href":"https:\/\/www.simepe.com.br\/novo\/wp-json\/wp\/v2\/categories?post=46444"},{"taxonomy":"post_tag","embeddable":true,"href":"https:\/\/www.simepe.com.br\/novo\/wp-json\/wp\/v2\/tags?post=46444"}],"curies":[{"name":"wp","href":"https:\/\/api.w.org\/{rel}","templated":true}]}}