{"id":46500,"date":"2018-05-29T09:39:31","date_gmt":"2018-05-29T12:39:31","guid":{"rendered":"http:\/\/www.simepe.com.br\/novo\/?p=46500"},"modified":"2018-05-29T09:39:31","modified_gmt":"2018-05-29T12:39:31","slug":"diagnostico-precoce-pode-evitar-cegueira-pelo-glaucoma","status":"publish","type":"post","link":"https:\/\/www.simepe.com.br\/novo\/diagnostico-precoce-pode-evitar-cegueira-pelo-glaucoma\/","title":{"rendered":"Diagn\u00f3stico precoce pode evitar cegueira pelo glaucoma"},"content":{"rendered":"<p style=\"text-align: justify;\">Essa \u00e9 uma doen\u00e7a silenciosa do nervo \u00f3ptico, que \u00e9 o caminho de condu\u00e7\u00e3o do est\u00edmulo luminoso captado pelo olho at\u00e9 o c\u00e9rebro<\/p>\n<p style=\"text-align: justify;\">Alguns dos principais monumentos do pa\u00eds ser\u00e3o iluminados de verde neste s\u00e1bado (26) para lembrar o Dia Nacional de Combate ao Glaucoma. Essa \u00e9 uma doen\u00e7a silenciosa do nervo \u00f3ptico, que \u00e9 o caminho de condu\u00e7\u00e3o do est\u00edmulo luminoso captado pelo olho at\u00e9 o c\u00e9rebro. \u201cSe a gente tem uma doen\u00e7a que atinge fibras desse nervo, o resultado final \u00e9 um preju\u00edzo da vis\u00e3o\u201d, disse o m\u00e9dico Bruno Esporcatte, membro do Conselho Brasileiro de Oftalmologia e representante da Sociedade Brasileira de Glaucoma no Rio de Janeiro.<\/p>\n<p style=\"text-align: justify;\">Segundo ele, muita gente confunde o glaucoma com a quest\u00e3o da press\u00e3o intraocular aumentada. Esse \u00e9 um fator de risco para o desenvolvimento do glaucoma e, em consequ\u00eancia, para a perda da vis\u00e3o. Como n\u00e3o apresentam sintomas muito n\u00edtidos ou \u201cexuberantes\u201d da doen\u00e7a, disse Esporcatte, muitas pessoas n\u00e3o sentem nada. Quando come\u00e7am a sentir alguma coisa, \u00e9 porque o glaucoma est\u00e1 em est\u00e1gio bem avan\u00e7ado. \u201cA gente n\u00e3o pode esperar o paciente sentir alguma coisa para come\u00e7ar a tratar. O ideal \u00e9 que o diagn\u00f3stico seja feito de maneira precoce\u201d.<\/p>\n<p style=\"text-align: justify;\">Uma campanha de combate \u00e0 doen\u00e7a est\u00e1 sendo feita em todo o pa\u00eds e se estender\u00e1 at\u00e9 o final deste m\u00eas. O objetivo \u00e9 lembrar \u00e0 popula\u00e7\u00e3o que ela precisa procurar o oftalmologista para fazer um exame regular sobre a perspectiva de glaucoma. Isso se aplica, especialmente, \u00e0quelas pessoas que apresentam fatores de risco para o desenvolvimento da doen\u00e7a.<\/p>\n<p style=\"text-align: justify;\"><strong>Fatores de risco<\/strong><\/p>\n<p style=\"text-align: justify;\">Entre os fatores de risco, Bruno Esporcatte destacou os pacientes acima de 40 anos de idade, os que t\u00eam hist\u00f3rico familiar de parentes em primeiro grau com a patologia &#8211; o que aumenta de tr\u00eas a cinco vezes a chance de desenvolver a doen\u00e7a &#8211; pacientes negros e pacientes com alta miopia, acima de 6 graus. \u201cA campanha \u00e9 para lembrar, especialmente a essas pessoas com fatores de risco, que elas devem procurar o oftalmologista e fazer uma avalia\u00e7\u00e3o\u201d. Deve ser medida a press\u00e3o intraocular e feita uma avalia\u00e7\u00e3o do nervo \u00f3ptico, por meio do exame de fundo de olho, para ver se h\u00e1 alguma les\u00e3o no local e, a partir da\u00ed, iniciar um tratamento regular.<\/p>\n<p style=\"text-align: justify;\">O glaucoma pode afetar pessoas de qualquer idade mas \u00e9 mais comum nos pacientes idosos, ap\u00f3s os 50 anos. Como a partir dos 40 as pessoas come\u00e7am a ter a chamada vista cansada, os especialistas recomendam que os adultos procurem o oftalmologista. N\u00e3o \u00e9 imposs\u00edvel, no entanto, que a patologia apare\u00e7a em pacientes mais jovens.<\/p>\n<p style=\"text-align: justify;\">O glaucoma se insere entre as principais causas de cegueira no mundo, juntamente com a catarata e a degenera\u00e7\u00e3o macular relacionada \u00e0 idade. Entre essas, a catarata \u00e9 revers\u00edvel. \u201cSe operar, o paciente melhora, recupera a vis\u00e3o\u201d. O mesmo n\u00e3o ocorre com o glaucoma, que \u00e9 a segunda causa de perda de vis\u00e3o, mas \u00e9 a principal causa de cegueira irrevers\u00edvel. Bruno Esporcatte disse que h\u00e1 poucos estudos no Brasil sobre a preval\u00eancia da doen\u00e7a.<\/p>\n<p style=\"text-align: justify;\"><strong>SUS<\/strong><\/p>\n<p style=\"text-align: justify;\">Para o diagn\u00f3stico do glaucoma, o m\u00e9dico afirmou que n\u00e3o s\u00e3o necess\u00e1rios instrumentos sofisticado. No pr\u00f3prio laborat\u00f3rio, o oftalmologista consegue fazer um exame de fundo de olho e medir a press\u00e3o intraocular. H\u00e1 muitas op\u00e7\u00f5es de tratamento em todo o pa\u00eds, informou. \u201cHoje, na maioria das cidades, existem locais em que a popula\u00e7\u00e3o consegue retirar medica\u00e7\u00f5es de maneira gratuita\u201d.<\/p>\n<p style=\"text-align: justify;\">De acordo com o Minist\u00e9rio da Sa\u00fade, os procedimentos relacionados ao glaucoma t\u00eam crescido no Sistema \u00danico de Sa\u00fade (SUS). Em 2016, foram realizados 223,2 milh\u00f5es de procedimentos. no valor de R$ 2,74 milh\u00f5es, com aumento de 27% em rela\u00e7\u00e3o a 2015, quando foram registrados 175,3 milh\u00f5es, no valor de R$ 2,2 milh\u00f5es. O SUS oferece consultas, exames de diagn\u00f3stico, acompanhamento, tratamento oftalmol\u00f3gico, cirurgias e implante de pr\u00f3tese, informou a assessoria do Conselho Brasileiro de Oftalmologia.<\/p>\n<p style=\"text-align: justify;\">Embora n\u00e3o tenha cura, \u00e9 poss\u00edvel interromper a perda de vis\u00e3o provocada pelo glaucoma com medica\u00e7\u00e3o adequada, que inclui o uso de col\u00edrios, al\u00e9m de tratamento a laser ou cirurgia.<\/p>\n<p style=\"text-align: justify;\">Os monumentos tur\u00edsticos que estar\u00e3o iluminados de verde neste s\u00e1bado s\u00e3o o Cristo Redentor, no Rio de Janeiro; o Obelisco, em Campo Grande (MS); o Museu do Olho e o Museu Oscar Niemeyer, em Curitiba; o Pa\u00e7o Municipal, em Jo\u00e3o Pessoa; o Pr\u00e9dio CPA e o Pal\u00e1cio das Artes, em Porto Velho; o Elevador Lacerda, em Salvador; o Forte Santo Antonio, em S\u00e3o Lu\u00eds; a Ponte Estaiada, o Monumento \u00e0s Bandeiras e a Ponte das Marginais, em S\u00e3o Paulo.<\/p>\n<p style=\"text-align: justify;\">\n<p style=\"text-align: justify;\">Fonte: Leia J\u00e1<\/p>\n","protected":false},"excerpt":{"rendered":"<p>Essa \u00e9 uma doen\u00e7a silenciosa do nervo \u00f3ptico, que \u00e9 o caminho de condu\u00e7\u00e3o do est\u00edmulo luminoso captado pelo olho at\u00e9 o c\u00e9rebro Alguns dos principais monumentos do pa\u00eds ser\u00e3o iluminados de verde neste s\u00e1bado (26) para lembrar o Dia Nacional de Combate ao Glaucoma. Essa \u00e9 uma doen\u00e7a silenciosa do nervo \u00f3ptico, que \u00e9 [&hellip;]<\/p>\n","protected":false},"author":1,"featured_media":46501,"comment_status":"open","ping_status":"open","sticky":false,"template":"","format":"standard","meta":{"ocean_post_layout":"","ocean_both_sidebars_style":"","ocean_both_sidebars_content_width":0,"ocean_both_sidebars_sidebars_width":0,"ocean_sidebar":"","ocean_second_sidebar":"","ocean_disable_margins":"enable","ocean_add_body_class":"","ocean_shortcode_before_top_bar":"","ocean_shortcode_after_top_bar":"","ocean_shortcode_before_header":"","ocean_shortcode_after_header":"","ocean_has_shortcode":"","ocean_shortcode_after_title":"","ocean_shortcode_before_footer_widgets":"","ocean_shortcode_after_footer_widgets":"","ocean_shortcode_before_footer_bottom":"","ocean_shortcode_after_footer_bottom":"","ocean_display_top_bar":"default","ocean_display_header":"default","ocean_header_style":"","ocean_center_header_left_menu":"","ocean_custom_header_template":"","ocean_custom_logo":0,"ocean_custom_retina_logo":0,"ocean_custom_logo_max_width":0,"ocean_custom_logo_tablet_max_width":0,"ocean_custom_logo_mobile_max_width":0,"ocean_custom_logo_max_height":0,"ocean_custom_logo_tablet_max_height":0,"ocean_custom_logo_mobile_max_height":0,"ocean_header_custom_menu":"","ocean_menu_typo_font_family":"","ocean_menu_typo_font_subset":"","ocean_menu_typo_font_size":0,"ocean_menu_typo_font_size_tablet":0,"ocean_menu_typo_font_size_mobile":0,"ocean_menu_typo_font_size_unit":"px","ocean_menu_typo_font_weight":"","ocean_menu_typo_font_weight_tablet":"","ocean_menu_typo_font_weight_mobile":"","ocean_menu_typo_transform":"","ocean_menu_typo_transform_tablet":"","ocean_menu_typo_transform_mobile":"","ocean_menu_typo_line_height":0,"ocean_menu_typo_line_height_tablet":0,"ocean_menu_typo_line_height_mobile":0,"ocean_menu_typo_line_height_unit":"","ocean_menu_typo_spacing":0,"ocean_menu_typo_spacing_tablet":0,"ocean_menu_typo_spacing_mobile":0,"ocean_menu_typo_spacing_unit":"","ocean_menu_link_color":"","ocean_menu_link_color_hover":"","ocean_menu_link_color_active":"","ocean_menu_link_background":"","ocean_menu_link_hover_background":"","ocean_menu_link_active_background":"","ocean_menu_social_links_bg":"","ocean_menu_social_hover_links_bg":"","ocean_menu_social_links_color":"","ocean_menu_social_hover_links_color":"","ocean_disable_title":"default","ocean_disable_heading":"default","ocean_post_title":"","ocean_post_subheading":"","ocean_post_title_style":"","ocean_post_title_background_color":"","ocean_post_title_background":0,"ocean_post_title_bg_image_position":"","ocean_post_title_bg_image_attachment":"","ocean_post_title_bg_image_repeat":"","ocean_post_title_bg_image_size":"","ocean_post_title_height":0,"ocean_post_title_bg_overlay":0.5,"ocean_post_title_bg_overlay_color":"","ocean_disable_breadcrumbs":"default","ocean_breadcrumbs_color":"","ocean_breadcrumbs_separator_color":"","ocean_breadcrumbs_links_color":"","ocean_breadcrumbs_links_hover_color":"","ocean_display_footer_widgets":"default","ocean_display_footer_bottom":"default","ocean_custom_footer_template":"","ocean_post_oembed":"","ocean_post_self_hosted_media":"","ocean_post_video_embed":"","ocean_link_format":"","ocean_link_format_target":"self","ocean_quote_format":"","ocean_quote_format_link":"post","ocean_gallery_link_images":"on","ocean_gallery_id":[]},"categories":[1],"tags":[1641,561,702,82],"acf":[],"_links":{"self":[{"href":"https:\/\/www.simepe.com.br\/novo\/wp-json\/wp\/v2\/posts\/46500"}],"collection":[{"href":"https:\/\/www.simepe.com.br\/novo\/wp-json\/wp\/v2\/posts"}],"about":[{"href":"https:\/\/www.simepe.com.br\/novo\/wp-json\/wp\/v2\/types\/post"}],"author":[{"embeddable":true,"href":"https:\/\/www.simepe.com.br\/novo\/wp-json\/wp\/v2\/users\/1"}],"replies":[{"embeddable":true,"href":"https:\/\/www.simepe.com.br\/novo\/wp-json\/wp\/v2\/comments?post=46500"}],"version-history":[{"count":1,"href":"https:\/\/www.simepe.com.br\/novo\/wp-json\/wp\/v2\/posts\/46500\/revisions"}],"predecessor-version":[{"id":46502,"href":"https:\/\/www.simepe.com.br\/novo\/wp-json\/wp\/v2\/posts\/46500\/revisions\/46502"}],"wp:featuredmedia":[{"embeddable":true,"href":"https:\/\/www.simepe.com.br\/novo\/wp-json\/wp\/v2\/media\/46501"}],"wp:attachment":[{"href":"https:\/\/www.simepe.com.br\/novo\/wp-json\/wp\/v2\/media?parent=46500"}],"wp:term":[{"taxonomy":"category","embeddable":true,"href":"https:\/\/www.simepe.com.br\/novo\/wp-json\/wp\/v2\/categories?post=46500"},{"taxonomy":"post_tag","embeddable":true,"href":"https:\/\/www.simepe.com.br\/novo\/wp-json\/wp\/v2\/tags?post=46500"}],"curies":[{"name":"wp","href":"https:\/\/api.w.org\/{rel}","templated":true}]}}