{"id":46505,"date":"2018-05-29T09:55:06","date_gmt":"2018-05-29T12:55:06","guid":{"rendered":"http:\/\/www.simepe.com.br\/novo\/?p=46505"},"modified":"2018-05-29T09:55:06","modified_gmt":"2018-05-29T12:55:06","slug":"como-se-produz-a-menstruacao-e-por-que-algumas-mulheres-sentem-mais-dor-que-outras","status":"publish","type":"post","link":"https:\/\/www.simepe.com.br\/novo\/como-se-produz-a-menstruacao-e-por-que-algumas-mulheres-sentem-mais-dor-que-outras\/","title":{"rendered":"Como se produz a menstrua\u00e7\u00e3o e por que algumas mulheres sentem mais dor que outras"},"content":{"rendered":"<p style=\"text-align: justify;\">Milh\u00f5es de mulheres no mundo ainda sofrem com o estigma social de um processo biol\u00f3gico t\u00e3o natural como respirar<\/p>\n<p style=\"text-align: justify;\">O ciclo menstrual \u00e9 um fen\u00f4meno t\u00e3o natural quanto respirar ou digerir, e acontece uma vez por m\u00eas com mais da metade da popula\u00e7\u00e3o mundial.<\/p>\n<p style=\"text-align: justify;\">Apesar disso, ao longo da hist\u00f3ria, in\u00fameros preconceitos, cren\u00e7as e estigmas negativos foram gerados em torno da menstrua\u00e7\u00e3o.<\/p>\n<p style=\"text-align: justify;\">Um estudo do Unicef de 2015 mostrou que uma em cada tr\u00eas meninas do sul da \u00c1sia n\u00e3o conhecia nada sobre a menstrua\u00e7\u00e3o antes de ficar menstruada pela primeira vez, enquanto 48% das meninas do Ir\u00e3 e 10% das meninas na \u00cdndia acreditavam que a menstrua\u00e7\u00e3o era uma doen\u00e7a.<\/p>\n<p style=\"text-align: justify;\">A consequ\u00eancia principal dessa situa\u00e7\u00e3o \u00e9 que ainda hoje milh\u00f5es de mulheres sofrem de vergonha e isolamento quando est\u00e3o menstruadas.<\/p>\n<p style=\"text-align: justify;\">\u00c9 por isso que todo dia 28 de maio se celebra mundialmente o Dia Internacional da Higiene Menstrual, uma iniciativa da ONG alem\u00e3 Wash United (Water, Sanitation and Hygiene, em ingl\u00eas), com o objetivo de quebrar o sil\u00eancio em torno do tema.<\/p>\n<p style=\"text-align: justify;\">Mas como se d\u00e1 exatamente esse processo biol\u00f3gico?<\/p>\n<p style=\"text-align: justify;\"><strong>O que \u00e9 o ciclo menstrual<\/strong><\/p>\n<p style=\"text-align: justify;\">\nO primeiro passo para romper esse tabu \u00e9 entender o que acontece no corpo da mulher a partir da puberdade \u2013 entre os 10 e os 14 anos \u2013 e at\u00e9 os 45\/50 anos.<\/p>\n<p style=\"text-align: justify;\">Biologicamente, o ciclo menstrual \u00e9 o processo de expuls\u00e3o de um \u00f3vulo n\u00e3o fecundado, que se conclui com uma hemorragia, tamb\u00e9m chamada de menstrua\u00e7\u00e3o.<\/p>\n<p style=\"text-align: justify;\">A dura\u00e7\u00e3o do ciclo menstrual costuma ser de 28 dias e se divide em duas fases de dura\u00e7\u00e3o similar, separadas entre si pela ovula\u00e7\u00e3o.<\/p>\n<p style=\"text-align: justify;\"><strong>Quando come\u00e7a?<\/strong><\/p>\n<p style=\"text-align: justify;\">\nA primeira fase, conhecida como fase folicular, dura uma ou duas semanas.<\/p>\n<p style=\"text-align: justify;\">Durante esse per\u00edodo, um \u00f3vulo \u2013 c\u00e9lula femininas de reprodu\u00e7\u00e3o-, cresce e amadurece dentro de um ov\u00e1rio.<\/p>\n<p style=\"text-align: justify;\">Ao mesmo tempo, os ov\u00e1rios produzem horm\u00f4nios que favorecem o desenvolvimento da camada que reveste o \u00fatero, chamada de endom\u00e9trio.<\/p>\n<p style=\"text-align: justify;\">\nAo longo dos dias, o endom\u00e9trio engrossa e fica rico em vasos sangu\u00edneos, preparando-se para receber o \u00f3vulo no momento em que for liberado pelo ov\u00e1rio.<\/p>\n<p style=\"text-align: justify;\">Quando o \u00f3vulo amadurece, no 14\u00ba dia do ciclo, aproximadamente, ele se separa do ov\u00e1rio \u2013 no processo de ovula\u00e7\u00e3o \u2013 e sai pela trompa de fal\u00f3pio at\u00e9 o \u00fatero.<\/p>\n<p style=\"text-align: justify;\">Se o \u00f3vulo foi fecundado por um espermatoz\u00f3ide, ele ser\u00e1 implantado no endom\u00e9trio \u2013 e assim come\u00e7ar\u00e1 o processo da gravidez.<\/p>\n<p style=\"text-align: justify;\">Se, por outro lado, n\u00e3o houver fecunda\u00e7\u00e3o, o \u00f3vulo morre dois ou tr\u00eas dias depois de ter sa\u00eddo do ov\u00e1rio, sendo expulso na fase seguinte.<\/p>\n<p style=\"text-align: justify;\"><strong>Por que as mulheres sangram?<\/strong><\/p>\n<p style=\"text-align: justify;\">\nNo per\u00edodo que vai do dia 14 ao 28, conhecido como a fase l\u00fatea, o endom\u00e9trio aumenta seu espessura ainda mais, e aumentam o n\u00famero e o tamanho dos vasos sangu\u00edneos que o nutrem. At\u00e9 o dia 25 do ciclo, a produ\u00e7\u00e3o de horm\u00f4nios por parte dos ov\u00e1rios come\u00e7a a diminuir.<\/p>\n<p style=\"text-align: justify;\">O \u00fatero fica incapaz de manter por si s\u00f3 o sustento de sua camada interna, j\u00e1 bastante grossa e cheia de vasos sangu\u00edneos.<\/p>\n<p style=\"text-align: justify;\">\u00c9 ent\u00e3o que ocorre a hemorragia, que dura de tr\u00eas a sete dias e \u00e9 composta por c\u00e9lulas do endom\u00e9trio e pelo sangue em suas pequenas art\u00e9rias e veias.<\/p>\n<p style=\"text-align: justify;\">Assim se produz o fluxo menstrual \u2013 e o come\u00e7o de um novo ciclo.<\/p>\n<p style=\"text-align: justify;\"><strong>Por que algumas mulheres sentem dor?<\/strong><\/p>\n<p style=\"text-align: justify;\">\u00c9 comum que muitas mulheres sofram de mal-estar durante a menstrua\u00e7\u00e3o, embora sua intensidade varie de pessoa para pessoa.<\/p>\n<p style=\"text-align: justify;\">Estima-se que aproximadamente um ter\u00e7o das mulheres sofram dores muito intensas durante a menstrua\u00e7\u00e3o.<\/p>\n<p style=\"text-align: justify;\">As c\u00f3licas, dor de cabe\u00e7a ou dores nas costas, sensa\u00e7\u00e3o de n\u00e1usea ou mal-estar geral s\u00e3o os sintomas mais comuns e costumam durar cerca de 24 horas.<\/p>\n<p style=\"text-align: justify;\">Embora n\u00e3o haja nenhuma teoria que explique de forma exaustiva quais s\u00e3o as causas da dismenorreia, \u00e9 poss\u00edvel identificar dois tipos distintos de c\u00f3lica.<\/p>\n<p style=\"text-align: justify;\"><strong>C\u00f3lica mais comum<\/strong><\/p>\n<p style=\"text-align: justify;\">\nO tipo mais comum de dor menstrual \u00e9 a dismenorreia prim\u00e1ria, outro nome para c\u00f3lica menstrual. Sua causa principal \u00e9 o excesso de prostaglandinas no \u00fatero, subst\u00e2ncias qu\u00edmicas que fazem os m\u00fasculos uterinos se contra\u00edrem e relaxarem, provocando c\u00f3lica, para expulsar o endom\u00e9trio durante a menstrua\u00e7\u00e3o.<\/p>\n<p style=\"text-align: justify;\">A dor pode come\u00e7ar um ou dois dias antes do ciclo menstrual e, normalmente costuma durar poucos dias, embora em algumas mulheres possa se alongar por mais tempo.<\/p>\n<p style=\"text-align: justify;\"><strong>C\u00f3lica mais intensa<\/strong><\/p>\n<p style=\"text-align: justify;\">\nJ\u00e1 a dismenorreia secund\u00e1ria causa dores mais intensas. Suas causas podem ser explicadas por altera\u00e7\u00f5es como a endometriose, os miomas uterinos, os cistos de ov\u00e1rio e infec\u00e7\u00f5es, entre outros.<\/p>\n<p style=\"text-align: justify;\">Esse tipo de dismenorreia comumente come\u00e7a mais tarde na vida e tem car\u00e1ter heredit\u00e1rio.<\/p>\n<p style=\"text-align: justify;\">\n<p style=\"text-align: justify;\">Fonte: G1<\/p>\n","protected":false},"excerpt":{"rendered":"<p>Milh\u00f5es de mulheres no mundo ainda sofrem com o estigma social de um processo biol\u00f3gico t\u00e3o natural como respirar O ciclo menstrual \u00e9 um fen\u00f4meno t\u00e3o natural quanto respirar ou digerir, e acontece uma vez por m\u00eas com mais da metade da popula\u00e7\u00e3o mundial. Apesar disso, ao longo da hist\u00f3ria, in\u00fameros preconceitos, cren\u00e7as e estigmas [&hellip;]<\/p>\n","protected":false},"author":1,"featured_media":46506,"comment_status":"open","ping_status":"open","sticky":false,"template":"","format":"standard","meta":{"ocean_post_layout":"","ocean_both_sidebars_style":"","ocean_both_sidebars_content_width":0,"ocean_both_sidebars_sidebars_width":0,"ocean_sidebar":"","ocean_second_sidebar":"","ocean_disable_margins":"enable","ocean_add_body_class":"","ocean_shortcode_before_top_bar":"","ocean_shortcode_after_top_bar":"","ocean_shortcode_before_header":"","ocean_shortcode_after_header":"","ocean_has_shortcode":"","ocean_shortcode_after_title":"","ocean_shortcode_before_footer_widgets":"","ocean_shortcode_after_footer_widgets":"","ocean_shortcode_before_footer_bottom":"","ocean_shortcode_after_footer_bottom":"","ocean_display_top_bar":"default","ocean_display_header":"default","ocean_header_style":"","ocean_center_header_left_menu":"","ocean_custom_header_template":"","ocean_custom_logo":0,"ocean_custom_retina_logo":0,"ocean_custom_logo_max_width":0,"ocean_custom_logo_tablet_max_width":0,"ocean_custom_logo_mobile_max_width":0,"ocean_custom_logo_max_height":0,"ocean_custom_logo_tablet_max_height":0,"ocean_custom_logo_mobile_max_height":0,"ocean_header_custom_menu":"","ocean_menu_typo_font_family":"","ocean_menu_typo_font_subset":"","ocean_menu_typo_font_size":0,"ocean_menu_typo_font_size_tablet":0,"ocean_menu_typo_font_size_mobile":0,"ocean_menu_typo_font_size_unit":"px","ocean_menu_typo_font_weight":"","ocean_menu_typo_font_weight_tablet":"","ocean_menu_typo_font_weight_mobile":"","ocean_menu_typo_transform":"","ocean_menu_typo_transform_tablet":"","ocean_menu_typo_transform_mobile":"","ocean_menu_typo_line_height":0,"ocean_menu_typo_line_height_tablet":0,"ocean_menu_typo_line_height_mobile":0,"ocean_menu_typo_line_height_unit":"","ocean_menu_typo_spacing":0,"ocean_menu_typo_spacing_tablet":0,"ocean_menu_typo_spacing_mobile":0,"ocean_menu_typo_spacing_unit":"","ocean_menu_link_color":"","ocean_menu_link_color_hover":"","ocean_menu_link_color_active":"","ocean_menu_link_background":"","ocean_menu_link_hover_background":"","ocean_menu_link_active_background":"","ocean_menu_social_links_bg":"","ocean_menu_social_hover_links_bg":"","ocean_menu_social_links_color":"","ocean_menu_social_hover_links_color":"","ocean_disable_title":"default","ocean_disable_heading":"default","ocean_post_title":"","ocean_post_subheading":"","ocean_post_title_style":"","ocean_post_title_background_color":"","ocean_post_title_background":0,"ocean_post_title_bg_image_position":"","ocean_post_title_bg_image_attachment":"","ocean_post_title_bg_image_repeat":"","ocean_post_title_bg_image_size":"","ocean_post_title_height":0,"ocean_post_title_bg_overlay":0.5,"ocean_post_title_bg_overlay_color":"","ocean_disable_breadcrumbs":"default","ocean_breadcrumbs_color":"","ocean_breadcrumbs_separator_color":"","ocean_breadcrumbs_links_color":"","ocean_breadcrumbs_links_hover_color":"","ocean_display_footer_widgets":"default","ocean_display_footer_bottom":"default","ocean_custom_footer_template":"","ocean_post_oembed":"","ocean_post_self_hosted_media":"","ocean_post_video_embed":"","ocean_link_format":"","ocean_link_format_target":"self","ocean_quote_format":"","ocean_quote_format_link":"post","ocean_gallery_link_images":"on","ocean_gallery_id":[]},"categories":[1],"tags":[2508,2877,753,82],"acf":[],"_links":{"self":[{"href":"https:\/\/www.simepe.com.br\/novo\/wp-json\/wp\/v2\/posts\/46505"}],"collection":[{"href":"https:\/\/www.simepe.com.br\/novo\/wp-json\/wp\/v2\/posts"}],"about":[{"href":"https:\/\/www.simepe.com.br\/novo\/wp-json\/wp\/v2\/types\/post"}],"author":[{"embeddable":true,"href":"https:\/\/www.simepe.com.br\/novo\/wp-json\/wp\/v2\/users\/1"}],"replies":[{"embeddable":true,"href":"https:\/\/www.simepe.com.br\/novo\/wp-json\/wp\/v2\/comments?post=46505"}],"version-history":[{"count":1,"href":"https:\/\/www.simepe.com.br\/novo\/wp-json\/wp\/v2\/posts\/46505\/revisions"}],"predecessor-version":[{"id":46507,"href":"https:\/\/www.simepe.com.br\/novo\/wp-json\/wp\/v2\/posts\/46505\/revisions\/46507"}],"wp:featuredmedia":[{"embeddable":true,"href":"https:\/\/www.simepe.com.br\/novo\/wp-json\/wp\/v2\/media\/46506"}],"wp:attachment":[{"href":"https:\/\/www.simepe.com.br\/novo\/wp-json\/wp\/v2\/media?parent=46505"}],"wp:term":[{"taxonomy":"category","embeddable":true,"href":"https:\/\/www.simepe.com.br\/novo\/wp-json\/wp\/v2\/categories?post=46505"},{"taxonomy":"post_tag","embeddable":true,"href":"https:\/\/www.simepe.com.br\/novo\/wp-json\/wp\/v2\/tags?post=46505"}],"curies":[{"name":"wp","href":"https:\/\/api.w.org\/{rel}","templated":true}]}}