{"id":46510,"date":"2018-05-29T10:03:32","date_gmt":"2018-05-29T13:03:32","guid":{"rendered":"http:\/\/www.simepe.com.br\/novo\/?p=46510"},"modified":"2018-05-29T10:03:32","modified_gmt":"2018-05-29T13:03:32","slug":"prefeitura-do-recife-afirma-que-servicos-de-saude-coleta-de-lixo-e-defesa-civil-estao-garantidos","status":"publish","type":"post","link":"https:\/\/www.simepe.com.br\/novo\/prefeitura-do-recife-afirma-que-servicos-de-saude-coleta-de-lixo-e-defesa-civil-estao-garantidos\/","title":{"rendered":"Prefeitura do Recife afirma que servi\u00e7os de sa\u00fade, coleta de lixo e Defesa Civil est\u00e3o garantidos"},"content":{"rendered":"<p style=\"text-align: justify;\">Gabinete de Emerg\u00eancia debateu o tema nesta segunda (26). Segundo prefeito, 50% das escolas municipais funcionaram normalmente nesta manh\u00e3.<\/p>\n<p style=\"text-align: justify;\">Gabinete de Emerg\u00eancia da Prefeitura do Recife se reuniu, nesta segunda-feira (28), para debater meios de garantir a presta\u00e7\u00e3o de servi\u00e7os essenciais do munic\u00edpio, afetados pela paralisa\u00e7\u00e3o dos caminhoneiros, que chega ao oitavo dia. Segundo o prefeito Geraldo Julio, a gest\u00e3o municipal consegue manter as principais demandas, referentes aos servi\u00e7os de sa\u00fade, Defesa Civil e coleta de lixo no munic\u00edpio. (Veja v\u00eddeo acima)<\/p>\n<p style=\"text-align: justify;\">O prefeito afirmou, ainda, que cerca de 50% das escolas municipais mant\u00e9m as aulas nesta segunda-feira. &#8220;A merenda chegou nas escolas. Todas elas estavam com merenda e com \u00e1gua mineral esperando pelos alunos&#8221;, disse.<\/p>\n<p style=\"text-align: justify;\">Todas as unidades de sa\u00fade do munic\u00edpio, ambul\u00e2ncias do Servi\u00e7o de Atendimento M\u00e9dico de Urg\u00eancia (Samu) e Upinhas 24h est\u00e3o funcionando perfeitamente.<\/p>\n<p style=\"text-align: justify;\">&#8220;A gente tem feito um esfor\u00e7o muito grande, em parceria tamb\u00e9m com o gabinete de emergencia do governo do estado, para conseguir abastecer todos os ve\u00edculos dos servi\u00e7os essenciais, como as ambul\u00e2ncias do Samu, os caminh\u00f5es da coleta de lixo, os ve\u00edculos usados na Defesa Civil, que fez atendimentos emergenciais nesse final de semana. As unidades de sa\u00fade que dependem dos seus ve\u00edculos, caminh\u00f5es, \u00f4nibus, vans, carros pequenos tamb\u00e9m, tamb\u00e9m est\u00e3o abastecidas&#8221;, afirmou o prefeito do Recife, Geraldo Julio.<\/p>\n<p style=\"text-align: justify;\">O Gabinete de Emerg\u00eancia da prefeitura do Recife atua desde a quinta-feira (24). Participam das reuni\u00f5es 15 secretarias do munic\u00edpio, al\u00e9m do Servi\u00e7o de Atendimento M\u00e9dico de Urg\u00eancia, CTTU e Funda\u00e7\u00e3o de Cultura.<\/p>\n<p style=\"text-align: justify;\">\nSegundo o prefeito, pelo menos 15 postos da capital pernambucana ofecerem combust\u00edvel apra a popula\u00e7\u00e3o na manh\u00e3 desta segunda-feira (28). &#8220;A gente tem muitas viaturas j\u00e1 abastecidas e outras est\u00e3o sendo abastecidas nos postos. Alguns dos postos est\u00e3o oferecendo<\/p>\n<p style=\"text-align: justify;\"><strong>Transporte p\u00fablico<\/strong><\/p>\n<p style=\"text-align: justify;\">\nO prefeito afirmou, ainda, que o transporte p\u00fablico funciona com &#8220;quase em sua totalidade&#8221; nesta segunda-feira. Os \u00f4nibus s\u00e3o geridos de maneira integrada na Regi\u00e3o Metropolitana do Recife, ficando sob responsabilidade do Grande Recife Cons\u00f3rcio de Transporte.<\/p>\n<p style=\"text-align: justify;\">Apesar do governo estadual ter afirmado que o 100% da frota de coletivos estaria nas ruas nesta segunda, a popula\u00e7\u00e3o relatou que parte das linhas n\u00e3o estava circulando normalmente. \u00c0s 11h, o Grande Recife informou que &#8220;ir\u00e1 tomar as medidas administrativas e legais cab\u00edveis quanto \u00e0s empresas operadoras que n\u00e3o estiverem com 100% da frota em opera\u00e7\u00e3o&#8221;.<\/p>\n<p style=\"text-align: justify;\">Segundo o Cons\u00f3rcio, tr\u00eas empresas tiveram dificuldades apresentaram dificuldade em colocar, dentro do prazo necess\u00e1rio, toda a frota em circula\u00e7\u00e3o. &#8220;Diante desse fato, a fiscaliza\u00e7\u00e3o do Grande Recife est\u00e1 acompanhando toda a opera\u00e7\u00e3o para solucionar qualquer eventualidade que apare\u00e7a&#8221;.<\/p>\n<p style=\"text-align: justify;\">\u201cO transporte p\u00fablico, que funcionou quase na sua totalidade, j\u00e1 foi um fator importante na cidade para que as pessoas possam se locomover e chegar aos seus trabalhos. A gente espera que amanh\u00e3 esses servi\u00e7os do transporte p\u00fablico estejam realmente completos\u201d, afirmou o prefeito.<\/p>\n<p style=\"text-align: justify;\">\n<p style=\"text-align: justify;\">Fonte: G1<\/p>\n","protected":false},"excerpt":{"rendered":"<p>Gabinete de Emerg\u00eancia debateu o tema nesta segunda (26). Segundo prefeito, 50% das escolas municipais funcionaram normalmente nesta manh\u00e3. Gabinete de Emerg\u00eancia da Prefeitura do Recife se reuniu, nesta segunda-feira (28), para debater meios de garantir a presta\u00e7\u00e3o de servi\u00e7os essenciais do munic\u00edpio, afetados pela paralisa\u00e7\u00e3o dos caminhoneiros, que chega ao oitavo dia. Segundo o [&hellip;]<\/p>\n","protected":false},"author":1,"featured_media":0,"comment_status":"open","ping_status":"open","sticky":false,"template":"","format":"standard","meta":{"ocean_post_layout":"","ocean_both_sidebars_style":"","ocean_both_sidebars_content_width":0,"ocean_both_sidebars_sidebars_width":0,"ocean_sidebar":"","ocean_second_sidebar":"","ocean_disable_margins":"enable","ocean_add_body_class":"","ocean_shortcode_before_top_bar":"","ocean_shortcode_after_top_bar":"","ocean_shortcode_before_header":"","ocean_shortcode_after_header":"","ocean_has_shortcode":"","ocean_shortcode_after_title":"","ocean_shortcode_before_footer_widgets":"","ocean_shortcode_after_footer_widgets":"","ocean_shortcode_before_footer_bottom":"","ocean_shortcode_after_footer_bottom":"","ocean_display_top_bar":"default","ocean_display_header":"default","ocean_header_style":"","ocean_center_header_left_menu":"","ocean_custom_header_template":"","ocean_custom_logo":0,"ocean_custom_retina_logo":0,"ocean_custom_logo_max_width":0,"ocean_custom_logo_tablet_max_width":0,"ocean_custom_logo_mobile_max_width":0,"ocean_custom_logo_max_height":0,"ocean_custom_logo_tablet_max_height":0,"ocean_custom_logo_mobile_max_height":0,"ocean_header_custom_menu":"","ocean_menu_typo_font_family":"","ocean_menu_typo_font_subset":"","ocean_menu_typo_font_size":0,"ocean_menu_typo_font_size_tablet":0,"ocean_menu_typo_font_size_mobile":0,"ocean_menu_typo_font_size_unit":"px","ocean_menu_typo_font_weight":"","ocean_menu_typo_font_weight_tablet":"","ocean_menu_typo_font_weight_mobile":"","ocean_menu_typo_transform":"","ocean_menu_typo_transform_tablet":"","ocean_menu_typo_transform_mobile":"","ocean_menu_typo_line_height":0,"ocean_menu_typo_line_height_tablet":0,"ocean_menu_typo_line_height_mobile":0,"ocean_menu_typo_line_height_unit":"","ocean_menu_typo_spacing":0,"ocean_menu_typo_spacing_tablet":0,"ocean_menu_typo_spacing_mobile":0,"ocean_menu_typo_spacing_unit":"","ocean_menu_link_color":"","ocean_menu_link_color_hover":"","ocean_menu_link_color_active":"","ocean_menu_link_background":"","ocean_menu_link_hover_background":"","ocean_menu_link_active_background":"","ocean_menu_social_links_bg":"","ocean_menu_social_hover_links_bg":"","ocean_menu_social_links_color":"","ocean_menu_social_hover_links_color":"","ocean_disable_title":"default","ocean_disable_heading":"default","ocean_post_title":"","ocean_post_subheading":"","ocean_post_title_style":"","ocean_post_title_background_color":"","ocean_post_title_background":0,"ocean_post_title_bg_image_position":"","ocean_post_title_bg_image_attachment":"","ocean_post_title_bg_image_repeat":"","ocean_post_title_bg_image_size":"","ocean_post_title_height":0,"ocean_post_title_bg_overlay":0.5,"ocean_post_title_bg_overlay_color":"","ocean_disable_breadcrumbs":"default","ocean_breadcrumbs_color":"","ocean_breadcrumbs_separator_color":"","ocean_breadcrumbs_links_color":"","ocean_breadcrumbs_links_hover_color":"","ocean_display_footer_widgets":"default","ocean_display_footer_bottom":"default","ocean_custom_footer_template":"","ocean_post_oembed":"","ocean_post_self_hosted_media":"","ocean_post_video_embed":"","ocean_link_format":"","ocean_link_format_target":"self","ocean_quote_format":"","ocean_quote_format_link":"post","ocean_gallery_link_images":"on","ocean_gallery_id":[]},"categories":[9],"tags":[748,411,82],"acf":[],"_links":{"self":[{"href":"https:\/\/www.simepe.com.br\/novo\/wp-json\/wp\/v2\/posts\/46510"}],"collection":[{"href":"https:\/\/www.simepe.com.br\/novo\/wp-json\/wp\/v2\/posts"}],"about":[{"href":"https:\/\/www.simepe.com.br\/novo\/wp-json\/wp\/v2\/types\/post"}],"author":[{"embeddable":true,"href":"https:\/\/www.simepe.com.br\/novo\/wp-json\/wp\/v2\/users\/1"}],"replies":[{"embeddable":true,"href":"https:\/\/www.simepe.com.br\/novo\/wp-json\/wp\/v2\/comments?post=46510"}],"version-history":[{"count":1,"href":"https:\/\/www.simepe.com.br\/novo\/wp-json\/wp\/v2\/posts\/46510\/revisions"}],"predecessor-version":[{"id":46511,"href":"https:\/\/www.simepe.com.br\/novo\/wp-json\/wp\/v2\/posts\/46510\/revisions\/46511"}],"wp:attachment":[{"href":"https:\/\/www.simepe.com.br\/novo\/wp-json\/wp\/v2\/media?parent=46510"}],"wp:term":[{"taxonomy":"category","embeddable":true,"href":"https:\/\/www.simepe.com.br\/novo\/wp-json\/wp\/v2\/categories?post=46510"},{"taxonomy":"post_tag","embeddable":true,"href":"https:\/\/www.simepe.com.br\/novo\/wp-json\/wp\/v2\/tags?post=46510"}],"curies":[{"name":"wp","href":"https:\/\/api.w.org\/{rel}","templated":true}]}}