{"id":46524,"date":"2018-05-13T10:57:54","date_gmt":"2018-05-13T13:57:54","guid":{"rendered":"http:\/\/www.simepe.com.br\/novo\/?p=46524"},"modified":"2018-05-29T11:01:30","modified_gmt":"2018-05-29T14:01:30","slug":"atencao-medico-13-05-2018","status":"publish","type":"post","link":"https:\/\/www.simepe.com.br\/novo\/atencao-medico-13-05-2018\/","title":{"rendered":"Aten\u00e7\u00e3o M\u00e9dico 13.05.2018"},"content":{"rendered":"<p style=\"text-align: center;\"><strong>Reuni\u00e3o discute propostas para o Cisam\/UPE<\/strong><\/p>\n<p style=\"text-align: justify;\">\nDiretores executivos do Simepe, Walber Steffano e M\u00e1rio Jorge Lobo, estiveram reunidos na quarta-feira<br \/>\n(09\/05) com a superintend\u00eancia do Complexo Hospitalar da Universidade de Pernambuco (UPE) e com a gest\u00e3o do Centro Integrado de Sa\u00fade Amaury de Medeiros (Cisam\/UPE). Durante o encontro, as entidades discutiram os detalhes de cada problema, resultando na apresenta\u00e7\u00e3o de propostas importantes, como a instala\u00e7\u00e3o de um espa\u00e7o espec\u00cdfico para os profissionais, na UTI Neonatal, com quarto, banheiro e copa. Al\u00e9m disso, foi colocada em mesa a autoriza\u00e7\u00e3o, pela Secretaria Estadual de Administra\u00e7\u00e3o (SAD-PE), atendendo solicita\u00e7\u00e3o do Reitor da UPE, para a contrata\u00e7\u00e3o de quatro neonatologistas e tr\u00eas obstetras para o servi\u00e7o. *Para discutir todos os detalhes da reuni\u00e3o, o Simepe convoca os m\u00e9dicos neonatologistas para reuni\u00e3o, nesta ter\u00e7a-feira (15.05) \u00e0s 15h, em sua sede na Av. Jo\u00e3o de Barros, bairro da Boa Vista.<\/p>\n<p style=\"text-align: center;\">\n<strong>Policl\u00ednica da Maternidade Barros Lima<\/strong><\/p>\n<p style=\"text-align: justify;\">\nPediatras e cl\u00ednicos da Policl\u00ednica da Maternidade Barros Lima da rede municipal de sa\u00fade do Recife\/bairro de Casa Amarela est\u00e3o insatisfeitos. Os profissionais estiveram reunidos em 07.05 onde discutiram sobre escalas incompletas, sobrecarga de trabalho, inseguran\u00e7a, condi\u00e7\u00e3o de trabalho prec\u00e1ria, falta de medicamentos e insumos, al\u00e9m de in\u00fameros problemas com o n\u00famero de atendimentos em excesso, num plant\u00e3o de 12h. De acordo com o representante do Simepe, Walber Steffano, os profissionais est\u00e3o trabalhando no limite da toler\u00e2ncia. *Uma AGE foi agendada para segunda-feira, 14.05, \u00e0s 19h, na sede do Sindicato para novas delibera\u00e7\u00f5es e rumos do movimento.<\/p>\n<p style=\"text-align: center;\">\n<strong>M\u00e9dicos ginecologistas do Centro Sony Santos<\/strong><\/p>\n<p style=\"text-align: justify;\">\nM\u00e9dicos ginecologistas do Hospital da Mulher do Recife (HMR) que atendem no Centro de Aten\u00e7\u00e3o \u00e0 Mulher V\u00edtima de Viol\u00eancia \u2013 Sony Santos \u2013 participaram de reuni\u00e3o em 10.05, com o diretor Executivo do Simepe, Walber Steffano e o advogado Diego Galdino, da Defensoria M\u00e9dica (DM). Os profissionais colocaram em pauta quest\u00f5es relativas \u00e0s condi\u00e7\u00f5es de trabalho e outras demandas. O Simepe vai encaminhar oficio \u00e0 gest\u00e3o do HMR, com sugest\u00e3o de data para reuni\u00e3o no dia 16 de maio, afim de informa\u00e7\u00f5es e esclarecimentos do trabalho dos m\u00e9dicos vinculados ao Centro Sony Santos, que presta atendimento 24h por dia \u00e0s mulheres v\u00edtimas de agress\u00e3o f\u00edsica, sexual ou psicol\u00f3gica.<\/p>\n<p style=\"text-align: justify;\">\n<p style=\"text-align: center;\">Solid\u00e1rios com a luta e a alegria de todas as m\u00e9dicas, m\u00e3es nesse seu dia de todos os dias!<br \/>\nM\u00e9dico, o Sindicato \u00e9 voc\u00ea! N\u00e3o h\u00e1 sindicato sem luta. N\u00e3o h\u00e1 luta sem sindicato!<\/p>\n<p style=\"text-align: center;\">Recife, 13 de maio de 2018<br \/>\nA DIRETORIA EXECUTIVA<\/p>\n","protected":false},"excerpt":{"rendered":"<p>Reuni\u00e3o discute propostas para o Cisam\/UPE Diretores executivos do Simepe, Walber Steffano e M\u00e1rio Jorge Lobo, estiveram reunidos na quarta-feira (09\/05) com a superintend\u00eancia do Complexo Hospitalar da Universidade de Pernambuco (UPE) e com a gest\u00e3o do Centro Integrado de Sa\u00fade Amaury de Medeiros (Cisam\/UPE). Durante o encontro, as entidades discutiram os detalhes de cada [&hellip;]<\/p>\n","protected":false},"author":1,"featured_media":0,"comment_status":"open","ping_status":"open","sticky":false,"template":"","format":"standard","meta":{"ocean_post_layout":"","ocean_both_sidebars_style":"","ocean_both_sidebars_content_width":0,"ocean_both_sidebars_sidebars_width":0,"ocean_sidebar":"","ocean_second_sidebar":"","ocean_disable_margins":"enable","ocean_add_body_class":"","ocean_shortcode_before_top_bar":"","ocean_shortcode_after_top_bar":"","ocean_shortcode_before_header":"","ocean_shortcode_after_header":"","ocean_has_shortcode":"","ocean_shortcode_after_title":"","ocean_shortcode_before_footer_widgets":"","ocean_shortcode_after_footer_widgets":"","ocean_shortcode_before_footer_bottom":"","ocean_shortcode_after_footer_bottom":"","ocean_display_top_bar":"default","ocean_display_header":"default","ocean_header_style":"","ocean_center_header_left_menu":"","ocean_custom_header_template":"","ocean_custom_logo":0,"ocean_custom_retina_logo":0,"ocean_custom_logo_max_width":0,"ocean_custom_logo_tablet_max_width":0,"ocean_custom_logo_mobile_max_width":0,"ocean_custom_logo_max_height":0,"ocean_custom_logo_tablet_max_height":0,"ocean_custom_logo_mobile_max_height":0,"ocean_header_custom_menu":"","ocean_menu_typo_font_family":"","ocean_menu_typo_font_subset":"","ocean_menu_typo_font_size":0,"ocean_menu_typo_font_size_tablet":0,"ocean_menu_typo_font_size_mobile":0,"ocean_menu_typo_font_size_unit":"px","ocean_menu_typo_font_weight":"","ocean_menu_typo_font_weight_tablet":"","ocean_menu_typo_font_weight_mobile":"","ocean_menu_typo_transform":"","ocean_menu_typo_transform_tablet":"","ocean_menu_typo_transform_mobile":"","ocean_menu_typo_line_height":0,"ocean_menu_typo_line_height_tablet":0,"ocean_menu_typo_line_height_mobile":0,"ocean_menu_typo_line_height_unit":"","ocean_menu_typo_spacing":0,"ocean_menu_typo_spacing_tablet":0,"ocean_menu_typo_spacing_mobile":0,"ocean_menu_typo_spacing_unit":"","ocean_menu_link_color":"","ocean_menu_link_color_hover":"","ocean_menu_link_color_active":"","ocean_menu_link_background":"","ocean_menu_link_hover_background":"","ocean_menu_link_active_background":"","ocean_menu_social_links_bg":"","ocean_menu_social_hover_links_bg":"","ocean_menu_social_links_color":"","ocean_menu_social_hover_links_color":"","ocean_disable_title":"default","ocean_disable_heading":"default","ocean_post_title":"","ocean_post_subheading":"","ocean_post_title_style":"","ocean_post_title_background_color":"","ocean_post_title_background":0,"ocean_post_title_bg_image_position":"","ocean_post_title_bg_image_attachment":"","ocean_post_title_bg_image_repeat":"","ocean_post_title_bg_image_size":"","ocean_post_title_height":0,"ocean_post_title_bg_overlay":0.5,"ocean_post_title_bg_overlay_color":"","ocean_disable_breadcrumbs":"default","ocean_breadcrumbs_color":"","ocean_breadcrumbs_separator_color":"","ocean_breadcrumbs_links_color":"","ocean_breadcrumbs_links_hover_color":"","ocean_display_footer_widgets":"default","ocean_display_footer_bottom":"default","ocean_custom_footer_template":"","ocean_post_oembed":"","ocean_post_self_hosted_media":"","ocean_post_video_embed":"","ocean_link_format":"","ocean_link_format_target":"self","ocean_quote_format":"","ocean_quote_format_link":"post","ocean_gallery_link_images":"on","ocean_gallery_id":[]},"categories":[1],"tags":[],"acf":[],"_links":{"self":[{"href":"https:\/\/www.simepe.com.br\/novo\/wp-json\/wp\/v2\/posts\/46524"}],"collection":[{"href":"https:\/\/www.simepe.com.br\/novo\/wp-json\/wp\/v2\/posts"}],"about":[{"href":"https:\/\/www.simepe.com.br\/novo\/wp-json\/wp\/v2\/types\/post"}],"author":[{"embeddable":true,"href":"https:\/\/www.simepe.com.br\/novo\/wp-json\/wp\/v2\/users\/1"}],"replies":[{"embeddable":true,"href":"https:\/\/www.simepe.com.br\/novo\/wp-json\/wp\/v2\/comments?post=46524"}],"version-history":[{"count":1,"href":"https:\/\/www.simepe.com.br\/novo\/wp-json\/wp\/v2\/posts\/46524\/revisions"}],"predecessor-version":[{"id":46525,"href":"https:\/\/www.simepe.com.br\/novo\/wp-json\/wp\/v2\/posts\/46524\/revisions\/46525"}],"wp:attachment":[{"href":"https:\/\/www.simepe.com.br\/novo\/wp-json\/wp\/v2\/media?parent=46524"}],"wp:term":[{"taxonomy":"category","embeddable":true,"href":"https:\/\/www.simepe.com.br\/novo\/wp-json\/wp\/v2\/categories?post=46524"},{"taxonomy":"post_tag","embeddable":true,"href":"https:\/\/www.simepe.com.br\/novo\/wp-json\/wp\/v2\/tags?post=46524"}],"curies":[{"name":"wp","href":"https:\/\/api.w.org\/{rel}","templated":true}]}}