{"id":46531,"date":"2018-05-30T09:06:25","date_gmt":"2018-05-30T12:06:25","guid":{"rendered":"http:\/\/www.simepe.com.br\/novo\/?p=46531"},"modified":"2018-05-30T09:06:25","modified_gmt":"2018-05-30T12:06:25","slug":"campanha-de-vacinacao-contra-a-gripe-e-prorrogada-ate-15-de-junho","status":"publish","type":"post","link":"https:\/\/www.simepe.com.br\/novo\/campanha-de-vacinacao-contra-a-gripe-e-prorrogada-ate-15-de-junho\/","title":{"rendered":"Campanha de vacina\u00e7\u00e3o contra a gripe \u00e9 prorrogada at\u00e9 15 de junho"},"content":{"rendered":"<p style=\"text-align: justify;\">Caso haja disponibilidade de vacinas, os munic\u00edpios podem ampliar o p\u00fablico para crian\u00e7as de cinco a nove anos e adultos com idades entre 50 e 59 anos<\/p>\n<p style=\"text-align: justify;\">O Minist\u00e9rio da Sa\u00fade (MS) anunciou hoje (29) a prorroga\u00e7\u00e3o da Campanha Nacional de Vacina\u00e7\u00e3o Contra a Gripe at\u00e9 o dia 15 de junho. A decis\u00e3o foi motivada pelos efeitos da paralisa\u00e7\u00e3o dos caminhoneiros no atendimento em sa\u00fade. Inicialmente, o fim da campanha estava previsto para esta sexta-feira, 1\u00b0 de junho.<\/p>\n<p style=\"text-align: justify;\">De acordo com os \u00faltimos dados do minist\u00e9rio, a campanha imunizou 35,6 milh\u00f5es de pessoas, o que equivale a 66% do p\u00fablico-alvo. Para atingir a meta de imunizar 54,4 milh\u00f5es de pessoas, o governo espera, com a prorroga\u00e7\u00e3o da campanha, vacinar os 18,8 milh\u00f5es de brasileiros e brasileiras que ainda n\u00e3o receberam a dose da vacina.<\/p>\n<p style=\"text-align: justify;\">No recorte por estados, os que mais se aproximaram da meta estabelecida foram Goi\u00e1s (99,8%), seguido do Amap\u00e1 (91%), Cear\u00e1 (84%), Distrito Federal (78,5%) e Esp\u00edrito Santo (77,4%). Por outro lado, os estados com menor cobertura da vacina s\u00e3o Roraima (32,5%), Rio de Janeiro (47,6%), Rond\u00f4nia (51,3%), Amazonas (51,9%) e Acre (52%).<\/p>\n<p style=\"text-align: justify;\">O p\u00fablico-alvo da campanha inclui idosos a partir de 60 anos, crian\u00e7as de seis meses a cinco anos, trabalhadores da sa\u00fade, professores das redes p\u00fablica e privada, povos ind\u00edgenas, gestantes, pu\u00e9rperas (mulheres em at\u00e9 45 dias ap\u00f3s o parto), pessoas privadas de liberdade e funcion\u00e1rios do sistema prisional.<\/p>\n<p style=\"text-align: justify;\">Caso haja disponibilidade de vacinas, os munic\u00edpios podem ampliar o p\u00fablico para crian\u00e7as de cinco a nove anos e adultos com idades entre 50 e 59 anos. O Minist\u00e9rio destaca, no entanto, a import\u00e2ncia de o p\u00fablico-alvo priorit\u00e1rio que ainda n\u00e3o se imunizou procurarem os postos de sa\u00fade. De acordo com o Minist\u00e9rio, 100% das 60 milh\u00f5es de doses de vacina j\u00e1 foram distribu\u00eddas aos estados.<\/p>\n<p style=\"text-align: justify;\">At\u00e9 o momento, o p\u00fablico com maior cobertura s\u00e3o as pu\u00e9rperas (78%), seguido por idosos (75%), professores (73%), trabalhadores da sa\u00fade (71,6%), ind\u00edgenas (63,6%) e gestantes (55%). J\u00e1 entre as crian\u00e7as com idades entre seis meses e cinco anos, o \u00edndice de vacina\u00e7\u00e3o est\u00e1 em pouco menos da metade (49,7%).<\/p>\n<p style=\"text-align: justify;\"><strong>Mortes por gripe<\/strong><\/p>\n<p style=\"text-align: justify;\">\nDe acordo com o \u00faltimo levantamento do Minist\u00e9rio da Sa\u00fade, foram registrados 2.088 casos de gripe em todo pa\u00eds e 335 pessoas morreram em decorr\u00eancia da doen\u00e7a. O tipo mais grave de gripe foi o H1N1, com 218 \u00f3bitos e 1.262 casos. Das pessoas que faleceram, 70% possu\u00edam ao menos algum fator de risco, como idosos com mais de 60 anos cardiopatas, pneumopatas e com diabetes millitus.<\/p>\n<p style=\"text-align: justify;\">\n<p style=\"text-align: justify;\">Fonte: Diario de Pernambuco<\/p>\n","protected":false},"excerpt":{"rendered":"<p>Caso haja disponibilidade de vacinas, os munic\u00edpios podem ampliar o p\u00fablico para crian\u00e7as de cinco a nove anos e adultos com idades entre 50 e 59 anos O Minist\u00e9rio da Sa\u00fade (MS) anunciou hoje (29) a prorroga\u00e7\u00e3o da Campanha Nacional de Vacina\u00e7\u00e3o Contra a Gripe at\u00e9 o dia 15 de junho. A decis\u00e3o foi motivada [&hellip;]<\/p>\n","protected":false},"author":1,"featured_media":0,"comment_status":"open","ping_status":"open","sticky":false,"template":"","format":"standard","meta":{"ocean_post_layout":"","ocean_both_sidebars_style":"","ocean_both_sidebars_content_width":0,"ocean_both_sidebars_sidebars_width":0,"ocean_sidebar":"","ocean_second_sidebar":"","ocean_disable_margins":"enable","ocean_add_body_class":"","ocean_shortcode_before_top_bar":"","ocean_shortcode_after_top_bar":"","ocean_shortcode_before_header":"","ocean_shortcode_after_header":"","ocean_has_shortcode":"","ocean_shortcode_after_title":"","ocean_shortcode_before_footer_widgets":"","ocean_shortcode_after_footer_widgets":"","ocean_shortcode_before_footer_bottom":"","ocean_shortcode_after_footer_bottom":"","ocean_display_top_bar":"default","ocean_display_header":"default","ocean_header_style":"","ocean_center_header_left_menu":"","ocean_custom_header_template":"","ocean_custom_logo":0,"ocean_custom_retina_logo":0,"ocean_custom_logo_max_width":0,"ocean_custom_logo_tablet_max_width":0,"ocean_custom_logo_mobile_max_width":0,"ocean_custom_logo_max_height":0,"ocean_custom_logo_tablet_max_height":0,"ocean_custom_logo_mobile_max_height":0,"ocean_header_custom_menu":"","ocean_menu_typo_font_family":"","ocean_menu_typo_font_subset":"","ocean_menu_typo_font_size":0,"ocean_menu_typo_font_size_tablet":0,"ocean_menu_typo_font_size_mobile":0,"ocean_menu_typo_font_size_unit":"px","ocean_menu_typo_font_weight":"","ocean_menu_typo_font_weight_tablet":"","ocean_menu_typo_font_weight_mobile":"","ocean_menu_typo_transform":"","ocean_menu_typo_transform_tablet":"","ocean_menu_typo_transform_mobile":"","ocean_menu_typo_line_height":0,"ocean_menu_typo_line_height_tablet":0,"ocean_menu_typo_line_height_mobile":0,"ocean_menu_typo_line_height_unit":"","ocean_menu_typo_spacing":0,"ocean_menu_typo_spacing_tablet":0,"ocean_menu_typo_spacing_mobile":0,"ocean_menu_typo_spacing_unit":"","ocean_menu_link_color":"","ocean_menu_link_color_hover":"","ocean_menu_link_color_active":"","ocean_menu_link_background":"","ocean_menu_link_hover_background":"","ocean_menu_link_active_background":"","ocean_menu_social_links_bg":"","ocean_menu_social_hover_links_bg":"","ocean_menu_social_links_color":"","ocean_menu_social_hover_links_color":"","ocean_disable_title":"default","ocean_disable_heading":"default","ocean_post_title":"","ocean_post_subheading":"","ocean_post_title_style":"","ocean_post_title_background_color":"","ocean_post_title_background":0,"ocean_post_title_bg_image_position":"","ocean_post_title_bg_image_attachment":"","ocean_post_title_bg_image_repeat":"","ocean_post_title_bg_image_size":"","ocean_post_title_height":0,"ocean_post_title_bg_overlay":0.5,"ocean_post_title_bg_overlay_color":"","ocean_disable_breadcrumbs":"default","ocean_breadcrumbs_color":"","ocean_breadcrumbs_separator_color":"","ocean_breadcrumbs_links_color":"","ocean_breadcrumbs_links_hover_color":"","ocean_display_footer_widgets":"default","ocean_display_footer_bottom":"default","ocean_custom_footer_template":"","ocean_post_oembed":"","ocean_post_self_hosted_media":"","ocean_post_video_embed":"","ocean_link_format":"","ocean_link_format_target":"self","ocean_quote_format":"","ocean_quote_format_link":"post","ocean_gallery_link_images":"on","ocean_gallery_id":[]},"categories":[9],"tags":[147,466,82,467],"acf":[],"_links":{"self":[{"href":"https:\/\/www.simepe.com.br\/novo\/wp-json\/wp\/v2\/posts\/46531"}],"collection":[{"href":"https:\/\/www.simepe.com.br\/novo\/wp-json\/wp\/v2\/posts"}],"about":[{"href":"https:\/\/www.simepe.com.br\/novo\/wp-json\/wp\/v2\/types\/post"}],"author":[{"embeddable":true,"href":"https:\/\/www.simepe.com.br\/novo\/wp-json\/wp\/v2\/users\/1"}],"replies":[{"embeddable":true,"href":"https:\/\/www.simepe.com.br\/novo\/wp-json\/wp\/v2\/comments?post=46531"}],"version-history":[{"count":1,"href":"https:\/\/www.simepe.com.br\/novo\/wp-json\/wp\/v2\/posts\/46531\/revisions"}],"predecessor-version":[{"id":46532,"href":"https:\/\/www.simepe.com.br\/novo\/wp-json\/wp\/v2\/posts\/46531\/revisions\/46532"}],"wp:attachment":[{"href":"https:\/\/www.simepe.com.br\/novo\/wp-json\/wp\/v2\/media?parent=46531"}],"wp:term":[{"taxonomy":"category","embeddable":true,"href":"https:\/\/www.simepe.com.br\/novo\/wp-json\/wp\/v2\/categories?post=46531"},{"taxonomy":"post_tag","embeddable":true,"href":"https:\/\/www.simepe.com.br\/novo\/wp-json\/wp\/v2\/tags?post=46531"}],"curies":[{"name":"wp","href":"https:\/\/api.w.org\/{rel}","templated":true}]}}