{"id":46537,"date":"2018-05-30T09:26:29","date_gmt":"2018-05-30T12:26:29","guid":{"rendered":"http:\/\/www.simepe.com.br\/novo\/?p=46537"},"modified":"2018-05-30T09:26:29","modified_gmt":"2018-05-30T12:26:29","slug":"ministerio-da-saude-investe-na-reducao-da-mortalidade-materna","status":"publish","type":"post","link":"https:\/\/www.simepe.com.br\/novo\/ministerio-da-saude-investe-na-reducao-da-mortalidade-materna\/","title":{"rendered":"Minist\u00e9rio da Sa\u00fade investe na redu\u00e7\u00e3o da mortalidade materna"},"content":{"rendered":"<p style=\"text-align: justify;\">Semana de Mobiliza\u00e7\u00e3o pela Sa\u00fade das Mulheres ser\u00e1 celebrada at\u00e9 31 de maio. O tema deste ano \u00e9 a redu\u00e7\u00e3o da mortalidade materna<\/p>\n<p style=\"text-align: justify;\">Para garantir mais acesso, cuidado, informa\u00e7\u00e3o e sa\u00fade \u00e0 mulher brasileira, o Minist\u00e9rio da Sa\u00fade instituiu a Semana de Mobiliza\u00e7\u00e3o Nacional pela Sa\u00fade das Mulheres no SUS, que ser\u00e1 celebrada at\u00e9 31 de maio. Este ano, o tema ser\u00e1 redu\u00e7\u00e3o da mortalidade materna, um importante indicador de sa\u00fade da popula\u00e7\u00e3o feminina. Nesta segunda-feira (28), no Dia Internacional de Luta pela Sa\u00fade da Mulher e Dia Nacional de Redu\u00e7\u00e3o da Mortalidade Materna, o Minist\u00e9rio da Sa\u00fade divulgou, em evento na Organiza\u00e7\u00e3o Pan-Americana da Sa\u00fade (Opas), a meta de reduzir a mortalidade materna para 30\/100 mil nascido vivos at\u00e9 2030 para os Objetivos do Desenvolvimento Sustent\u00e1vel 2015\/2030, compromisso internacional assumido pelo pa\u00eds.<\/p>\n<p style=\"text-align: justify;\">Entre 1990 e 2015 a redu\u00e7\u00e3o na raz\u00e3o de mortalidade materna no Brasil foi de 143 para 62 \u00f3bitos maternos por 100 mil nascidos vivos, o que representou uma diminui\u00e7\u00e3o de 56%. Esta redu\u00e7\u00e3o tem sido reconhecida pela Organiza\u00e7\u00e3o Mundial da Sa\u00fade (OMS), ao destacar que houve avan\u00e7os significativos desde a d\u00e9cada de 90 nas pol\u00edticas p\u00fablicas de sa\u00fade.<\/p>\n<p style=\"text-align: justify;\">De acordo com dados do Sistema de Informa\u00e7\u00e3o sobre Mortalidade, em 2015, o Brasil registrou 1.738 casos de morte materna, que engloba \u00f3bitos causados por problemas relacionados \u00e0 gravidez ou ao parto ou ocorridos at\u00e9 42 dias depois. Em 2016, foram registrados 1.463 casos, uma queda de 16% em rela\u00e7\u00e3o ao ano anterior.<\/p>\n<p style=\"text-align: justify;\">Para reduzir a morte materna, o Minist\u00e9rio da Sa\u00fade tem implementado pol\u00edticas para fortalecer a humaniza\u00e7\u00e3o do atendimento das gestantes, a melhoria da aten\u00e7\u00e3o pr\u00e9-natal, nascimento e p\u00f3s-parto, assim como institu\u00eddo medidas de orienta\u00e7\u00e3o e qualifica\u00e7\u00e3o dos profissionais de sa\u00fade, tanto no \u00e2mbito da aten\u00e7\u00e3o b\u00e1sica como naquele de urg\u00eancia e emerg\u00eancia. Associadamente, o fortalecimento das a\u00e7\u00f5es da Comiss\u00e3o Nacional de Mortalidade Materna e dos Comit\u00eas Estaduais e Municipais de Investiga\u00e7\u00e3o do \u00d3bito Materno \u00e9 outra importante estrat\u00e9gia em curso.<\/p>\n<p style=\"text-align: justify;\"><strong>Pr\u00e9-natal deve come\u00e7ar o mais cedo poss\u00edvel<\/strong><\/p>\n<p style=\"text-align: justify;\">\nA morte materna \u00e9 qualquer morte que ocorre durante a gesta\u00e7\u00e3o, parto ou at\u00e9 42 dias ap\u00f3s o parto. Ela pode ser decorrente de qualquer causa relacionada ou agravada pela gravidez, por\u00e9m n\u00e3o devida a causas acidentais ou incidentais. Em torno de 92% das mortes maternas s\u00e3o por causas evit\u00e1veis e ocorrem, principalmente, por hipertens\u00e3o, hemorragia ou infec\u00e7\u00f5es.<\/p>\n<p style=\"text-align: justify;\">&#8220;Da\u00ed a import\u00e2ncia de a gestante procurar uma unidade de sa\u00fade para iniciar o pr\u00e9-natal o mais precocemente poss\u00edvel, sendo avaliada por um profissional que possa identificar a necessidade de assist\u00eancia mais especializada e de maior complexidade. Essa avalia\u00e7\u00e3o vai indicar se a gravidez dela \u00e9 de risco ou n\u00e3o\u201d, recomenda a coordenadora de sa\u00fade da mulher do Minist\u00e9rio da Sa\u00fade, M\u00f4nica Neri.<\/p>\n<p style=\"text-align: justify;\">Durante a gravidez, \u00e9 importante tamb\u00e9m que as mulheres estejam atentas aos sinais de dor de cabe\u00e7a ou dor na nuca, vis\u00e3o turva, sangramento pela vagina ou febre. Nestes casos, \u00e9 necess\u00e1rio buscar com rapidez uma unidade de sa\u00fade mais pr\u00f3xima. Outros sinais que tamb\u00e9m devem alertar a gestante a procurar assist\u00eancia, a fim de diminuir os riscos para si pr\u00f3pria como para o beb\u00ea, s\u00e3o incha\u00e7o nas pernas ou bra\u00e7os, corrimento ou secre\u00e7\u00e3o vaginal com odor desagrad\u00e1vel, ardor ao urinar.<\/p>\n<p style=\"text-align: justify;\"><strong>Rede Cegonha acompanha a sa\u00fade da mulher<\/strong><\/p>\n<p style=\"text-align: justify;\">\nAs unidades de sa\u00fade p\u00fablicas contam com a estrat\u00e9gia Rede Cegonha, que acompanha a mulher desde a concep\u00e7\u00e3o, no pr\u00e9-natal (aten\u00e7\u00e3o b\u00e1sica), at\u00e9 o parto e p\u00f3s-parto, bem como a crian\u00e7a, no seu desenvolvimento e crescimento at\u00e9 completar dois anos de vida. Em incentivos vinculados a Rede Cegonha, s\u00e3o repassados, em m\u00e9dia, R$ 1 bilh\u00e3o por ano. Segundo dados da an\u00e1lise Sa\u00fade Brasil 2017 do Minist\u00e9rio da Sa\u00fade, o acesso ao pr\u00e9-natal foi adequado ou mais que adequado para cerca 70% das mulheres.<\/p>\n<p style=\"text-align: justify;\">Atualmente, a Rede Cegonha est\u00e1 presente em mais de 1.600 maternidades (p\u00fablicas ou conveniadas) ao SUS. Este n\u00famero engloba as unidades que fazem mais de 1.000 partos por ano. Portanto, as a\u00e7\u00f5es da Rede Cegonha se estendem a um grande n\u00famero de maternidades pelas diversas regi\u00f5es do pa\u00eds. Existem, atualmente, 23 Centros de Parto Normal e 18 Casas da Gestante, Beb\u00ea e Pu\u00e9rpera, com investimentos em curso para melhoria da ambi\u00eancia das maternidades e adequa\u00e7\u00e3o do local de parto para um atendimento mais humanizado (RDC 36\/2008).<\/p>\n<p style=\"text-align: justify;\"><strong>Redu\u00e7\u00e3o da taxa de ces\u00e1rea no Brasil<\/strong><\/p>\n<p style=\"text-align: justify;\">\nA Rede Cegonha trabalha tamb\u00e9m no sentido de aconselhar as gestantes sobre os benef\u00edcios do parto normal, destacando que a ces\u00e1rea dever\u00e1 ser realizada somente quando for necess\u00e1ria. As a\u00e7\u00f5es do Minist\u00e9rio, com vistas \u00e0 mudan\u00e7a do modelo de aten\u00e7\u00e3o ao parto e nascimento com pr\u00e1ticas baseadas em evid\u00eancias cient\u00edficas e a valoriza\u00e7\u00e3o do protagonismo da mulher na hora do parto, t\u00eam contribu\u00eddo para reduzir a taxa de ces\u00e1rea no Brasil. Desde 2000, as taxas de ces\u00e1rea apresentavam uma tend\u00eancia de aumento alcan\u00e7ando 57% em 2014 com redu\u00e7\u00e3o para 55,5% em 2015.<\/p>\n<p style=\"text-align: justify;\">Para fortalecer as a\u00e7\u00f5es em curso com vistas \u00e0 diminui\u00e7\u00e3o das taxas de ces\u00e1rea, o Minist\u00e9rio da Sa\u00fade, lan\u00e7ou no dia 8 de mar\u00e7o deste ano, o Projeto Parto Cuidadoso, que visa, entre outros objetivos, a implementa\u00e7\u00e3o de crit\u00e9rio para avaliar, monitorar e comparar as taxas de ces\u00e1reas ao longo do tempo em um mesmo hospital e entre diferentes hospitais.<\/p>\n<p style=\"text-align: justify;\"><strong>Cursos qualificam o atendimento<\/strong><\/p>\n<p style=\"text-align: justify;\">\nEst\u00e1 em andamento o projeto de Aprimoramento e Inova\u00e7\u00e3o no Cuidado e Ensino em Obstetr\u00edcia e Neonatologia (Apice On) importante ferramenta da Rede Cegonha, que tem entre as principais a\u00e7\u00f5es, a de qualificar o ensino e o exerc\u00edcio da obstetr\u00edcia e neonatologia, com base nas melhores evid\u00eancias cient\u00edficas, seguran\u00e7a e garantia de direitos; promover a incorpora\u00e7\u00e3o das \u201cDiretrizes Nacionais para o Parto Normal\u201d e as \u201cDiretrizes de Aten\u00e7\u00e3o \u00e0 Gestante: a opera\u00e7\u00e3o cesariana\u201d.<\/p>\n<p style=\"text-align: justify;\">Outra iniciativa, em conjunto com a Organiza\u00e7\u00e3o Pan-Americana da Sa\u00fade (Opas), \u00e9 o Projeto Zero Morte Materna por Hemorragia que tem, entre os objetivos, o de qualificar as equipes de sa\u00fade para o manejo cl\u00ednico da hemorragia p\u00f3s-parto direcionado (farmacol\u00f3gico e n\u00e3o-farmacol\u00f3gico), bem como discutir a situa\u00e7\u00e3o da hemorragia obst\u00e9trica e da organiza\u00e7\u00e3o da rede de aten\u00e7\u00e3o materno-infantil em cada Estado.<\/p>\n<p style=\"text-align: justify;\">Existem ainda cursos voltados para qualifica\u00e7\u00e3o e forma\u00e7\u00e3o de enfermeiras na \u00e1rea obst\u00e9trica, incluindo resid\u00eancia, especializa\u00e7\u00e3o e aprimoramento, para atuarem na aten\u00e7\u00e3o ao parto e nascimento de risco habitual. Esta medida \u00e9 reconhecida internacionalmente como importante estrat\u00e9gia de qualifica\u00e7\u00e3o da aten\u00e7\u00e3o materno-infantil. Nos dois \u00faltimos anos participaram desta iniciativa aproximadamente 4 mil profissionais.<\/p>\n<p style=\"text-align: justify;\">\n<p style=\"text-align: justify;\">Fonte: Assessoria de Comunica\u00e7\u00e3o do Minist\u00e9rio da Sa\u00fade<\/p>\n","protected":false},"excerpt":{"rendered":"<p>Semana de Mobiliza\u00e7\u00e3o pela Sa\u00fade das Mulheres ser\u00e1 celebrada at\u00e9 31 de maio. O tema deste ano \u00e9 a redu\u00e7\u00e3o da mortalidade materna Para garantir mais acesso, cuidado, informa\u00e7\u00e3o e sa\u00fade \u00e0 mulher brasileira, o Minist\u00e9rio da Sa\u00fade instituiu a Semana de Mobiliza\u00e7\u00e3o Nacional pela Sa\u00fade das Mulheres no SUS, que ser\u00e1 celebrada at\u00e9 31 [&hellip;]<\/p>\n","protected":false},"author":1,"featured_media":0,"comment_status":"open","ping_status":"open","sticky":false,"template":"","format":"standard","meta":{"ocean_post_layout":"","ocean_both_sidebars_style":"","ocean_both_sidebars_content_width":0,"ocean_both_sidebars_sidebars_width":0,"ocean_sidebar":"","ocean_second_sidebar":"","ocean_disable_margins":"enable","ocean_add_body_class":"","ocean_shortcode_before_top_bar":"","ocean_shortcode_after_top_bar":"","ocean_shortcode_before_header":"","ocean_shortcode_after_header":"","ocean_has_shortcode":"","ocean_shortcode_after_title":"","ocean_shortcode_before_footer_widgets":"","ocean_shortcode_after_footer_widgets":"","ocean_shortcode_before_footer_bottom":"","ocean_shortcode_after_footer_bottom":"","ocean_display_top_bar":"default","ocean_display_header":"default","ocean_header_style":"","ocean_center_header_left_menu":"","ocean_custom_header_template":"","ocean_custom_logo":0,"ocean_custom_retina_logo":0,"ocean_custom_logo_max_width":0,"ocean_custom_logo_tablet_max_width":0,"ocean_custom_logo_mobile_max_width":0,"ocean_custom_logo_max_height":0,"ocean_custom_logo_tablet_max_height":0,"ocean_custom_logo_mobile_max_height":0,"ocean_header_custom_menu":"","ocean_menu_typo_font_family":"","ocean_menu_typo_font_subset":"","ocean_menu_typo_font_size":0,"ocean_menu_typo_font_size_tablet":0,"ocean_menu_typo_font_size_mobile":0,"ocean_menu_typo_font_size_unit":"px","ocean_menu_typo_font_weight":"","ocean_menu_typo_font_weight_tablet":"","ocean_menu_typo_font_weight_mobile":"","ocean_menu_typo_transform":"","ocean_menu_typo_transform_tablet":"","ocean_menu_typo_transform_mobile":"","ocean_menu_typo_line_height":0,"ocean_menu_typo_line_height_tablet":0,"ocean_menu_typo_line_height_mobile":0,"ocean_menu_typo_line_height_unit":"","ocean_menu_typo_spacing":0,"ocean_menu_typo_spacing_tablet":0,"ocean_menu_typo_spacing_mobile":0,"ocean_menu_typo_spacing_unit":"","ocean_menu_link_color":"","ocean_menu_link_color_hover":"","ocean_menu_link_color_active":"","ocean_menu_link_background":"","ocean_menu_link_hover_background":"","ocean_menu_link_active_background":"","ocean_menu_social_links_bg":"","ocean_menu_social_hover_links_bg":"","ocean_menu_social_links_color":"","ocean_menu_social_hover_links_color":"","ocean_disable_title":"default","ocean_disable_heading":"default","ocean_post_title":"","ocean_post_subheading":"","ocean_post_title_style":"","ocean_post_title_background_color":"","ocean_post_title_background":0,"ocean_post_title_bg_image_position":"","ocean_post_title_bg_image_attachment":"","ocean_post_title_bg_image_repeat":"","ocean_post_title_bg_image_size":"","ocean_post_title_height":0,"ocean_post_title_bg_overlay":0.5,"ocean_post_title_bg_overlay_color":"","ocean_disable_breadcrumbs":"default","ocean_breadcrumbs_color":"","ocean_breadcrumbs_separator_color":"","ocean_breadcrumbs_links_color":"","ocean_breadcrumbs_links_hover_color":"","ocean_display_footer_widgets":"default","ocean_display_footer_bottom":"default","ocean_custom_footer_template":"","ocean_post_oembed":"","ocean_post_self_hosted_media":"","ocean_post_video_embed":"","ocean_link_format":"","ocean_link_format_target":"self","ocean_quote_format":"","ocean_quote_format_link":"post","ocean_gallery_link_images":"on","ocean_gallery_id":[]},"categories":[9],"tags":[97,2882,82],"acf":[],"_links":{"self":[{"href":"https:\/\/www.simepe.com.br\/novo\/wp-json\/wp\/v2\/posts\/46537"}],"collection":[{"href":"https:\/\/www.simepe.com.br\/novo\/wp-json\/wp\/v2\/posts"}],"about":[{"href":"https:\/\/www.simepe.com.br\/novo\/wp-json\/wp\/v2\/types\/post"}],"author":[{"embeddable":true,"href":"https:\/\/www.simepe.com.br\/novo\/wp-json\/wp\/v2\/users\/1"}],"replies":[{"embeddable":true,"href":"https:\/\/www.simepe.com.br\/novo\/wp-json\/wp\/v2\/comments?post=46537"}],"version-history":[{"count":1,"href":"https:\/\/www.simepe.com.br\/novo\/wp-json\/wp\/v2\/posts\/46537\/revisions"}],"predecessor-version":[{"id":46538,"href":"https:\/\/www.simepe.com.br\/novo\/wp-json\/wp\/v2\/posts\/46537\/revisions\/46538"}],"wp:attachment":[{"href":"https:\/\/www.simepe.com.br\/novo\/wp-json\/wp\/v2\/media?parent=46537"}],"wp:term":[{"taxonomy":"category","embeddable":true,"href":"https:\/\/www.simepe.com.br\/novo\/wp-json\/wp\/v2\/categories?post=46537"},{"taxonomy":"post_tag","embeddable":true,"href":"https:\/\/www.simepe.com.br\/novo\/wp-json\/wp\/v2\/tags?post=46537"}],"curies":[{"name":"wp","href":"https:\/\/api.w.org\/{rel}","templated":true}]}}