{"id":46539,"date":"2018-05-30T09:45:28","date_gmt":"2018-05-30T12:45:28","guid":{"rendered":"http:\/\/www.simepe.com.br\/novo\/?p=46539"},"modified":"2018-05-30T09:45:28","modified_gmt":"2018-05-30T12:45:28","slug":"brasil-teve-119-mil-nascimentos-a-menos-entre-2015-e-2016-periodo-de-maior-circulacao-do-zika","status":"publish","type":"post","link":"https:\/\/www.simepe.com.br\/novo\/brasil-teve-119-mil-nascimentos-a-menos-entre-2015-e-2016-periodo-de-maior-circulacao-do-zika\/","title":{"rendered":"Brasil teve 119 mil nascimentos a menos entre 2015 e 2016, per\u00edodo de maior circula\u00e7\u00e3o do zika"},"content":{"rendered":"<p style=\"text-align: justify;\">Adiamento da gravidez e abortos podem explicar queda, analisa levantamento publicado no &#8216;PNAS&#8217;. Maior diminui\u00e7\u00e3o ocorreu a partir de abril de 2016.<\/p>\n<p style=\"text-align: justify;\">A chegada do v\u00edrus da zika entre 2015 e 2016 pode ter puxado o n\u00famero de nascimentos para baixo no Brasil: nesse per\u00edodo, o pa\u00eds teve 119.095 nascimentos a menos que o esperado, diz estudo publicado no &#8220;Proceedings of the National Academy of Sciences&#8221; (PNAS).<\/p>\n<p style=\"text-align: justify;\">Pesquisadores analisaram banco de dados brasileiros a partir de setembro de 2015 &#8212; segundo a an\u00e1lise, a queda come\u00e7ou a ficar mais acentuada a partir de abril de 2016 (com uma diminui\u00e7\u00e3o de 0,05).<\/p>\n<p style=\"text-align: justify;\">A pesquisa teve como primeiro autora Marcia Castro, da Universidade de Harvard. Outros pesquisadores, incluindo brasileiros participaram do trabalho: Lucas Carvalho (Universidade Federal de Minas Gerais), Cesar Victora (Universidade Federal de Pelotas), Giovanny Fran\u00e7a (Minist\u00e9rio da Sa\u00fade no Brasil) e Qiuyi Han (Harvard).<\/p>\n<p style=\"text-align: justify;\"><img src=\"https:\/\/s2.glbimg.com\/gmRlt6otCIfY3J25RkzgN-3clvQ=\/0x0:1235x1280\/984x0\/smart\/filters:strip_icc()\/i.s3.glbimg.com\/v1\/AUTH_59edd422c0c84a879bd37670ae4f538a\/internal_photos\/bs\/2018\/U\/K\/uqB1EeTyC85EvTFdjRCw\/microcefaliacasos.jpg\" alt=\"Mapa publicado no estudo mostra a distribui\u00c3\u00a7\u00c3\u00a3o brasileira dos casos de anomalias em crian\u00c3\u00a7as associadas ao zika; o marrom mais escuro indica as regi\u00c3\u00b5es com maior concentra\u00c3\u00a7\u00c3\u00a3o de casos (Foto: Marcia C. Castro et al\/PNAS)\" \/><\/p>\n<p style=\"text-align: justify;\">Apesar do estudo n\u00e3o ter estudado especificamente a influ\u00eancia do zika, pesquisadores acreditam que a epidemia por zika e sua divulga\u00e7\u00e3o influenciaram a queda nos nascimentos &#8212; principalmente no que tange \u00e0s m\u00e1s-forma\u00e7\u00f5es de fetos e crian\u00e7as.<\/p>\n<p style=\"text-align: justify;\">&#8220;Argumentamos que o adiamento da gravidez e um aumento nos abortos podem ter contribu\u00eddo para o decl\u00ednio dos nascimentos&#8221;, concluem os autores no estudo.<br \/>\n&#8220;Tamb\u00e9m \u00e9 prov\u00e1vel que tenha ocorrido um aumento nos abortos seguros, ainda que seletivos por status socioecon\u00f4mico&#8221;, disseram.<\/p>\n<p style=\"text-align: justify;\">\nO achado da pesquisa \u00e9 corroborado por outras: um levantamento brasileiro entre 30 de mar\u00e7o e 3 de junho de 2016 mostrou que 18% mais mulheres passaram a utilizar contraceptivos no Nordeste.<\/p>\n<p style=\"text-align: justify;\">No entanto, a crise econ\u00f4mica, um outro fator que conhecidamente afeta a decis\u00e3o de ter filhos, pode ser elencada tamb\u00e9m como uma das raz\u00f5es para a queda dos nascimentos, diz o estudo.<\/p>\n<p style=\"text-align: justify;\"><img src=\"https:\/\/s2.glbimg.com\/7FQ3hQbK9RvK4hE2rLB0ExQl0_w=\/0x0:976x549\/1008x0\/smart\/filters:strip_icc()\/i.s3.glbimg.com\/v1\/AUTH_59edd422c0c84a879bd37670ae4f538a\/internal_photos\/bs\/2018\/s\/t\/prUy9MRv2karocYuzqbg\/10-houve-muitos-casos-de-microcefalia-congenita-provocada-pelo-zika-no-brasil.jpg\" alt=\"Pesquisa sugere para um menor n\u00c3\u00bamero de abortos em fam\u00c3\u00adlias de menor renda (Foto: Getty Images)\" \/><\/p>\n<p style=\"text-align: justify;\"><strong>Aborto e desigualdades regionais<\/strong><\/p>\n<p style=\"text-align: justify;\">\nPara estimar a quantidade de abortos no per\u00edodo, pesquisadores contabilizaram o n\u00famero de hospitaliza\u00e7\u00f5es que podem ter ocorrido por tentativas de interrup\u00e7\u00e3o da gravidez.<\/p>\n<p style=\"text-align: justify;\">Com a an\u00e1lise, a pesquisa concluiu que a hospitaliza\u00e7\u00e3o por aborto foi menor que a esperada &#8212; o que implica numa maior ocorr\u00eancia de abortos seguros, posto que essas mulheres n\u00e3o precisariam procurar o hospital.<\/p>\n<p style=\"text-align: justify;\">Para os autores, o dado mostra a possibilidade de um maior n\u00famero de abortos em regi\u00f5es de maior renda, fator que pode ter influenciado para uma desigualdade regional da microcefalia &#8212; com um maior n\u00famero sendo registrado na regi\u00e3o Nordeste, por exemplo.<\/p>\n<p style=\"text-align: justify;\">&#8220;A epidemia do zika resultou em uma gera\u00e7\u00e3o de beb\u00eas com s\u00edndrome do zika cong\u00eanita (CZS) que refletem e exacerbam as desigualdades regionais e sociais&#8221;, escreveram os autores.<\/p>\n<p style=\"text-align: justify;\">\n<p style=\"text-align: justify;\">Fonte: G1<\/p>\n","protected":false},"excerpt":{"rendered":"<p>Adiamento da gravidez e abortos podem explicar queda, analisa levantamento publicado no &#8216;PNAS&#8217;. Maior diminui\u00e7\u00e3o ocorreu a partir de abril de 2016. A chegada do v\u00edrus da zika entre 2015 e 2016 pode ter puxado o n\u00famero de nascimentos para baixo no Brasil: nesse per\u00edodo, o pa\u00eds teve 119.095 nascimentos a menos que o esperado, [&hellip;]<\/p>\n","protected":false},"author":1,"featured_media":46540,"comment_status":"open","ping_status":"open","sticky":false,"template":"","format":"standard","meta":{"ocean_post_layout":"","ocean_both_sidebars_style":"","ocean_both_sidebars_content_width":0,"ocean_both_sidebars_sidebars_width":0,"ocean_sidebar":"","ocean_second_sidebar":"","ocean_disable_margins":"enable","ocean_add_body_class":"","ocean_shortcode_before_top_bar":"","ocean_shortcode_after_top_bar":"","ocean_shortcode_before_header":"","ocean_shortcode_after_header":"","ocean_has_shortcode":"","ocean_shortcode_after_title":"","ocean_shortcode_before_footer_widgets":"","ocean_shortcode_after_footer_widgets":"","ocean_shortcode_before_footer_bottom":"","ocean_shortcode_after_footer_bottom":"","ocean_display_top_bar":"default","ocean_display_header":"default","ocean_header_style":"","ocean_center_header_left_menu":"","ocean_custom_header_template":"","ocean_custom_logo":0,"ocean_custom_retina_logo":0,"ocean_custom_logo_max_width":0,"ocean_custom_logo_tablet_max_width":0,"ocean_custom_logo_mobile_max_width":0,"ocean_custom_logo_max_height":0,"ocean_custom_logo_tablet_max_height":0,"ocean_custom_logo_mobile_max_height":0,"ocean_header_custom_menu":"","ocean_menu_typo_font_family":"","ocean_menu_typo_font_subset":"","ocean_menu_typo_font_size":0,"ocean_menu_typo_font_size_tablet":0,"ocean_menu_typo_font_size_mobile":0,"ocean_menu_typo_font_size_unit":"px","ocean_menu_typo_font_weight":"","ocean_menu_typo_font_weight_tablet":"","ocean_menu_typo_font_weight_mobile":"","ocean_menu_typo_transform":"","ocean_menu_typo_transform_tablet":"","ocean_menu_typo_transform_mobile":"","ocean_menu_typo_line_height":0,"ocean_menu_typo_line_height_tablet":0,"ocean_menu_typo_line_height_mobile":0,"ocean_menu_typo_line_height_unit":"","ocean_menu_typo_spacing":0,"ocean_menu_typo_spacing_tablet":0,"ocean_menu_typo_spacing_mobile":0,"ocean_menu_typo_spacing_unit":"","ocean_menu_link_color":"","ocean_menu_link_color_hover":"","ocean_menu_link_color_active":"","ocean_menu_link_background":"","ocean_menu_link_hover_background":"","ocean_menu_link_active_background":"","ocean_menu_social_links_bg":"","ocean_menu_social_hover_links_bg":"","ocean_menu_social_links_color":"","ocean_menu_social_hover_links_color":"","ocean_disable_title":"default","ocean_disable_heading":"default","ocean_post_title":"","ocean_post_subheading":"","ocean_post_title_style":"","ocean_post_title_background_color":"","ocean_post_title_background":0,"ocean_post_title_bg_image_position":"","ocean_post_title_bg_image_attachment":"","ocean_post_title_bg_image_repeat":"","ocean_post_title_bg_image_size":"","ocean_post_title_height":0,"ocean_post_title_bg_overlay":0.5,"ocean_post_title_bg_overlay_color":"","ocean_disable_breadcrumbs":"default","ocean_breadcrumbs_color":"","ocean_breadcrumbs_separator_color":"","ocean_breadcrumbs_links_color":"","ocean_breadcrumbs_links_hover_color":"","ocean_display_footer_widgets":"default","ocean_display_footer_bottom":"default","ocean_custom_footer_template":"","ocean_post_oembed":"","ocean_post_self_hosted_media":"","ocean_post_video_embed":"","ocean_link_format":"","ocean_link_format_target":"self","ocean_quote_format":"","ocean_quote_format_link":"post","ocean_gallery_link_images":"on","ocean_gallery_id":[]},"categories":[1],"tags":[2883,82,1989],"acf":[],"_links":{"self":[{"href":"https:\/\/www.simepe.com.br\/novo\/wp-json\/wp\/v2\/posts\/46539"}],"collection":[{"href":"https:\/\/www.simepe.com.br\/novo\/wp-json\/wp\/v2\/posts"}],"about":[{"href":"https:\/\/www.simepe.com.br\/novo\/wp-json\/wp\/v2\/types\/post"}],"author":[{"embeddable":true,"href":"https:\/\/www.simepe.com.br\/novo\/wp-json\/wp\/v2\/users\/1"}],"replies":[{"embeddable":true,"href":"https:\/\/www.simepe.com.br\/novo\/wp-json\/wp\/v2\/comments?post=46539"}],"version-history":[{"count":1,"href":"https:\/\/www.simepe.com.br\/novo\/wp-json\/wp\/v2\/posts\/46539\/revisions"}],"predecessor-version":[{"id":46541,"href":"https:\/\/www.simepe.com.br\/novo\/wp-json\/wp\/v2\/posts\/46539\/revisions\/46541"}],"wp:featuredmedia":[{"embeddable":true,"href":"https:\/\/www.simepe.com.br\/novo\/wp-json\/wp\/v2\/media\/46540"}],"wp:attachment":[{"href":"https:\/\/www.simepe.com.br\/novo\/wp-json\/wp\/v2\/media?parent=46539"}],"wp:term":[{"taxonomy":"category","embeddable":true,"href":"https:\/\/www.simepe.com.br\/novo\/wp-json\/wp\/v2\/categories?post=46539"},{"taxonomy":"post_tag","embeddable":true,"href":"https:\/\/www.simepe.com.br\/novo\/wp-json\/wp\/v2\/tags?post=46539"}],"curies":[{"name":"wp","href":"https:\/\/api.w.org\/{rel}","templated":true}]}}