{"id":46554,"date":"2018-05-30T10:16:34","date_gmt":"2018-05-30T13:16:34","guid":{"rendered":"http:\/\/www.simepe.com.br\/novo\/?p=46554"},"modified":"2018-05-30T10:16:34","modified_gmt":"2018-05-30T13:16:34","slug":"medicos-da-ebserh-votam-paralisacao-no-rn","status":"publish","type":"post","link":"https:\/\/www.simepe.com.br\/novo\/medicos-da-ebserh-votam-paralisacao-no-rn\/","title":{"rendered":"M\u00e9dicos da EBSERH votam paralisa\u00e7\u00e3o no RN"},"content":{"rendered":"<p style=\"text-align: justify;\">Os m\u00e9dicos da Empresa Brasileira de Servi\u00e7os Hospitalares (EBSERH) no estado do Rio Grande do Norte realizam assembleia amanh\u00e3 (30), no Sinmed RN, para tratar sobre acordo coletivo e paralisa\u00e7\u00e3o dos atendimentos.<\/p>\n<p style=\"text-align: justify;\">Em plen\u00e1ria nacional da Confedera\u00e7\u00e3o dos Trabalhadores no Servi\u00e7o P\u00fablico Federal \u2013 Condsef, realizada em Bras\u00edlia, no \u00faltimo dia 26, empregados da Ebserh aprovaram a deflagra\u00e7\u00e3o de uma greve por tempo indeterminado a partir do dia 5 de junho devido ao conjunto de fatores que mant\u00e9m o impasse no processo de negocia\u00e7\u00f5es envolvendo o ACT 2018\/2019 e n\u00e3o assegura ainda diss\u00eddio que aguarda an\u00e1lise do Tribunal Superior do Trabalho (TST) referente ao ACT 2017\/2018. Confira o aditivo: 2017\/2018<\/p>\n<p style=\"text-align: justify;\">Amanh\u00e3, \u00e0s 19h, os m\u00e9dicos da Ebserh no RN debatem o assunto e votam a paralisa\u00e7\u00e3o da categoria no estado a partir do dia 05. A Ebserh atua nos hospitais universit\u00e1rios Ana Bezerra (HUAB), em Santa Cruz, e Onofre Lopes (HUOL), e na Maternidade Escola Janu\u00e1rio Cicco (MEJC).<\/p>\n<p style=\"text-align: justify;\">\n<p style=\"text-align: justify;\">Fonte: Assessoria de Comunica\u00e7\u00e3o do Sindicato dos M\u00e9dicos do Rio Grande do Norte (Sinmed RN)<\/p>\n","protected":false},"excerpt":{"rendered":"<p>Os m\u00e9dicos da Empresa Brasileira de Servi\u00e7os Hospitalares (EBSERH) no estado do Rio Grande do Norte realizam assembleia amanh\u00e3 (30), no Sinmed RN, para tratar sobre acordo coletivo e paralisa\u00e7\u00e3o dos atendimentos. Em plen\u00e1ria nacional da Confedera\u00e7\u00e3o dos Trabalhadores no Servi\u00e7o P\u00fablico Federal \u2013 Condsef, realizada em Bras\u00edlia, no \u00faltimo dia 26, empregados da Ebserh [&hellip;]<\/p>\n","protected":false},"author":1,"featured_media":46555,"comment_status":"open","ping_status":"open","sticky":false,"template":"","format":"standard","meta":{"ocean_post_layout":"","ocean_both_sidebars_style":"","ocean_both_sidebars_content_width":0,"ocean_both_sidebars_sidebars_width":0,"ocean_sidebar":"","ocean_second_sidebar":"","ocean_disable_margins":"enable","ocean_add_body_class":"","ocean_shortcode_before_top_bar":"","ocean_shortcode_after_top_bar":"","ocean_shortcode_before_header":"","ocean_shortcode_after_header":"","ocean_has_shortcode":"","ocean_shortcode_after_title":"","ocean_shortcode_before_footer_widgets":"","ocean_shortcode_after_footer_widgets":"","ocean_shortcode_before_footer_bottom":"","ocean_shortcode_after_footer_bottom":"","ocean_display_top_bar":"default","ocean_display_header":"default","ocean_header_style":"","ocean_center_header_left_menu":"","ocean_custom_header_template":"","ocean_custom_logo":0,"ocean_custom_retina_logo":0,"ocean_custom_logo_max_width":0,"ocean_custom_logo_tablet_max_width":0,"ocean_custom_logo_mobile_max_width":0,"ocean_custom_logo_max_height":0,"ocean_custom_logo_tablet_max_height":0,"ocean_custom_logo_mobile_max_height":0,"ocean_header_custom_menu":"","ocean_menu_typo_font_family":"","ocean_menu_typo_font_subset":"","ocean_menu_typo_font_size":0,"ocean_menu_typo_font_size_tablet":0,"ocean_menu_typo_font_size_mobile":0,"ocean_menu_typo_font_size_unit":"px","ocean_menu_typo_font_weight":"","ocean_menu_typo_font_weight_tablet":"","ocean_menu_typo_font_weight_mobile":"","ocean_menu_typo_transform":"","ocean_menu_typo_transform_tablet":"","ocean_menu_typo_transform_mobile":"","ocean_menu_typo_line_height":0,"ocean_menu_typo_line_height_tablet":0,"ocean_menu_typo_line_height_mobile":0,"ocean_menu_typo_line_height_unit":"","ocean_menu_typo_spacing":0,"ocean_menu_typo_spacing_tablet":0,"ocean_menu_typo_spacing_mobile":0,"ocean_menu_typo_spacing_unit":"","ocean_menu_link_color":"","ocean_menu_link_color_hover":"","ocean_menu_link_color_active":"","ocean_menu_link_background":"","ocean_menu_link_hover_background":"","ocean_menu_link_active_background":"","ocean_menu_social_links_bg":"","ocean_menu_social_hover_links_bg":"","ocean_menu_social_links_color":"","ocean_menu_social_hover_links_color":"","ocean_disable_title":"default","ocean_disable_heading":"default","ocean_post_title":"","ocean_post_subheading":"","ocean_post_title_style":"","ocean_post_title_background_color":"","ocean_post_title_background":0,"ocean_post_title_bg_image_position":"","ocean_post_title_bg_image_attachment":"","ocean_post_title_bg_image_repeat":"","ocean_post_title_bg_image_size":"","ocean_post_title_height":0,"ocean_post_title_bg_overlay":0.5,"ocean_post_title_bg_overlay_color":"","ocean_disable_breadcrumbs":"default","ocean_breadcrumbs_color":"","ocean_breadcrumbs_separator_color":"","ocean_breadcrumbs_links_color":"","ocean_breadcrumbs_links_hover_color":"","ocean_display_footer_widgets":"default","ocean_display_footer_bottom":"default","ocean_custom_footer_template":"","ocean_post_oembed":"","ocean_post_self_hosted_media":"","ocean_post_video_embed":"","ocean_link_format":"","ocean_link_format_target":"self","ocean_quote_format":"","ocean_quote_format_link":"post","ocean_gallery_link_images":"on","ocean_gallery_id":[]},"categories":[1],"tags":[],"acf":[],"_links":{"self":[{"href":"https:\/\/www.simepe.com.br\/novo\/wp-json\/wp\/v2\/posts\/46554"}],"collection":[{"href":"https:\/\/www.simepe.com.br\/novo\/wp-json\/wp\/v2\/posts"}],"about":[{"href":"https:\/\/www.simepe.com.br\/novo\/wp-json\/wp\/v2\/types\/post"}],"author":[{"embeddable":true,"href":"https:\/\/www.simepe.com.br\/novo\/wp-json\/wp\/v2\/users\/1"}],"replies":[{"embeddable":true,"href":"https:\/\/www.simepe.com.br\/novo\/wp-json\/wp\/v2\/comments?post=46554"}],"version-history":[{"count":1,"href":"https:\/\/www.simepe.com.br\/novo\/wp-json\/wp\/v2\/posts\/46554\/revisions"}],"predecessor-version":[{"id":46556,"href":"https:\/\/www.simepe.com.br\/novo\/wp-json\/wp\/v2\/posts\/46554\/revisions\/46556"}],"wp:featuredmedia":[{"embeddable":true,"href":"https:\/\/www.simepe.com.br\/novo\/wp-json\/wp\/v2\/media\/46555"}],"wp:attachment":[{"href":"https:\/\/www.simepe.com.br\/novo\/wp-json\/wp\/v2\/media?parent=46554"}],"wp:term":[{"taxonomy":"category","embeddable":true,"href":"https:\/\/www.simepe.com.br\/novo\/wp-json\/wp\/v2\/categories?post=46554"},{"taxonomy":"post_tag","embeddable":true,"href":"https:\/\/www.simepe.com.br\/novo\/wp-json\/wp\/v2\/tags?post=46554"}],"curies":[{"name":"wp","href":"https:\/\/api.w.org\/{rel}","templated":true}]}}