{"id":46564,"date":"2018-05-31T10:02:06","date_gmt":"2018-05-31T13:02:06","guid":{"rendered":"http:\/\/www.simepe.com.br\/novo\/?p=46564"},"modified":"2018-05-31T10:02:06","modified_gmt":"2018-05-31T13:02:06","slug":"familiares-denunciam-que-aviao-de-salvamento-nao-fez-o-resgate-de-dois-pacientes-graves-em-fernando-de-noronha","status":"publish","type":"post","link":"https:\/\/www.simepe.com.br\/novo\/familiares-denunciam-que-aviao-de-salvamento-nao-fez-o-resgate-de-dois-pacientes-graves-em-fernando-de-noronha\/","title":{"rendered":"Familiares denunciam que avi\u00e3o de salvamento n\u00e3o fez o resgate de dois pacientes graves em Fernando de Noronha"},"content":{"rendered":"<p style=\"text-align: justify;\">Um rapaz sofreu um acidente de moto e um homem tem suspeita de infec\u00e7\u00e3o generalizada<\/p>\n<p style=\"text-align: justify;\"><img src=\"https:\/\/s2.glbimg.com\/2mDhAOdpr7rCHNxwueepEfyqmC0=\/0x0:559x749\/984x0\/smart\/filters:strip_icc()\/i.s3.glbimg.com\/v1\/AUTH_59edd422c0c84a879bd37670ae4f538a\/internal_photos\/bs\/2018\/q\/f\/ZFd8xUTA2j2bUrP0p9cA\/acidente-moto-vitima-.jpg\" alt=\"Isaac Santana foi socorrido pelo Corpo de Bombeiros e est\u00c3\u00a1 no hospital   (Foto: Tib\u00c3\u00a9rius Santana )\" \/><\/p>\n<p style=\"text-align: justify;\">Os familiares de dois moradores da ilha est\u00e3o revoltados, eles aguardaram a chegada de um avi\u00e3o de salvamento para transfer\u00eancia dos pacientes, mas Aeroporto de Fernando de Noronha fechou \u00e0s 18 horas desta ter\u00e7a-feira (29) e a aeronave n\u00e3o fez as viagens.<\/p>\n<p style=\"text-align: justify;\">O gar\u00e7om Isaac Messias Santana, de 29 anos, sofreu um acidente de moto e quebrou as duas pernas na tarde desta ter\u00e7a-feira (29). J\u00e1 o comerciante Jos\u00e9 Carlos de Barros, conhecido como Gostosinho, tem 43 anos e deu entrada na unidade de sa\u00fade nessa segunda-feira (28). A suspeita \u00e9 que o comerciante tenha sofrido um infarto e tenha infec\u00e7\u00e3o generalizada. Os dois est\u00e3o internados no Hospital S\u00e3o Lucas e devem ser transferidos para atendimento no Recife, mas o salvaero (avi\u00e3o salvamento) n\u00e3o pousou na ilha.<\/p>\n<p style=\"text-align: justify;\"><img src=\"https:\/\/s2.glbimg.com\/DfIlJiuivs6vKj-_Vzi89LGw71w=\/0x0:728x486\/984x0\/smart\/filters:strip_icc()\/i.s3.glbimg.com\/v1\/AUTH_59edd422c0c84a879bd37670ae4f538a\/internal_photos\/bs\/2018\/R\/B\/n9tAf3TgC4xhOzHxb0Bw\/gostosinho-021.jpg\" alt=\"Jos\u00c3\u00a9 Barros precisa ser transfeiro  (Foto: Ana Clara Marinho\/TV Globo )\" \/><\/p>\n<p style=\"text-align: justify;\">\u201cMeu marido deu entrada no hospital ontem ao meio dia e \u00e0s dez da noite dessa segunda (28) teve um infarto. N\u00f3s esperamos o avi\u00e3o e a informa\u00e7\u00e3o que eu recebi \u00e9 que a aeronave n\u00e3o vem porque o Governo do Estado n\u00e3o pagou a empresa que faz o servi\u00e7o. N\u00f3s estamos sendo tratados como bichos, isso \u00e9 muito errado\u201d, falou C\u00edntia Hon\u00f3rio da Silva Barros, esposa de Jos\u00e9 Carlos Barros.<\/p>\n<p style=\"text-align: justify;\"><img src=\"https:\/\/s2.glbimg.com\/o_Kz3dPA4rlfjIdmg5fDRtVGuVs=\/0x0:728x508\/984x0\/smart\/filters:strip_icc()\/i.s3.glbimg.com\/v1\/AUTH_59edd422c0c84a879bd37670ae4f538a\/internal_photos\/bs\/2018\/1\/3\/TA5iqBTOaxPLzxxGo1nQ\/cintia-barros-.jpg\" alt=\"C\u00c3\u00adntia Barros quer a transfer\u00c3\u00aancia do marido  (Foto: Ana Clara Marinho\/TV Globo )\" \/><\/p>\n<p style=\"text-align: justify;\">A mulher de Isaac Santana tamb\u00e9m reclama da falta de transfer\u00eancia do marido. \u201c Um m\u00e9dico disse que ele deveria ser transferido, quebrou as duas pernas, tem uma fratura do f\u00eamur e precisa fazer uma cirurgia. J\u00e1 me falaram que o socorro n\u00e3o pode vir hoje, s\u00f3 nesta quarta-feira (30). Isso \u00e9 um absurdo, se aqui n\u00e3o tem o atendimento o correto \u00e9 levar para o Recife. Para onde vai nossos impostos, na hora que a gente mais precisa?\u201d, questionou Giovana Maria de Oliveira , mulher de Isaac.<\/p>\n<p style=\"text-align: justify;\"><img src=\"https:\/\/s2.glbimg.com\/B6bfh6x9_qCyJV3A6StpWoEkUwQ=\/0x0:728x663\/984x0\/smart\/filters:strip_icc()\/i.s3.glbimg.com\/v1\/AUTH_59edd422c0c84a879bd37670ae4f538a\/internal_photos\/bs\/2018\/p\/a\/TEh2JCTqCKV1QihRcXjw\/giovana-oliveira-.jpg\" alt=\"Giovana Oliveira vai passar a noite no hospital esperando a transfer\u00c3\u00aancia do marido (Foto: Ana Clara Marinho\/TV Globo )\" \/><\/p>\n<p style=\"text-align: justify;\">A Assessoria de Imprensa da Administra\u00e7\u00e3o de Fernando de Noronha enviou uma nota de esclarecimento sobre a falta da aeronave para as transfer\u00eancias.<\/p>\n<p style=\"text-align: justify;\">\u201cO Hospital S\u00e3o Lucas admitiu, no dia 28\/05\/2018, usu\u00e1rio com quadro inicial de amigdalite evoluindo para taquicardia, febre e dificuldade de respirar. Com suspeita de infec\u00e7\u00e3o generalizada, o paciente fora internado e iniciado protocolo adequado conforme avalia\u00e7\u00e3o m\u00e9dica. Ao final da noite apresentou agravamento do quadro com problemas cardiol\u00f3gicos, tendo sido medicado, estabilizado e regulado para Hospital no Recife. Devido ao cen\u00e1rio nacional da greve de caminhoneiros e os impactos log\u00edsticos direto sobre a remo\u00e7\u00e3o de pacientes terrestres, houve uma sobrecarga de demandas para remo\u00e7\u00e3o a\u00e9rea.<\/p>\n<p style=\"text-align: justify;\">A empresa conveniada com o Estado, respons\u00e1vel por atender a remo\u00e7\u00e3o a\u00e9rea de pacientes de Fernando de Noronha, s\u00f3 teria disponibilidade aeronave para o dia 30\/05\/18, devido a alta demanda de remo\u00e7\u00e3o de outros pacientes. Desta forma, em comum acordo, a Administra\u00e7\u00e3o de Fernando de Noronha e o Secret\u00e1rio de Sa\u00fade, Dr. Iran Costa, solicitaram apoio da For\u00e7a A\u00e9rea Brasileira \u2013 FAB, que prontamente atendeu solicita\u00e7\u00e3o do Estado e enviar\u00e1 uma aeronave para remo\u00e7\u00e3o do paciente.<\/p>\n<p style=\"text-align: justify;\">\nReiteramos que a Secretaria Estadual de Sa\u00fade e a Administra\u00e7\u00e3o Distrital, por meio de sua Superintend\u00eancia de Sa\u00fade, n\u00e3o mediu esfor\u00e7os para atender o paciente acima citado e apoiar a sua fam\u00edlia\u201d, finaliza a nota.<\/p>\n<p style=\"text-align: justify;\">\n<p style=\"text-align: justify;\">Fonte: G1<\/p>\n","protected":false},"excerpt":{"rendered":"<p>Um rapaz sofreu um acidente de moto e um homem tem suspeita de infec\u00e7\u00e3o generalizada Os familiares de dois moradores da ilha est\u00e3o revoltados, eles aguardaram a chegada de um avi\u00e3o de salvamento para transfer\u00eancia dos pacientes, mas Aeroporto de Fernando de Noronha fechou \u00e0s 18 horas desta ter\u00e7a-feira (29) e a aeronave n\u00e3o fez [&hellip;]<\/p>\n","protected":false},"author":1,"featured_media":0,"comment_status":"open","ping_status":"open","sticky":false,"template":"","format":"standard","meta":{"ocean_post_layout":"","ocean_both_sidebars_style":"","ocean_both_sidebars_content_width":0,"ocean_both_sidebars_sidebars_width":0,"ocean_sidebar":"","ocean_second_sidebar":"","ocean_disable_margins":"enable","ocean_add_body_class":"","ocean_shortcode_before_top_bar":"","ocean_shortcode_after_top_bar":"","ocean_shortcode_before_header":"","ocean_shortcode_after_header":"","ocean_has_shortcode":"","ocean_shortcode_after_title":"","ocean_shortcode_before_footer_widgets":"","ocean_shortcode_after_footer_widgets":"","ocean_shortcode_before_footer_bottom":"","ocean_shortcode_after_footer_bottom":"","ocean_display_top_bar":"default","ocean_display_header":"default","ocean_header_style":"","ocean_center_header_left_menu":"","ocean_custom_header_template":"","ocean_custom_logo":0,"ocean_custom_retina_logo":0,"ocean_custom_logo_max_width":0,"ocean_custom_logo_tablet_max_width":0,"ocean_custom_logo_mobile_max_width":0,"ocean_custom_logo_max_height":0,"ocean_custom_logo_tablet_max_height":0,"ocean_custom_logo_mobile_max_height":0,"ocean_header_custom_menu":"","ocean_menu_typo_font_family":"","ocean_menu_typo_font_subset":"","ocean_menu_typo_font_size":0,"ocean_menu_typo_font_size_tablet":0,"ocean_menu_typo_font_size_mobile":0,"ocean_menu_typo_font_size_unit":"px","ocean_menu_typo_font_weight":"","ocean_menu_typo_font_weight_tablet":"","ocean_menu_typo_font_weight_mobile":"","ocean_menu_typo_transform":"","ocean_menu_typo_transform_tablet":"","ocean_menu_typo_transform_mobile":"","ocean_menu_typo_line_height":0,"ocean_menu_typo_line_height_tablet":0,"ocean_menu_typo_line_height_mobile":0,"ocean_menu_typo_line_height_unit":"","ocean_menu_typo_spacing":0,"ocean_menu_typo_spacing_tablet":0,"ocean_menu_typo_spacing_mobile":0,"ocean_menu_typo_spacing_unit":"","ocean_menu_link_color":"","ocean_menu_link_color_hover":"","ocean_menu_link_color_active":"","ocean_menu_link_background":"","ocean_menu_link_hover_background":"","ocean_menu_link_active_background":"","ocean_menu_social_links_bg":"","ocean_menu_social_hover_links_bg":"","ocean_menu_social_links_color":"","ocean_menu_social_hover_links_color":"","ocean_disable_title":"default","ocean_disable_heading":"default","ocean_post_title":"","ocean_post_subheading":"","ocean_post_title_style":"","ocean_post_title_background_color":"","ocean_post_title_background":0,"ocean_post_title_bg_image_position":"","ocean_post_title_bg_image_attachment":"","ocean_post_title_bg_image_repeat":"","ocean_post_title_bg_image_size":"","ocean_post_title_height":0,"ocean_post_title_bg_overlay":0.5,"ocean_post_title_bg_overlay_color":"","ocean_disable_breadcrumbs":"default","ocean_breadcrumbs_color":"","ocean_breadcrumbs_separator_color":"","ocean_breadcrumbs_links_color":"","ocean_breadcrumbs_links_hover_color":"","ocean_display_footer_widgets":"default","ocean_display_footer_bottom":"default","ocean_custom_footer_template":"","ocean_post_oembed":"","ocean_post_self_hosted_media":"","ocean_post_video_embed":"","ocean_link_format":"","ocean_link_format_target":"self","ocean_quote_format":"","ocean_quote_format_link":"post","ocean_gallery_link_images":"on","ocean_gallery_id":[]},"categories":[9],"tags":[2858,2885,2886,82],"acf":[],"_links":{"self":[{"href":"https:\/\/www.simepe.com.br\/novo\/wp-json\/wp\/v2\/posts\/46564"}],"collection":[{"href":"https:\/\/www.simepe.com.br\/novo\/wp-json\/wp\/v2\/posts"}],"about":[{"href":"https:\/\/www.simepe.com.br\/novo\/wp-json\/wp\/v2\/types\/post"}],"author":[{"embeddable":true,"href":"https:\/\/www.simepe.com.br\/novo\/wp-json\/wp\/v2\/users\/1"}],"replies":[{"embeddable":true,"href":"https:\/\/www.simepe.com.br\/novo\/wp-json\/wp\/v2\/comments?post=46564"}],"version-history":[{"count":1,"href":"https:\/\/www.simepe.com.br\/novo\/wp-json\/wp\/v2\/posts\/46564\/revisions"}],"predecessor-version":[{"id":46565,"href":"https:\/\/www.simepe.com.br\/novo\/wp-json\/wp\/v2\/posts\/46564\/revisions\/46565"}],"wp:attachment":[{"href":"https:\/\/www.simepe.com.br\/novo\/wp-json\/wp\/v2\/media?parent=46564"}],"wp:term":[{"taxonomy":"category","embeddable":true,"href":"https:\/\/www.simepe.com.br\/novo\/wp-json\/wp\/v2\/categories?post=46564"},{"taxonomy":"post_tag","embeddable":true,"href":"https:\/\/www.simepe.com.br\/novo\/wp-json\/wp\/v2\/tags?post=46564"}],"curies":[{"name":"wp","href":"https:\/\/api.w.org\/{rel}","templated":true}]}}