{"id":46570,"date":"2018-05-31T10:35:10","date_gmt":"2018-05-31T13:35:10","guid":{"rendered":"http:\/\/www.simepe.com.br\/novo\/?p=46570"},"modified":"2018-05-31T10:35:10","modified_gmt":"2018-05-31T13:35:10","slug":"dia-mundial-sem-tabaco-cigarro-mata-3-milhoes-por-doenca-cardiovascular-a-cada-ano-diz-oms","status":"publish","type":"post","link":"https:\/\/www.simepe.com.br\/novo\/dia-mundial-sem-tabaco-cigarro-mata-3-milhoes-por-doenca-cardiovascular-a-cada-ano-diz-oms\/","title":{"rendered":"Dia Mundial Sem Tabaco: Cigarro mata 3 milh\u00f5es por doen\u00e7a cardiovascular a cada ano, diz OMS"},"content":{"rendered":"<p style=\"text-align: justify;\">OMS faz alerta mundial para associa\u00e7\u00e3o entre tabaco e condi\u00e7\u00f5es como infarto e AVC. Evid\u00eancias apontam para desconhecimento entre rela\u00e7\u00e3o, aponta entidade em relat\u00f3rio.<\/p>\n<p style=\"text-align: justify;\">O tabaco mata 3 milh\u00f5es de pessoas todos os anos s\u00f3 por doen\u00e7a cardiovascular, alerta a Organiza\u00e7\u00e3o Mundial de Sa\u00fade em relat\u00f3rio divulgado nesta quarta-feira (30), v\u00e9spera do Dia Mundial Sem Tabaco. As doen\u00e7as cardiovasculares incluem uma s\u00e9rie de condi\u00e7\u00f5es associadas \u00e0 circula\u00e7\u00e3o do sangue e n\u00e3o s\u00f3 aquelas que afetam diretamente o cora\u00e7\u00e3o &#8211; eventos como o Acidente Vascular Cerebral (o derrame) est\u00e3o nesse grupo.<\/p>\n<p style=\"text-align: justify;\">&#8220;Neste Dia Mundial Sem Tabaco, a OMS est\u00e1 chamando a aten\u00e7\u00e3o para o fato de que o tabaco n\u00e3o causa apenas c\u00e2ncer, mas literalmente quebra cora\u00e7\u00f5es.&#8221; &#8211; Tedros Adhanom Ghebreyesus, diretor-geral da OMS<\/p>\n<p style=\"text-align: justify;\">\nA OMS lembra tamb\u00e9m que o uso do tabaco diminuiu significativamente desde os anos 2000, principalmente ap\u00f3s a ado\u00e7\u00e3o de leis antifumo (no Brasil, a lei foi aprovada em 2011): 27% da popula\u00e7\u00e3o mundial fumava em 2000, n\u00famero que caiu para 20% 2016.<\/p>\n<p style=\"text-align: justify;\">Essa queda deve ser analisada com cuidado, diz a entidade, porque h\u00e1 v\u00e1rios fatores a serem considerados quando se sai do panorama global: um deles \u00e9 que o n\u00famero de fumantes cresce em pa\u00edses de baixa renda.<\/p>\n<p style=\"text-align: justify;\">Outro ponto \u00e9 que o n\u00famero de tabagistas permanece igual, apesar das menores taxas de preval\u00eancia: eram 1,1 bilh\u00e3o de fumantes em 2000, quantidade que se mant\u00e9m nos dias atuais. A OMS explica esse dado pelo crescimento populacional.<\/p>\n<p style=\"text-align: justify;\"><img src=\"https:\/\/s2.glbimg.com\/ClOF0Zyrnfz3r8vXE6Tjd5e2un8=\/0x0:1280x810\/984x0\/smart\/filters:strip_icc()\/i.s3.glbimg.com\/v1\/AUTH_59edd422c0c84a879bd37670ae4f538a\/internal_photos\/bs\/2018\/1\/o\/AWEFQUSlKnGw2ylBk88Q\/cigarette-110849-1280.jpg\" alt=\"OMS tem meta de redu\u00c3\u00a7\u00c3\u00a3o de 30% do uso de tabaco at\u00c3\u00a9 2030 (Foto: RealWorkHard\/Pixabay\/CC0 Creative Commons)\" \/><\/p>\n<p style=\"text-align: justify;\">Relat\u00f3rio da OMS tamb\u00e9m aponta que o tabaco contribui para muitas mortes &#8212; 7 milh\u00f5es anuais por variadas causas &#8212; sendo o principal fator de risco para doen\u00e7as cardiovasculares, os &#8220;assassinos do mundo&#8221;, como comentou o diretor-geral da OMS:<\/p>\n<p style=\"text-align: justify;\">&#8220;A maioria das pessoas sabe que o uso do tabaco causa c\u00e2ncer e doen\u00e7as pulmonares, mas muitos ainda n\u00e3o sabem que o tabaco tamb\u00e9m provoca doen\u00e7as card\u00edacas e derrames &#8211; os principais assassinos do mundo&#8221; &#8212; Tedros Adhanom Ghebreyesus.<\/p>\n<p style=\"text-align: justify;\">\nO alerta da OMS destaca que as evid\u00eancias apontam para uma s\u00e9ria falta de conhecimento dos m\u00faltiplos riscos \u00e0 sa\u00fade associados ao tabaco &#8212; a maioria das pessoas lembra apenas o c\u00e2ncer de pulm\u00e3o.<\/p>\n<p style=\"text-align: justify;\">Na China, mais de 60% da popula\u00e7\u00e3o n\u00e3o sabe que fumar pode causar infartos, de acordo com a Global Adult Tobacco Survey. Na \u00cdndia e na Indon\u00e9sia, mais da metade dos adultos n\u00e3o sabe que fumar pode causar AVC.<\/p>\n<p style=\"text-align: justify;\"><strong>Metas de redu\u00e7\u00e3o<\/strong><\/p>\n<p style=\"text-align: justify;\">\nPa\u00edses-membros da OMS t\u00eam o compromisso de redu\u00e7\u00e3o de 30% do consumo de tabaco at\u00e9 2025 em pessoas com 15 anos ou mais. A entidade diz, contudo, que apenas um em cada oito membros atingir\u00e1 a meta de redu\u00e7\u00e3o de 30% at\u00e9 2025.<\/p>\n<p style=\"text-align: justify;\">A entidade faz um alerta, com bases nos dados globais de redu\u00e7\u00e3o. &#8220;Se a tend\u00eancia continuar na trajet\u00f3ria atual, o mundo s\u00f3 alcan\u00e7ar\u00e1 uma redu\u00e7\u00e3o de 22% at\u00e9 2025&#8221;, diz o relat\u00f3rio.<\/p>\n<p style=\"text-align: justify;\"><strong>Crian\u00e7as fumantes e g\u00eanero<\/strong><\/p>\n<p style=\"text-align: justify;\">\nEm todo o mundo, 24 milh\u00f5es de crian\u00e7as entre 13 e 15 anos fumam cigarros (17 milh\u00f5es de meninos e 7 milh\u00f5es de meninas), diz a OMS.<\/p>\n<p style=\"text-align: justify;\">Ainda, cerca de 4% das crian\u00e7as de 13 a 15 anos (13 milh\u00f5es) usam produtos de tabaco sem fuma\u00e7a (como o cigarro eletr\u00f4nico e narguil\u00e9).<\/p>\n<p style=\"text-align: justify;\">A OMS tamb\u00e9m mostra uma queda entre o uso do cigarro entre todos os g\u00eaneros. Em 2000, 43% dos homens fumavam tabaco; contra 34% em 2015, diz a OMS.<\/p>\n<p style=\"text-align: justify;\">Em rela\u00e7\u00e3o \u00e0s mulheres, 11% fumavam em 2000, comparado a 6% em 2015.<\/p>\n<p style=\"text-align: justify;\">\n<p style=\"text-align: justify;\">Fonte: G1<\/p>\n","protected":false},"excerpt":{"rendered":"<p>OMS faz alerta mundial para associa\u00e7\u00e3o entre tabaco e condi\u00e7\u00f5es como infarto e AVC. Evid\u00eancias apontam para desconhecimento entre rela\u00e7\u00e3o, aponta entidade em relat\u00f3rio. O tabaco mata 3 milh\u00f5es de pessoas todos os anos s\u00f3 por doen\u00e7a cardiovascular, alerta a Organiza\u00e7\u00e3o Mundial de Sa\u00fade em relat\u00f3rio divulgado nesta quarta-feira (30), v\u00e9spera do Dia Mundial Sem [&hellip;]<\/p>\n","protected":false},"author":1,"featured_media":46571,"comment_status":"open","ping_status":"open","sticky":false,"template":"","format":"standard","meta":{"ocean_post_layout":"","ocean_both_sidebars_style":"","ocean_both_sidebars_content_width":0,"ocean_both_sidebars_sidebars_width":0,"ocean_sidebar":"","ocean_second_sidebar":"","ocean_disable_margins":"enable","ocean_add_body_class":"","ocean_shortcode_before_top_bar":"","ocean_shortcode_after_top_bar":"","ocean_shortcode_before_header":"","ocean_shortcode_after_header":"","ocean_has_shortcode":"","ocean_shortcode_after_title":"","ocean_shortcode_before_footer_widgets":"","ocean_shortcode_after_footer_widgets":"","ocean_shortcode_before_footer_bottom":"","ocean_shortcode_after_footer_bottom":"","ocean_display_top_bar":"default","ocean_display_header":"default","ocean_header_style":"","ocean_center_header_left_menu":"","ocean_custom_header_template":"","ocean_custom_logo":0,"ocean_custom_retina_logo":0,"ocean_custom_logo_max_width":0,"ocean_custom_logo_tablet_max_width":0,"ocean_custom_logo_mobile_max_width":0,"ocean_custom_logo_max_height":0,"ocean_custom_logo_tablet_max_height":0,"ocean_custom_logo_mobile_max_height":0,"ocean_header_custom_menu":"","ocean_menu_typo_font_family":"","ocean_menu_typo_font_subset":"","ocean_menu_typo_font_size":0,"ocean_menu_typo_font_size_tablet":0,"ocean_menu_typo_font_size_mobile":0,"ocean_menu_typo_font_size_unit":"px","ocean_menu_typo_font_weight":"","ocean_menu_typo_font_weight_tablet":"","ocean_menu_typo_font_weight_mobile":"","ocean_menu_typo_transform":"","ocean_menu_typo_transform_tablet":"","ocean_menu_typo_transform_mobile":"","ocean_menu_typo_line_height":0,"ocean_menu_typo_line_height_tablet":0,"ocean_menu_typo_line_height_mobile":0,"ocean_menu_typo_line_height_unit":"","ocean_menu_typo_spacing":0,"ocean_menu_typo_spacing_tablet":0,"ocean_menu_typo_spacing_mobile":0,"ocean_menu_typo_spacing_unit":"","ocean_menu_link_color":"","ocean_menu_link_color_hover":"","ocean_menu_link_color_active":"","ocean_menu_link_background":"","ocean_menu_link_hover_background":"","ocean_menu_link_active_background":"","ocean_menu_social_links_bg":"","ocean_menu_social_hover_links_bg":"","ocean_menu_social_links_color":"","ocean_menu_social_hover_links_color":"","ocean_disable_title":"default","ocean_disable_heading":"default","ocean_post_title":"","ocean_post_subheading":"","ocean_post_title_style":"","ocean_post_title_background_color":"","ocean_post_title_background":0,"ocean_post_title_bg_image_position":"","ocean_post_title_bg_image_attachment":"","ocean_post_title_bg_image_repeat":"","ocean_post_title_bg_image_size":"","ocean_post_title_height":0,"ocean_post_title_bg_overlay":0.5,"ocean_post_title_bg_overlay_color":"","ocean_disable_breadcrumbs":"default","ocean_breadcrumbs_color":"","ocean_breadcrumbs_separator_color":"","ocean_breadcrumbs_links_color":"","ocean_breadcrumbs_links_hover_color":"","ocean_display_footer_widgets":"default","ocean_display_footer_bottom":"default","ocean_custom_footer_template":"","ocean_post_oembed":"","ocean_post_self_hosted_media":"","ocean_post_video_embed":"","ocean_link_format":"","ocean_link_format_target":"self","ocean_quote_format":"","ocean_quote_format_link":"post","ocean_gallery_link_images":"on","ocean_gallery_id":[]},"categories":[1],"tags":[2887,2888,82],"acf":[],"_links":{"self":[{"href":"https:\/\/www.simepe.com.br\/novo\/wp-json\/wp\/v2\/posts\/46570"}],"collection":[{"href":"https:\/\/www.simepe.com.br\/novo\/wp-json\/wp\/v2\/posts"}],"about":[{"href":"https:\/\/www.simepe.com.br\/novo\/wp-json\/wp\/v2\/types\/post"}],"author":[{"embeddable":true,"href":"https:\/\/www.simepe.com.br\/novo\/wp-json\/wp\/v2\/users\/1"}],"replies":[{"embeddable":true,"href":"https:\/\/www.simepe.com.br\/novo\/wp-json\/wp\/v2\/comments?post=46570"}],"version-history":[{"count":1,"href":"https:\/\/www.simepe.com.br\/novo\/wp-json\/wp\/v2\/posts\/46570\/revisions"}],"predecessor-version":[{"id":46572,"href":"https:\/\/www.simepe.com.br\/novo\/wp-json\/wp\/v2\/posts\/46570\/revisions\/46572"}],"wp:featuredmedia":[{"embeddable":true,"href":"https:\/\/www.simepe.com.br\/novo\/wp-json\/wp\/v2\/media\/46571"}],"wp:attachment":[{"href":"https:\/\/www.simepe.com.br\/novo\/wp-json\/wp\/v2\/media?parent=46570"}],"wp:term":[{"taxonomy":"category","embeddable":true,"href":"https:\/\/www.simepe.com.br\/novo\/wp-json\/wp\/v2\/categories?post=46570"},{"taxonomy":"post_tag","embeddable":true,"href":"https:\/\/www.simepe.com.br\/novo\/wp-json\/wp\/v2\/tags?post=46570"}],"curies":[{"name":"wp","href":"https:\/\/api.w.org\/{rel}","templated":true}]}}