{"id":47135,"date":"2018-07-06T14:11:02","date_gmt":"2018-07-06T17:11:02","guid":{"rendered":"http:\/\/www.simepe.com.br\/novo\/?p=47135"},"modified":"2018-07-24T10:24:56","modified_gmt":"2018-07-24T13:24:56","slug":"medicos-do-recife-intensificam-e-fortalecem-mobilizacao-por-melhorias-urgentes","status":"publish","type":"post","link":"https:\/\/www.simepe.com.br\/novo\/medicos-do-recife-intensificam-e-fortalecem-mobilizacao-por-melhorias-urgentes\/","title":{"rendered":"M\u00e9dicos do Recife intensificam e fortalecem mobiliza\u00e7\u00e3o por melhorias urgentes"},"content":{"rendered":"<p style=\"text-align: justify;\">Certos de que a situa\u00e7\u00e3o n\u00e3o pode mais continuar no caos em que se encontra, os m\u00e9dicos que atendem \u00e0s urg\u00eancias\/emerg\u00eancias, maternidades e rede de sa\u00fade mental do Recife voltaram a se reunir em importante qu\u00f3rum nesta quinta-feira (04\/07). A categoria esteve em Assembleia Geral Extraordin\u00e1ria (AGE), comandada pelo presidente do Simepe, Tadeu Calheiros, e pela vice, Claudia Beatriz, a Associa\u00e7\u00e3o M\u00e9dica de Pernambuco (AMPE) para discutir as respostas dadas pela Prefeitura do Recife (PCR) ao pleito reivindicado e deliberar os pr\u00f3ximos rumos do movimento.<\/p>\n<p style=\"text-align: justify;\">Durante o encontro, que mostrou muito mais intensidade e for\u00e7a no debate das quest\u00f5es propostas, ficou evidente o descontentamento de toda uma categoria com a falta de condi\u00e7\u00f5es de trabalho, infraestrutura das unidades e de ambul\u00e2ncias, al\u00e9m do abastecimento insuficiente de medica\u00e7\u00f5es importantes \u2013 principalmente no setor de sa\u00fade mental. Como se n\u00e3o bastassem esses problemas, outras defici\u00eancias da rede foram expostas, como a falta at\u00e9 de macas para acomoda\u00e7\u00e3o e remo\u00e7\u00e3o de pacientes, al\u00e9m de dificuldades com a classifica\u00e7\u00e3o de risco nos postos de urg\u00eancia \/ emerg\u00eancia, que n\u00e3o disp\u00f5em ainda do servi\u00e7o em tempo integral, mesmo a complexo hospitalar funcionando 24h.<\/p>\n<p style=\"text-align: justify;\">Ao final da AGE, os m\u00e9dicos deliberaram por seguir com um movimento cada vez mais intenso. Al\u00e9m disso, uma comiss\u00e3o j\u00e1 est\u00e1 sendo montada com representante destes setores de atendimento para participar da pr\u00f3xima reuni\u00e3o com a prefeitura do Recife, programada para o dia 23 de julho, \u00e0s 16h. Na oportunidade, eles v\u00e3o dar detalhes de como anda o dia a dia cr\u00edtico nas emerg\u00eancias, maternidades e centros de sa\u00fade mental da capital pernambucana.<\/p>\n<p style=\"text-align: justify;\">\u201c\u00c9 preciso ser justo e reconhecer que a Secretaria municipal de sa\u00fade retomou o di\u00e1logo acerca de nossa pauta e \u00e9 isso que estamos fazendo. O movimento est\u00e1 numa crescente e j\u00e1 de conhecimento de todos que a insatisfa\u00e7\u00e3o \u00e9 enorme e s\u00f3 cessar\u00e1 com as devidas medidas para ajustar o caos. Por isso, vamos voltar a nos reunir com a PCR, desta vez com a presen\u00e7a de representantes da ponta \u2013 que poder\u00e3o dar um completo panorama da crise em que os profissionais de sa\u00fade dessas \u00e1reas est\u00e3o sendo obrigados a conviver. Estamos confiantes, com o apoio da classe, em conseguir uma evolu\u00e7\u00e3o das tratativas por melhorias\u201d, projeta o presidente do Simepe, Tadeu Calheiros.<\/p>\n<p style=\"text-align: justify;\">Ao final do encontro, ficou deliberado tamb\u00e9m que Simepe continuar\u00e1 ratificando firmemente o posicionamento de sua base por melhorias, tanto nas m\u00eddias como nas a\u00e7\u00f5es nas unidades. Al\u00e9m disso, uma nova AGE ser\u00e1 realizada no dia 25 de julho. O pr\u00f3ximo encontro ocorrer\u00e1 novamente na AMPE, a partir 19h.<\/p>\n","protected":false},"excerpt":{"rendered":"<p>Certos de que a situa\u00e7\u00e3o n\u00e3o pode mais continuar no caos em que se encontra, os m\u00e9dicos que atendem \u00e0s urg\u00eancias\/emerg\u00eancias, maternidades e rede de sa\u00fade mental do Recife voltaram a se reunir em importante qu\u00f3rum nesta quinta-feira (04\/07). A categoria esteve em Assembleia Geral Extraordin\u00e1ria (AGE), comandada pelo presidente do Simepe, Tadeu Calheiros, e [&hellip;]<\/p>\n","protected":false},"author":1,"featured_media":47136,"comment_status":"open","ping_status":"open","sticky":false,"template":"","format":"standard","meta":{"ocean_post_layout":"","ocean_both_sidebars_style":"","ocean_both_sidebars_content_width":0,"ocean_both_sidebars_sidebars_width":0,"ocean_sidebar":"","ocean_second_sidebar":"","ocean_disable_margins":"enable","ocean_add_body_class":"","ocean_shortcode_before_top_bar":"","ocean_shortcode_after_top_bar":"","ocean_shortcode_before_header":"","ocean_shortcode_after_header":"","ocean_has_shortcode":"","ocean_shortcode_after_title":"","ocean_shortcode_before_footer_widgets":"","ocean_shortcode_after_footer_widgets":"","ocean_shortcode_before_footer_bottom":"","ocean_shortcode_after_footer_bottom":"","ocean_display_top_bar":"default","ocean_display_header":"default","ocean_header_style":"","ocean_center_header_left_menu":"","ocean_custom_header_template":"","ocean_custom_logo":0,"ocean_custom_retina_logo":0,"ocean_custom_logo_max_width":0,"ocean_custom_logo_tablet_max_width":0,"ocean_custom_logo_mobile_max_width":0,"ocean_custom_logo_max_height":0,"ocean_custom_logo_tablet_max_height":0,"ocean_custom_logo_mobile_max_height":0,"ocean_header_custom_menu":"","ocean_menu_typo_font_family":"","ocean_menu_typo_font_subset":"","ocean_menu_typo_font_size":0,"ocean_menu_typo_font_size_tablet":0,"ocean_menu_typo_font_size_mobile":0,"ocean_menu_typo_font_size_unit":"px","ocean_menu_typo_font_weight":"","ocean_menu_typo_font_weight_tablet":"","ocean_menu_typo_font_weight_mobile":"","ocean_menu_typo_transform":"","ocean_menu_typo_transform_tablet":"","ocean_menu_typo_transform_mobile":"","ocean_menu_typo_line_height":0,"ocean_menu_typo_line_height_tablet":0,"ocean_menu_typo_line_height_mobile":0,"ocean_menu_typo_line_height_unit":"","ocean_menu_typo_spacing":0,"ocean_menu_typo_spacing_tablet":0,"ocean_menu_typo_spacing_mobile":0,"ocean_menu_typo_spacing_unit":"","ocean_menu_link_color":"","ocean_menu_link_color_hover":"","ocean_menu_link_color_active":"","ocean_menu_link_background":"","ocean_menu_link_hover_background":"","ocean_menu_link_active_background":"","ocean_menu_social_links_bg":"","ocean_menu_social_hover_links_bg":"","ocean_menu_social_links_color":"","ocean_menu_social_hover_links_color":"","ocean_disable_title":"default","ocean_disable_heading":"default","ocean_post_title":"","ocean_post_subheading":"","ocean_post_title_style":"","ocean_post_title_background_color":"","ocean_post_title_background":0,"ocean_post_title_bg_image_position":"","ocean_post_title_bg_image_attachment":"","ocean_post_title_bg_image_repeat":"","ocean_post_title_bg_image_size":"","ocean_post_title_height":0,"ocean_post_title_bg_overlay":0.5,"ocean_post_title_bg_overlay_color":"","ocean_disable_breadcrumbs":"default","ocean_breadcrumbs_color":"","ocean_breadcrumbs_separator_color":"","ocean_breadcrumbs_links_color":"","ocean_breadcrumbs_links_hover_color":"","ocean_display_footer_widgets":"default","ocean_display_footer_bottom":"default","ocean_custom_footer_template":"","ocean_post_oembed":"","ocean_post_self_hosted_media":"","ocean_post_video_embed":"","ocean_link_format":"","ocean_link_format_target":"self","ocean_quote_format":"","ocean_quote_format_link":"post","ocean_gallery_link_images":"on","ocean_gallery_id":[]},"categories":[1],"tags":[70,1922,62,4],"acf":[],"_links":{"self":[{"href":"https:\/\/www.simepe.com.br\/novo\/wp-json\/wp\/v2\/posts\/47135"}],"collection":[{"href":"https:\/\/www.simepe.com.br\/novo\/wp-json\/wp\/v2\/posts"}],"about":[{"href":"https:\/\/www.simepe.com.br\/novo\/wp-json\/wp\/v2\/types\/post"}],"author":[{"embeddable":true,"href":"https:\/\/www.simepe.com.br\/novo\/wp-json\/wp\/v2\/users\/1"}],"replies":[{"embeddable":true,"href":"https:\/\/www.simepe.com.br\/novo\/wp-json\/wp\/v2\/comments?post=47135"}],"version-history":[{"count":1,"href":"https:\/\/www.simepe.com.br\/novo\/wp-json\/wp\/v2\/posts\/47135\/revisions"}],"predecessor-version":[{"id":47137,"href":"https:\/\/www.simepe.com.br\/novo\/wp-json\/wp\/v2\/posts\/47135\/revisions\/47137"}],"wp:featuredmedia":[{"embeddable":true,"href":"https:\/\/www.simepe.com.br\/novo\/wp-json\/wp\/v2\/media\/47136"}],"wp:attachment":[{"href":"https:\/\/www.simepe.com.br\/novo\/wp-json\/wp\/v2\/media?parent=47135"}],"wp:term":[{"taxonomy":"category","embeddable":true,"href":"https:\/\/www.simepe.com.br\/novo\/wp-json\/wp\/v2\/categories?post=47135"},{"taxonomy":"post_tag","embeddable":true,"href":"https:\/\/www.simepe.com.br\/novo\/wp-json\/wp\/v2\/tags?post=47135"}],"curies":[{"name":"wp","href":"https:\/\/api.w.org\/{rel}","templated":true}]}}