{"id":47161,"date":"2018-07-13T09:49:55","date_gmt":"2018-07-13T12:49:55","guid":{"rendered":"http:\/\/www.simepe.com.br\/novo\/?p=47161"},"modified":"2018-07-13T09:49:55","modified_gmt":"2018-07-13T12:49:55","slug":"senado-aprova-criacao-de-politica-para-doencas-raras-no-sus","status":"publish","type":"post","link":"https:\/\/www.simepe.com.br\/novo\/senado-aprova-criacao-de-politica-para-doencas-raras-no-sus\/","title":{"rendered":"Senado aprova cria\u00e7\u00e3o de pol\u00edtica para doen\u00e7as raras no SUS"},"content":{"rendered":"<p style=\"text-align: justify;\">No texto aprovado pelo Senado, cada estado dever\u00e1 estruturar pelo menos um centro de refer\u00eancia<\/p>\n<p style=\"text-align: justify;\">O plen\u00e1rio do Senado aprovou nesta quarta-feira (11) o projeto que cria a Pol\u00edtica Nacional para Doen\u00e7as Raras no Sistema \u00danico de Sa\u00fade (SUS). Por ter sido alterado pelos senadores, a medida volta para aprecia\u00e7\u00e3o da C\u00e2mara dos Deputados, sua Casa de origem.<\/p>\n<p style=\"text-align: justify;\">O texto prev\u00ea o fornecimento de medicamentos pelo SUS de doen\u00e7as raras, negligenciadas ou sem alternativas terap\u00eauticas e reconhece o direito de acesso dos pacientes diagnosticados com essas doen\u00e7as aos cuidados adequados, o que inclui a entrega de \u201cmedicamentos \u00f3rf\u00e3os\u201d (aquele destinado ao diagn\u00f3stico, preven\u00e7\u00e3o e tratamento de doen\u00e7a rara).<\/p>\n<p style=\"text-align: justify;\">A pol\u00edtica deve ser implementada tanto na aten\u00e7\u00e3o b\u00e1sica \u00e0 sa\u00fade quanto na aten\u00e7\u00e3o especializada. O objetivo \u00e9 que os portadores de doen\u00e7as raras sejam identificados precocemente, no pr\u00e9-natal ou ainda rec\u00e9m-nascidos, e que recebam o tratamento adequado desde a primeira inf\u00e2ncia. A pol\u00edtica prev\u00ea, ainda, o suporte \u00e0s fam\u00edlias dos pacientes.<\/p>\n<p style=\"text-align: justify;\">Pelo texto aprovado, cada estado dever\u00e1 estruturar pelo menos um centro de refer\u00eancia, que dever\u00e1, na medida do poss\u00edvel, aproveitar a estrutura j\u00e1 existente em universidades e hospitais universit\u00e1rios.<\/p>\n<p style=\"text-align: justify;\">O relator da proposta, senador Ronaldo Caiado (DEM-GO), afirmou que os medicamentos s\u00e3o um dos principais instrumentos para enfrentar as doen\u00e7as e, portanto, &#8220;\u00e9 fundamental para garantir o acesso a todos os produtos considerados necess\u00e1rios, mesmo \u00e0queles que n\u00e3o fazem parte das listas utilizadas nas unidades de sa\u00fade vinculadas ao SUS&#8221;.<\/p>\n<p style=\"text-align: justify;\">Pelo texto, tamb\u00e9m se estabelece a cria\u00e7\u00e3o de um mecanismo de avalia\u00e7\u00e3o de pre\u00e7os, para equilibrar o impacto financeiro incidente sobre o Minist\u00e9rio da Sa\u00fade.<\/p>\n<p style=\"text-align: justify;\">\n<strong>Doen\u00e7as raras<\/strong><\/p>\n<p style=\"text-align: justify;\">\nDados da Organiza\u00e7\u00e3o Mundial da Sa\u00fade apontam que as doen\u00e7as raras afetam at\u00e9 65 pessoas em cada grupo de 100 mil indiv\u00edduos, sendo 80% decorrentes de fatores gen\u00e9ticos. No Brasil, cerca de 13 milh\u00f5es de pessoas s\u00e3o acometidas por esse tipo de enfermidade.<\/p>\n<p style=\"text-align: justify;\">Segundo o Minist\u00e9rio da Sa\u00fade, desde 2014, o SUS incorporou 19 exames de diagn\u00f3stico e 11 medicamentos, al\u00e9m de organizar a rede de assist\u00eancia a doen\u00e7as raras no Brasil. O pa\u00eds conta, atualmente, com sete servi\u00e7os de refer\u00eancia no atendimento de doen\u00e7as raras.<\/p>\n<p style=\"text-align: justify;\">\n<p style=\"text-align: justify;\">Fonte: Folha de Pernambuco<\/p>\n","protected":false},"excerpt":{"rendered":"<p>No texto aprovado pelo Senado, cada estado dever\u00e1 estruturar pelo menos um centro de refer\u00eancia O plen\u00e1rio do Senado aprovou nesta quarta-feira (11) o projeto que cria a Pol\u00edtica Nacional para Doen\u00e7as Raras no Sistema \u00danico de Sa\u00fade (SUS). Por ter sido alterado pelos senadores, a medida volta para aprecia\u00e7\u00e3o da C\u00e2mara dos Deputados, sua [&hellip;]<\/p>\n","protected":false},"author":1,"featured_media":0,"comment_status":"open","ping_status":"open","sticky":false,"template":"","format":"standard","meta":{"ocean_post_layout":"","ocean_both_sidebars_style":"","ocean_both_sidebars_content_width":0,"ocean_both_sidebars_sidebars_width":0,"ocean_sidebar":"","ocean_second_sidebar":"","ocean_disable_margins":"enable","ocean_add_body_class":"","ocean_shortcode_before_top_bar":"","ocean_shortcode_after_top_bar":"","ocean_shortcode_before_header":"","ocean_shortcode_after_header":"","ocean_has_shortcode":"","ocean_shortcode_after_title":"","ocean_shortcode_before_footer_widgets":"","ocean_shortcode_after_footer_widgets":"","ocean_shortcode_before_footer_bottom":"","ocean_shortcode_after_footer_bottom":"","ocean_display_top_bar":"default","ocean_display_header":"default","ocean_header_style":"","ocean_center_header_left_menu":"","ocean_custom_header_template":"","ocean_custom_logo":0,"ocean_custom_retina_logo":0,"ocean_custom_logo_max_width":0,"ocean_custom_logo_tablet_max_width":0,"ocean_custom_logo_mobile_max_width":0,"ocean_custom_logo_max_height":0,"ocean_custom_logo_tablet_max_height":0,"ocean_custom_logo_mobile_max_height":0,"ocean_header_custom_menu":"","ocean_menu_typo_font_family":"","ocean_menu_typo_font_subset":"","ocean_menu_typo_font_size":0,"ocean_menu_typo_font_size_tablet":0,"ocean_menu_typo_font_size_mobile":0,"ocean_menu_typo_font_size_unit":"px","ocean_menu_typo_font_weight":"","ocean_menu_typo_font_weight_tablet":"","ocean_menu_typo_font_weight_mobile":"","ocean_menu_typo_transform":"","ocean_menu_typo_transform_tablet":"","ocean_menu_typo_transform_mobile":"","ocean_menu_typo_line_height":0,"ocean_menu_typo_line_height_tablet":0,"ocean_menu_typo_line_height_mobile":0,"ocean_menu_typo_line_height_unit":"","ocean_menu_typo_spacing":0,"ocean_menu_typo_spacing_tablet":0,"ocean_menu_typo_spacing_mobile":0,"ocean_menu_typo_spacing_unit":"","ocean_menu_link_color":"","ocean_menu_link_color_hover":"","ocean_menu_link_color_active":"","ocean_menu_link_background":"","ocean_menu_link_hover_background":"","ocean_menu_link_active_background":"","ocean_menu_social_links_bg":"","ocean_menu_social_hover_links_bg":"","ocean_menu_social_links_color":"","ocean_menu_social_hover_links_color":"","ocean_disable_title":"default","ocean_disable_heading":"default","ocean_post_title":"","ocean_post_subheading":"","ocean_post_title_style":"","ocean_post_title_background_color":"","ocean_post_title_background":0,"ocean_post_title_bg_image_position":"","ocean_post_title_bg_image_attachment":"","ocean_post_title_bg_image_repeat":"","ocean_post_title_bg_image_size":"","ocean_post_title_height":0,"ocean_post_title_bg_overlay":0.5,"ocean_post_title_bg_overlay_color":"","ocean_disable_breadcrumbs":"default","ocean_breadcrumbs_color":"","ocean_breadcrumbs_separator_color":"","ocean_breadcrumbs_links_color":"","ocean_breadcrumbs_links_hover_color":"","ocean_display_footer_widgets":"default","ocean_display_footer_bottom":"default","ocean_custom_footer_template":"","ocean_post_oembed":"","ocean_post_self_hosted_media":"","ocean_post_video_embed":"","ocean_link_format":"","ocean_link_format_target":"self","ocean_quote_format":"","ocean_quote_format_link":"post","ocean_gallery_link_images":"on","ocean_gallery_id":[]},"categories":[9],"tags":[417,82,34],"acf":[],"_links":{"self":[{"href":"https:\/\/www.simepe.com.br\/novo\/wp-json\/wp\/v2\/posts\/47161"}],"collection":[{"href":"https:\/\/www.simepe.com.br\/novo\/wp-json\/wp\/v2\/posts"}],"about":[{"href":"https:\/\/www.simepe.com.br\/novo\/wp-json\/wp\/v2\/types\/post"}],"author":[{"embeddable":true,"href":"https:\/\/www.simepe.com.br\/novo\/wp-json\/wp\/v2\/users\/1"}],"replies":[{"embeddable":true,"href":"https:\/\/www.simepe.com.br\/novo\/wp-json\/wp\/v2\/comments?post=47161"}],"version-history":[{"count":1,"href":"https:\/\/www.simepe.com.br\/novo\/wp-json\/wp\/v2\/posts\/47161\/revisions"}],"predecessor-version":[{"id":47162,"href":"https:\/\/www.simepe.com.br\/novo\/wp-json\/wp\/v2\/posts\/47161\/revisions\/47162"}],"wp:attachment":[{"href":"https:\/\/www.simepe.com.br\/novo\/wp-json\/wp\/v2\/media?parent=47161"}],"wp:term":[{"taxonomy":"category","embeddable":true,"href":"https:\/\/www.simepe.com.br\/novo\/wp-json\/wp\/v2\/categories?post=47161"},{"taxonomy":"post_tag","embeddable":true,"href":"https:\/\/www.simepe.com.br\/novo\/wp-json\/wp\/v2\/tags?post=47161"}],"curies":[{"name":"wp","href":"https:\/\/api.w.org\/{rel}","templated":true}]}}