{"id":47163,"date":"2018-07-13T09:58:15","date_gmt":"2018-07-13T12:58:15","guid":{"rendered":"http:\/\/www.simepe.com.br\/novo\/?p=47163"},"modified":"2018-07-13T09:58:15","modified_gmt":"2018-07-13T12:58:15","slug":"em-oito-anos-brasil-perde-342-mil-leitos-de-internacao-no-sus","status":"publish","type":"post","link":"https:\/\/www.simepe.com.br\/novo\/em-oito-anos-brasil-perde-342-mil-leitos-de-internacao-no-sus\/","title":{"rendered":"Em oito anos, Brasil perde 34,2 mil leitos de interna\u00e7\u00e3o no SUS"},"content":{"rendered":"<p style=\"text-align: justify;\">Nova an\u00e1lise do Conselho Federal de Medicina aponta queda acentuada de leitos do SUS, sobretudo nos \u00faltimos dois anos. Pediatria, psiquiatria e obstetr\u00edcia seguem como \u00e1reas mais comprometidas<\/p>\n<p style=\"text-align: justify;\">A cada dia, cerca de 12 leitos de interna\u00e7\u00e3o \u2013 aqueles destinados a quem precisa permanecer num hospital por mais de 24 horas \u2013 deixam de atender pacientes pelo Sistema \u00danico de Sa\u00fade (SUS) em todo o Brasil. S\u00f3 nos \u00faltimos dois anos, mais de oito mil unidades desta natureza foram desativadas, segundo informa\u00e7\u00f5es apuradas pelo Conselho Federal de Medicina (CFM) junto ao Cadastro Nacional de Estabelecimentos de Sa\u00fade (CNES), do Minist\u00e9rio da Sa\u00fade.<\/p>\n<p style=\"text-align: justify;\">&#8220;Essa conta \u00e9 a senha para distor\u00e7\u00f5es. Enquanto os gestores seguem fechando leitos em todo o Pa\u00eds, milhares de brasileiros aguardam na fila do SUS para realizar uma cirurgia eletiva, conforme demonstrou estudo divulgado pelo no fim do ano passado&#8221;, criticou o presidente do CFM, Carlos Vital. Segundo ele, as informa\u00e7\u00f5es, que revelam o impacto do mau uso das verbas dispon\u00edveis e da m\u00e1 gest\u00e3o administrativa do Sistema, ser\u00e3o encaminhadas para ci\u00eancia e provid\u00eancias ao Congresso Nacional, Minist\u00e9rio P\u00fablico Federal (MPU) e Tribunal de Contas da Uni\u00e3o (TCU).<\/p>\n<p style=\"text-align: justify;\">De acordo com os dados do CFM, nos \u00faltimos oito anos, mais de 34,2 mil leitos de interna\u00e7\u00e3o foram fechados na rede p\u00fablica de sa\u00fade. Em maio de 2010, o Pa\u00eds dispunha de 336 mil deles para uso exclusivo do SUS. Em maio de 2018, o n\u00famero baixou para 301 mil. Dentre as especialidades mais afetadas no per\u00edodo, em n\u00edvel nacional, est\u00e3o psiquiatria, pediatria cir\u00fargica, obstetr\u00edcia e cirurgia geral. J\u00e1 os leitos destinados \u00e0 ortopedia e traumatologia foram os \u00fanicos que tiveram aumento superior a mil leitos.<\/p>\n<p style=\"text-align: justify;\">Entre as regi\u00f5es, a queda acentuada se destaca no Sudeste, onde quase 21,5 mil leitos foram desativados. O volume representa uma redu\u00e7\u00e3o percentual de 16% em rela\u00e7\u00e3o \u00e0 quantidade existente na regi\u00e3o em 2010. Centro-Oeste e Nordeste perderam cerca de 10% dos seus leitos durante o per\u00edodo apurado, com saldo negativo de 2.419 e 8.469, respectivamente. O Sul \u00e9 a regi\u00e3o que perdeu menos, em n\u00fameros absolutos (-2.090) e em propor\u00e7\u00e3o (-4%). J\u00e1 o Norte apresentou saldo positivo, com 1% ou 184 leitos a mais.<\/p>\n<p style=\"text-align: justify;\">O 1\u00ba secret\u00e1rio do CFM, Hermann von Tiesenhausen, acredita que o quadro delineado revela a face negligenciada do SUS, que, sem a ado\u00e7\u00e3o de medidas efetivas, continuar\u00e1 provocando atrasos em diagn\u00f3sticos e em in\u00edcios de tratamentos. &#8220;Neste ano em que o SUS \u2013 patrim\u00f4nio nacional \u2013 completa 30 anos, \u00e9 preciso encontrar solu\u00e7\u00f5es eficazes que permitam a consecu\u00e7\u00e3o de plena assist\u00eancia, com respeito aos direitos humanos e qualidade&#8221;, acrescentou.<\/p>\n<p style=\"text-align: justify;\">\n<p style=\"text-align: justify;\">Fonte: Assessoria de Comunica\u00e7\u00e3o do Conselho Federal de Medicina (CFM)<\/p>\n","protected":false},"excerpt":{"rendered":"<p>Nova an\u00e1lise do Conselho Federal de Medicina aponta queda acentuada de leitos do SUS, sobretudo nos \u00faltimos dois anos. Pediatria, psiquiatria e obstetr\u00edcia seguem como \u00e1reas mais comprometidas A cada dia, cerca de 12 leitos de interna\u00e7\u00e3o \u2013 aqueles destinados a quem precisa permanecer num hospital por mais de 24 horas \u2013 deixam de atender [&hellip;]<\/p>\n","protected":false},"author":1,"featured_media":0,"comment_status":"open","ping_status":"open","sticky":false,"template":"","format":"standard","meta":{"ocean_post_layout":"","ocean_both_sidebars_style":"","ocean_both_sidebars_content_width":0,"ocean_both_sidebars_sidebars_width":0,"ocean_sidebar":"","ocean_second_sidebar":"","ocean_disable_margins":"enable","ocean_add_body_class":"","ocean_shortcode_before_top_bar":"","ocean_shortcode_after_top_bar":"","ocean_shortcode_before_header":"","ocean_shortcode_after_header":"","ocean_has_shortcode":"","ocean_shortcode_after_title":"","ocean_shortcode_before_footer_widgets":"","ocean_shortcode_after_footer_widgets":"","ocean_shortcode_before_footer_bottom":"","ocean_shortcode_after_footer_bottom":"","ocean_display_top_bar":"default","ocean_display_header":"default","ocean_header_style":"","ocean_center_header_left_menu":"","ocean_custom_header_template":"","ocean_custom_logo":0,"ocean_custom_retina_logo":0,"ocean_custom_logo_max_width":0,"ocean_custom_logo_tablet_max_width":0,"ocean_custom_logo_mobile_max_width":0,"ocean_custom_logo_max_height":0,"ocean_custom_logo_tablet_max_height":0,"ocean_custom_logo_mobile_max_height":0,"ocean_header_custom_menu":"","ocean_menu_typo_font_family":"","ocean_menu_typo_font_subset":"","ocean_menu_typo_font_size":0,"ocean_menu_typo_font_size_tablet":0,"ocean_menu_typo_font_size_mobile":0,"ocean_menu_typo_font_size_unit":"px","ocean_menu_typo_font_weight":"","ocean_menu_typo_font_weight_tablet":"","ocean_menu_typo_font_weight_mobile":"","ocean_menu_typo_transform":"","ocean_menu_typo_transform_tablet":"","ocean_menu_typo_transform_mobile":"","ocean_menu_typo_line_height":0,"ocean_menu_typo_line_height_tablet":0,"ocean_menu_typo_line_height_mobile":0,"ocean_menu_typo_line_height_unit":"","ocean_menu_typo_spacing":0,"ocean_menu_typo_spacing_tablet":0,"ocean_menu_typo_spacing_mobile":0,"ocean_menu_typo_spacing_unit":"","ocean_menu_link_color":"","ocean_menu_link_color_hover":"","ocean_menu_link_color_active":"","ocean_menu_link_background":"","ocean_menu_link_hover_background":"","ocean_menu_link_active_background":"","ocean_menu_social_links_bg":"","ocean_menu_social_hover_links_bg":"","ocean_menu_social_links_color":"","ocean_menu_social_hover_links_color":"","ocean_disable_title":"default","ocean_disable_heading":"default","ocean_post_title":"","ocean_post_subheading":"","ocean_post_title_style":"","ocean_post_title_background_color":"","ocean_post_title_background":0,"ocean_post_title_bg_image_position":"","ocean_post_title_bg_image_attachment":"","ocean_post_title_bg_image_repeat":"","ocean_post_title_bg_image_size":"","ocean_post_title_height":0,"ocean_post_title_bg_overlay":0.5,"ocean_post_title_bg_overlay_color":"","ocean_disable_breadcrumbs":"default","ocean_breadcrumbs_color":"","ocean_breadcrumbs_separator_color":"","ocean_breadcrumbs_links_color":"","ocean_breadcrumbs_links_hover_color":"","ocean_display_footer_widgets":"default","ocean_display_footer_bottom":"default","ocean_custom_footer_template":"","ocean_post_oembed":"","ocean_post_self_hosted_media":"","ocean_post_video_embed":"","ocean_link_format":"","ocean_link_format_target":"self","ocean_quote_format":"","ocean_quote_format_link":"post","ocean_gallery_link_images":"on","ocean_gallery_id":[]},"categories":[9],"tags":[221,863,34],"acf":[],"_links":{"self":[{"href":"https:\/\/www.simepe.com.br\/novo\/wp-json\/wp\/v2\/posts\/47163"}],"collection":[{"href":"https:\/\/www.simepe.com.br\/novo\/wp-json\/wp\/v2\/posts"}],"about":[{"href":"https:\/\/www.simepe.com.br\/novo\/wp-json\/wp\/v2\/types\/post"}],"author":[{"embeddable":true,"href":"https:\/\/www.simepe.com.br\/novo\/wp-json\/wp\/v2\/users\/1"}],"replies":[{"embeddable":true,"href":"https:\/\/www.simepe.com.br\/novo\/wp-json\/wp\/v2\/comments?post=47163"}],"version-history":[{"count":1,"href":"https:\/\/www.simepe.com.br\/novo\/wp-json\/wp\/v2\/posts\/47163\/revisions"}],"predecessor-version":[{"id":47164,"href":"https:\/\/www.simepe.com.br\/novo\/wp-json\/wp\/v2\/posts\/47163\/revisions\/47164"}],"wp:attachment":[{"href":"https:\/\/www.simepe.com.br\/novo\/wp-json\/wp\/v2\/media?parent=47163"}],"wp:term":[{"taxonomy":"category","embeddable":true,"href":"https:\/\/www.simepe.com.br\/novo\/wp-json\/wp\/v2\/categories?post=47163"},{"taxonomy":"post_tag","embeddable":true,"href":"https:\/\/www.simepe.com.br\/novo\/wp-json\/wp\/v2\/tags?post=47163"}],"curies":[{"name":"wp","href":"https:\/\/api.w.org\/{rel}","templated":true}]}}