{"id":47171,"date":"2018-07-13T10:17:56","date_gmt":"2018-07-13T13:17:56","guid":{"rendered":"http:\/\/www.simepe.com.br\/novo\/?p=47171"},"modified":"2018-07-13T10:17:56","modified_gmt":"2018-07-13T13:17:56","slug":"sopepe-celebra-o-dia-do-pediatra-com-evento-no-museu-do-estado","status":"publish","type":"post","link":"https:\/\/www.simepe.com.br\/novo\/sopepe-celebra-o-dia-do-pediatra-com-evento-no-museu-do-estado\/","title":{"rendered":"Sopepe celebra o Dia do Pediatra com evento no Museu do Estado"},"content":{"rendered":"<p style=\"text-align: justify;\">Sociedade de Pediatria de Pernambuco inova mais uma vez e realiza o Encontro com o Especialista com direito a palestra sobre nutri\u00e7\u00e3o infantil e visita guiada ao centro cultural<\/p>\n<p style=\"text-align: justify;\">Unir ci\u00eancia e cultura ser\u00e1 o foco do pr\u00f3ximo Encontro com Especialista, organizado pela Sociedade de Pediatria de Pernambuco (Sopepe). A conversa acontece no dia 21 de julho, no Museu do Estado de Pernambuco, como parte das comemora\u00e7\u00f5es em torno do Dia do Pediatra, festejado em 27 de julho. A a\u00e7\u00e3o \u00e9 mais um evento do calend\u00e1rio anual da entidade que busca sensibilizar a classe m\u00e9dica sobre o papel do lazer e da cultura no dia a dia.<\/p>\n<p style=\"text-align: justify;\">\u201cA escolha do espa\u00e7o foi baseada no empenho constante da Sopepe em realizar atividades cient\u00edficas em locais de relev\u00e2ncia para a valoriza\u00e7\u00e3o da nossa cultura\u201d, destaca o presidente da Sopepe, Eduardo Fonseca.<\/p>\n<p style=\"text-align: justify;\">A programa\u00e7\u00e3o come\u00e7ar\u00e1 \u00e0s 8h, com um caf\u00e9 da manh\u00e3 servido na parte externa do museu. Em seguida, os especialistas assistir\u00e3o a uma palestra com a gastropediatra K\u00e1tia Brandt, vice-presidente da Sopepe. Ela falar\u00e1 sobre a implanta\u00e7\u00e3o da microbiota, termo que se refere ao conjunto de micro-organismos que habitam o intestino.<\/p>\n<p style=\"text-align: justify;\">\u201cOs seres humanos precisam destes micro-organismos, pois eles desempenham v\u00e1rias fun\u00e7\u00f5es importantes para nossa sa\u00fade, mas n\u00e3o nascemos com eles. Somos colonizados nos primeiros anos de vida. Pretendo destacar os principais fatores que interferem nesta coloniza\u00e7\u00e3o, fazendo a composi\u00e7\u00e3o da microbiota mais ou menos ben\u00e9fica\u201d, explica a m\u00e9dica, refor\u00e7ando a import\u00e2ncia dos t\u00f3picos para a pr\u00e1tica pedi\u00e1trica.<\/p>\n<p style=\"text-align: justify;\">Na sequ\u00eancia, ser\u00e1 a vez da nutricionista Lenycia Neri abordar os probi\u00f3ticos, simbi\u00f3ticos e fitoester\u00f3is sob a \u00f3tica da ind\u00fastria farmoqu\u00edmica. Os probi\u00f3ticos, detalha K\u00e1tia Brandt, s\u00e3o suplementos farmac\u00eauticos, compostos por bact\u00e9rias vivas, com potenciais efeitos ben\u00e9ficos para os seres humanos.<\/p>\n<p style=\"text-align: justify;\">\u201cJ\u00e1 os simbi\u00f3ticos s\u00e3o suplementos constitu\u00eddos por probi\u00f3ticos associados a prebi\u00f3ticos. Os prebi\u00f3ticos s\u00e3o substratos utilizados pelas bact\u00e9rias ben\u00e9ficas em seu metabolismo, ou seja, s\u00e3o fonte alimentar para estas bact\u00e9rias\u201d. Por \u00faltimo, h\u00e1 os fitoester\u00f3is, grupo de ester\u00f3is naturalmente presentes nas plantas e que podem ser usados como aux\u00edlio no controle do colesterol.<\/p>\n<p style=\"text-align: justify;\">Ap\u00f3s o t\u00e9rmino das palestras, os participantes do evento ser\u00e3o conduzidos para uma visita guiada ao rico acervo do Museu do Estado. \u201cUma das preocupa\u00e7\u00f5es atuais da Sopepe \u00e9 justamente essa sensibiliza\u00e7\u00e3o para a cultura. A ideia \u00e9 retirar um pouco os pediatras do consult\u00f3rio, promovendo momentos de lazer com foco na cultura pernambucana\u201d, ressalta a primeira secret\u00e1ria da Sopepe, Ana Christina Galv\u00e3o.<\/p>\n<p style=\"text-align: justify;\">A inscri\u00e7\u00e3o dos associados interessados em participar do Encontro com Especialista ser\u00e1 gratuita, atrav\u00e9s do telefone: 3423.5063 ou pelo e-mail\u202fsecretaria@sopepe.com.br.<\/p>\n<p style=\"text-align: justify;\"><strong>SERVI\u00c7O:<\/strong><\/p>\n<p style=\"text-align: justify;\">Encontro com Especialista, dia 21 de julho (s\u00e1bado), \u00e0s 8h, no Museu do Estado de Pernambuco (Av. Rui Barbosa, 960, Gra\u00e7as). Inscri\u00e7\u00f5es: 3423.5063 e\u202fwww.sopepe.com.br.<\/p>\n<p style=\"text-align: justify;\">\n<p style=\"text-align: justify;\">Fonte: Assessoria de Comunica\u00e7\u00e3o da Sociedade de Pediatria de Pernambuco (Sopepe)<\/p>\n","protected":false},"excerpt":{"rendered":"<p>Sociedade de Pediatria de Pernambuco inova mais uma vez e realiza o Encontro com o Especialista com direito a palestra sobre nutri\u00e7\u00e3o infantil e visita guiada ao centro cultural Unir ci\u00eancia e cultura ser\u00e1 o foco do pr\u00f3ximo Encontro com Especialista, organizado pela Sociedade de Pediatria de Pernambuco (Sopepe). A conversa acontece no dia 21 [&hellip;]<\/p>\n","protected":false},"author":1,"featured_media":46081,"comment_status":"open","ping_status":"open","sticky":false,"template":"","format":"standard","meta":{"ocean_post_layout":"","ocean_both_sidebars_style":"","ocean_both_sidebars_content_width":0,"ocean_both_sidebars_sidebars_width":0,"ocean_sidebar":"","ocean_second_sidebar":"","ocean_disable_margins":"enable","ocean_add_body_class":"","ocean_shortcode_before_top_bar":"","ocean_shortcode_after_top_bar":"","ocean_shortcode_before_header":"","ocean_shortcode_after_header":"","ocean_has_shortcode":"","ocean_shortcode_after_title":"","ocean_shortcode_before_footer_widgets":"","ocean_shortcode_after_footer_widgets":"","ocean_shortcode_before_footer_bottom":"","ocean_shortcode_after_footer_bottom":"","ocean_display_top_bar":"default","ocean_display_header":"default","ocean_header_style":"","ocean_center_header_left_menu":"","ocean_custom_header_template":"","ocean_custom_logo":0,"ocean_custom_retina_logo":0,"ocean_custom_logo_max_width":0,"ocean_custom_logo_tablet_max_width":0,"ocean_custom_logo_mobile_max_width":0,"ocean_custom_logo_max_height":0,"ocean_custom_logo_tablet_max_height":0,"ocean_custom_logo_mobile_max_height":0,"ocean_header_custom_menu":"","ocean_menu_typo_font_family":"","ocean_menu_typo_font_subset":"","ocean_menu_typo_font_size":0,"ocean_menu_typo_font_size_tablet":0,"ocean_menu_typo_font_size_mobile":0,"ocean_menu_typo_font_size_unit":"px","ocean_menu_typo_font_weight":"","ocean_menu_typo_font_weight_tablet":"","ocean_menu_typo_font_weight_mobile":"","ocean_menu_typo_transform":"","ocean_menu_typo_transform_tablet":"","ocean_menu_typo_transform_mobile":"","ocean_menu_typo_line_height":0,"ocean_menu_typo_line_height_tablet":0,"ocean_menu_typo_line_height_mobile":0,"ocean_menu_typo_line_height_unit":"","ocean_menu_typo_spacing":0,"ocean_menu_typo_spacing_tablet":0,"ocean_menu_typo_spacing_mobile":0,"ocean_menu_typo_spacing_unit":"","ocean_menu_link_color":"","ocean_menu_link_color_hover":"","ocean_menu_link_color_active":"","ocean_menu_link_background":"","ocean_menu_link_hover_background":"","ocean_menu_link_active_background":"","ocean_menu_social_links_bg":"","ocean_menu_social_hover_links_bg":"","ocean_menu_social_links_color":"","ocean_menu_social_hover_links_color":"","ocean_disable_title":"default","ocean_disable_heading":"default","ocean_post_title":"","ocean_post_subheading":"","ocean_post_title_style":"","ocean_post_title_background_color":"","ocean_post_title_background":0,"ocean_post_title_bg_image_position":"","ocean_post_title_bg_image_attachment":"","ocean_post_title_bg_image_repeat":"","ocean_post_title_bg_image_size":"","ocean_post_title_height":0,"ocean_post_title_bg_overlay":0.5,"ocean_post_title_bg_overlay_color":"","ocean_disable_breadcrumbs":"default","ocean_breadcrumbs_color":"","ocean_breadcrumbs_separator_color":"","ocean_breadcrumbs_links_color":"","ocean_breadcrumbs_links_hover_color":"","ocean_display_footer_widgets":"default","ocean_display_footer_bottom":"default","ocean_custom_footer_template":"","ocean_post_oembed":"","ocean_post_self_hosted_media":"","ocean_post_video_embed":"","ocean_link_format":"","ocean_link_format_target":"self","ocean_quote_format":"","ocean_quote_format_link":"post","ocean_gallery_link_images":"on","ocean_gallery_id":[]},"categories":[9],"tags":[2389,1571,2684],"acf":[],"_links":{"self":[{"href":"https:\/\/www.simepe.com.br\/novo\/wp-json\/wp\/v2\/posts\/47171"}],"collection":[{"href":"https:\/\/www.simepe.com.br\/novo\/wp-json\/wp\/v2\/posts"}],"about":[{"href":"https:\/\/www.simepe.com.br\/novo\/wp-json\/wp\/v2\/types\/post"}],"author":[{"embeddable":true,"href":"https:\/\/www.simepe.com.br\/novo\/wp-json\/wp\/v2\/users\/1"}],"replies":[{"embeddable":true,"href":"https:\/\/www.simepe.com.br\/novo\/wp-json\/wp\/v2\/comments?post=47171"}],"version-history":[{"count":1,"href":"https:\/\/www.simepe.com.br\/novo\/wp-json\/wp\/v2\/posts\/47171\/revisions"}],"predecessor-version":[{"id":47173,"href":"https:\/\/www.simepe.com.br\/novo\/wp-json\/wp\/v2\/posts\/47171\/revisions\/47173"}],"wp:featuredmedia":[{"embeddable":true,"href":"https:\/\/www.simepe.com.br\/novo\/wp-json\/wp\/v2\/media\/46081"}],"wp:attachment":[{"href":"https:\/\/www.simepe.com.br\/novo\/wp-json\/wp\/v2\/media?parent=47171"}],"wp:term":[{"taxonomy":"category","embeddable":true,"href":"https:\/\/www.simepe.com.br\/novo\/wp-json\/wp\/v2\/categories?post=47171"},{"taxonomy":"post_tag","embeddable":true,"href":"https:\/\/www.simepe.com.br\/novo\/wp-json\/wp\/v2\/tags?post=47171"}],"curies":[{"name":"wp","href":"https:\/\/api.w.org\/{rel}","templated":true}]}}